{"id":41851,"date":"2020-09-20T11:14:27","date_gmt":"2020-09-20T09:14:27","guid":{"rendered":"http:\/\/miradordeatarfe.es\/?p=41851"},"modified":"2020-09-17T17:34:47","modified_gmt":"2020-09-17T15:34:47","slug":"reflexiones-en-tiempos-de-pandemia-por-francisco-l-rajoy-varela","status":"publish","type":"post","link":"https:\/\/miradordeatarfe.es\/?p=41851","title":{"rendered":"REFLEXIONES EN TIEMPOS DE PANDEMIA por Francisco L. Rajoy Varela"},"content":{"rendered":"<h3 align=\"JUSTIFY\">Era mediados de Marzo, de este a\u00f1o de desgracia. Por las esquinas del invierno, asomaba la primavera. Cuando se esperaba una avalancha de luz, color y calor por calles y plazas, se trunc\u00f3 la primavera y nos envolvi\u00f3 el virus de la pandemia. Todo se llen\u00f3 con la luz oscura de la soledad, del silencio y de la tristeza.<\/h3>\n<p align=\"JUSTIFY\">Al igual que nos ocurre con el fen\u00f3meno de la muerte, que creemos que es algo que ocurre a los dem\u00e1s, pero no a nosotros, hasta que la sentimos de cerca. Igual ha ocurrido con esta pandemia que, deber\u00eda significar un antes y un despu\u00e9s en nuestra forma de vida.<\/p>\n<p align=\"JUSTIFY\">Viv\u00edamos instalados en una falsa y d\u00e9bil torre de marfil mal llamada calidad de vida. Naveg\u00e1bamos en un barco hecho de falsos sue\u00f1os y fantas\u00edas, llamado internet, atravesando el oc\u00e9ano de la imbecilidad y la mentira. Cre\u00edamos que est\u00e1bamos por encima del bien y del mal, que hab\u00edamos llegado a las m\u00e1s altas cimas de la sabidur\u00eda y la felicidad. Y de repente, este virus nos ha dado un ba\u00f1o de realidad y humildad. Seis meses despu\u00e9s, nos miramos estupefactos y pensamos que esto no es m\u00e1s que un mal sue\u00f1o. Que esto, a nosotros, falsos dioses de este mundo, no puede ocurrirnos.<\/p>\n<p align=\"JUSTIFY\">Hace mucho tiempo que la codicia, la ambici\u00f3n desquiciada del ser humano, rompi\u00f3 el equilibrio con la naturaleza y \u00e9sta, por efecto b\u00fameran, nos ha devuelto toda suerte de desgracias naturales, de todos conocidas. Y la \u00faltima, en forma de pandemia. Originada, seg\u00fan dicen, por un virus desconocido. Una mentira como tantas otras en las que vive envuelta la sociedad de hoy. Lo cierto, mientras no se demuestre lo contrario, es que no interesa decir la verdad para no ocasionar la c\u00ednicamente denominada, alarma social.<\/p>\n<p align=\"JUSTIFY\">Lo que est\u00e1 ocurriendo, y lo que est\u00e1 por venir, no es una novela o una pel\u00edcula de ciencia ficci\u00f3n. Es una realidad muy cruel que nos cuesta bastante asumir. Y m\u00e1s, si la informaci\u00f3n viene falseada y manipulada por la demagogia de oscuros intereses partidistas de uno u otro signo. Desnud\u00e9monos de nuestro traje de la soberbia y pong\u00e1monos la t\u00fanica sencilla de la humildad y la coherencia.<\/p>\n<p align=\"JUSTIFY\">De una parte, y como ciudadanos, cada uno tenemos nuestra cuota de responsabilidad y culpa o acierto, tanto en lo malo como en lo bueno que ocurre alrededor nuestro. El llamado fen\u00f3meno de \u201ccausa y efecto\u201d.<\/p>\n<p align=\"JUSTIFY\">De otra parte, los que se dedican al oficio de hacer pol\u00edtica y no por vocaci\u00f3n de servicio a la ciudadan\u00eda, sean del signo pol\u00edtico que sean tanto a nivel nacional como auton\u00f3mico o local, tienen tambi\u00e9n su cuota de responsabilidad. No es de recibo que act\u00faen de forma tan irresponsable y partidista, con la mentira sistem\u00e1tica por norma habitual y la falta de transparencia absoluta por bandera. Esta deslealtad cotidiana, y m\u00e1s en la situaci\u00f3n actual, es un delito de alta traici\u00f3n hacia los ciudadanos que han depositado su confianza en ellos para la defensa de sus intereses y los han instalado en el poder. Y hablo de pol\u00edticos en general, de una ideolog\u00eda u otra. Nadie se salva de la quema.<\/p>\n<p align=\"JUSTIFY\">Al principio del confinamiento, de forma bastante err\u00f3nea, est\u00fapida y optimista, los falsos profetas pol\u00edticos de este troceado pa\u00eds llamado Espa\u00f1a, nos endosaron las consignas ya sabidas, de esta situaci\u00f3n saldremos m\u00e1s reforzados y mejores y otras similares. Pues bien, hoy en d\u00eda, y en esta traves\u00eda de seis meses a bordo de un barco llamado pandemia que enarbola una bandera con los colores de las incertezas, inseguridades, miedos y mentiras, \u00bfy esto es democracia y libertad?, la nave pilotada por la gente m\u00e1s inepta e incompetente y con la soberbia propia de los tontos que se creen listos, pilotan dando bandazos y conducen el barco hacia los acantilados de la ruina moral y f\u00edsica de la ciudadan\u00eda que llevan a bordo.<\/p>\n<p align=\"JUSTIFY\">Como ciudadanos, este tiempo de confinamiento tendr\u00eda que habernos servido para reflexionar que s\u00f3lo desde el convencimiento de una conciencia colectiva y la unidad, es necesario crear un orden nuevo, un sistema de vida m\u00e1s sostenible con la naturaleza que nos rodea. Una vida m\u00e1s austera en que la codicia y la ambici\u00f3n queden arrinconados y disfrutemos de la vida ef\u00edmera que nos ha tocado vivir con aquellas cosas que tienen sentido. No con aquellas cosas in\u00fatiles que hemos hecho \u00fatiles y con el falso bienestar por el que estamos pagando un alto peaje que nos hace menos libres y m\u00e1s esclavos. Recordemos que, venimos a este mundo desnudos y nos iremos de la misma forma.<\/p>\n<p align=\"JUSTIFY\">Y en cuanto a los pol\u00edticos, hora es de dejar de contaminar el aire ciudadano de mentiras, demagogias, y odios revanchistas. Cuesta entender su falta de empat\u00eda y sentido com\u00fan. Ha sonado la hora de la unidad y remar todos en la misma direcci\u00f3n y sacar a este pa\u00eds de la ruina y la oscuridad que conducen al precipicio de la tiran\u00eda. Los ciudadanos no pueden sentirse libres ahogados por el miedo, las dudas y las incertidumbres. Es cruel e inmoral el genocidio que se ha producido y se est\u00e1 produciendo en esas residencias de ancianos, donde esas personas, referentes de una generaci\u00f3n, mueren solas y sin el cari\u00f1o de sus familias.<\/p>\n<p align=\"JUSTIFY\">Hora es, mientras llega la ansiada vacuna que, en la conciencia de pol\u00edticos y ciudadanos, suene potente un aldabonazo que nos haga reaccionar a la llamada de la unidad, la igualdad, la justicia social y el sentido com\u00fan.<\/p>\n<p align=\"JUSTIFY\">En estos tiempos aciagos y oscuros, es hora de olvidarnos de lo individual y pensar y actuar en lo colectivo. S\u00f3lo desde la firme convicci\u00f3n de una fuerte concienciaci\u00f3n colectiva, alcanzaremos la libertad y la luz. En caso contrario, estamos abocados a la oscuridad y el caos.<\/p>\n<p align=\"JUSTIFY\"><a name=\"_GoBack\"><\/a>Puedo parecer negativo o pesimista, pero nada m\u00e1s incierto. Esta triste realidad que me ha tocado vivir hist\u00f3ricamente, no quiero que me arrastre hacia un falso optimismo.<\/p>\n<p>TRISTEZA<\/p>\n<p>Lo triste no es<\/p>\n<p>este arresto domiciliario.<\/p>\n<p>Lo m\u00e1s triste es<\/p>\n<p>que no me devolver\u00e1n,<\/p>\n<p>que no volver\u00e9 a vivir,<\/p>\n<p>este tiempo que me han hurtado,<\/p>\n<p>Lo m\u00e1s triste es,<\/p>\n<p>asomarte al balc\u00f3n<\/p>\n<p>de este florido Mayo<\/p>\n<p>y ver que las rosas<\/p>\n<p>se han marchitado.<\/p>\n<p>Lo m\u00e1s triste son<\/p>\n<p>estas calles en llanto,<\/p>\n<p>estas calles de silencio,<\/p>\n<p>donde a los ni\u00f1os no oyes<\/p>\n<p>cantando y jugando.<\/p>\n<p>Lo m\u00e1s triste es<\/p>\n<p>este genocidio de abuelos,<\/p>\n<p>en ese viejo desv\u00e1n<\/p>\n<p>de una residencia abandonados.<\/p>\n<p>Tanto como nos han dado<\/p>\n<p>y a cambio se han llevado<\/p>\n<p>soledad, tristeza y llanto.<\/p>\n<p>No los mat\u00f3 la enfermedad<\/p>\n<p>sino el desamparo.<\/p>\n<p>Lo m\u00e1s triste es<\/p>\n<p>que esto que llamamos<\/p>\n<p>ser humano<\/p>\n<p>sigue siendo un lobo<\/p>\n<p>feroz para su hermano.<\/p>\n<p>Lo m\u00e1s triste es<\/p>\n<p>que, por en\u00e9sima vez,<\/p>\n<p>se repite la historia.<\/p>\n<p>La de la moneda<\/p>\n<p>de sabor amargo.<\/p>\n<p>La de la moneda<\/p>\n<p>de la victoria y el fracaso.<\/p>\n<p>\u00a1Que siempre caen<\/p>\n<p>del mismo lado!<\/p>\n<p align=\"JUSTIFY\">Francisco L. Rajoy Varela<\/p>\n<p align=\"JUSTIFY\">prajoy55@gmail.com<\/p>\n","protected":false},"excerpt":{"rendered":"<p>Era mediados de Marzo, de este a\u00f1o de desgracia. Por las esquinas del invierno, asomaba&#8230;<\/p>\n","protected":false},"author":1,"featured_media":41852,"comment_status":"closed","ping_status":"closed","sticky":false,"template":"","format":"standard","meta":{"_coblocks_attr":"","_coblocks_dimensions":"","_coblocks_responsive_height":"","_coblocks_accordion_ie_support":"","jetpack_post_was_ever_published":false,"_jetpack_newsletter_access":"","_jetpack_dont_email_post_to_subs":false,"_jetpack_newsletter_tier_id":0,"_jetpack_memberships_contains_paywalled_content":false,"_jetpack_memberships_contains_paid_content":false,"footnotes":"","jetpack_publicize_message":"","jetpack_publicize_feature_enabled":true,"jetpack_social_post_already_shared":false,"jetpack_social_options":{"image_generator_settings":{"template":"highway","default_image_id":0,"enabled":false},"version":2}},"categories":[1161,7149,7167,44,6937,15],"tags":[3572,354],"class_list":["post-41851","post","type-post","status-publish","format-standard","has-post-thumbnail","hentry","category-ciudadania","category-coronavirus","category-opinion-de-fco-luis-rajoy","category-noticias-de-hoy","category-sociedad","category-ultimas-noticias","tag-pandemia","tag-partidos-politicos"],"jetpack_publicize_connections":[],"jetpack_featured_media_url":"https:\/\/i0.wp.com\/miradordeatarfe.es\/wp-content\/uploads\/2020\/09\/1045223.jpg?fit=1280%2C854&ssl=1","jetpack_likes_enabled":true,"jetpack_sharing_enabled":true,"_links":{"self":[{"href":"https:\/\/miradordeatarfe.es\/index.php?rest_route=\/wp\/v2\/posts\/41851","targetHints":{"allow":["GET"]}}],"collection":[{"href":"https:\/\/miradordeatarfe.es\/index.php?rest_route=\/wp\/v2\/posts"}],"about":[{"href":"https:\/\/miradordeatarfe.es\/index.php?rest_route=\/wp\/v2\/types\/post"}],"author":[{"embeddable":true,"href":"https:\/\/miradordeatarfe.es\/index.php?rest_route=\/wp\/v2\/users\/1"}],"replies":[{"embeddable":true,"href":"https:\/\/miradordeatarfe.es\/index.php?rest_route=%2Fwp%2Fv2%2Fcomments&post=41851"}],"version-history":[{"count":1,"href":"https:\/\/miradordeatarfe.es\/index.php?rest_route=\/wp\/v2\/posts\/41851\/revisions"}],"predecessor-version":[{"id":41853,"href":"https:\/\/miradordeatarfe.es\/index.php?rest_route=\/wp\/v2\/posts\/41851\/revisions\/41853"}],"wp:featuredmedia":[{"embeddable":true,"href":"https:\/\/miradordeatarfe.es\/index.php?rest_route=\/wp\/v2\/media\/41852"}],"wp:attachment":[{"href":"https:\/\/miradordeatarfe.es\/index.php?rest_route=%2Fwp%2Fv2%2Fmedia&parent=41851"}],"wp:term":[{"taxonomy":"category","embeddable":true,"href":"https:\/\/miradordeatarfe.es\/index.php?rest_route=%2Fwp%2Fv2%2Fcategories&post=41851"},{"taxonomy":"post_tag","embeddable":true,"href":"https:\/\/miradordeatarfe.es\/index.php?rest_route=%2Fwp%2Fv2%2Ftags&post=41851"}],"curies":[{"name":"wp","href":"https:\/\/api.w.org\/{rel}","templated":true}]}}