{"id":41854,"date":"2020-09-18T10:50:32","date_gmt":"2020-09-18T08:50:32","guid":{"rendered":"http:\/\/miradordeatarfe.es\/?p=41854"},"modified":"2020-09-18T10:50:32","modified_gmt":"2020-09-18T08:50:32","slug":"la-educacion-andaluzaen-capilla","status":"publish","type":"post","link":"https:\/\/miradordeatarfe.es\/?p=41854","title":{"rendered":"LA EDUCACI\u00d3N ANDALUZA\u00bbEN CAPILLA\u00bb"},"content":{"rendered":"<h3 style=\"text-align: justify;\">Convocada una huelga educativa en Andaluc\u00eda para hoy 18 de septiembre por los reiterados incumplimientos de la Junta para una vuelta segura al cole<\/h3>\n<p class=\"entry-title\" style=\"text-align: justify;\">Tienen que acudir a los centros dos miembros del equipo directivo, y entre dos y seis docentes m\u00e1s en funci\u00f3n del n\u00famero de alumnos.<\/p>\n<p id=\"H1_js_5f63a72721efa097178b4638\" class=\"ue-c-article__headline js-headline\" style=\"text-align: justify;\">Padres de alumnos apoyan la huelga convocada en la ense\u00f1anza en Andaluc\u00eda.La Confederaci\u00f3n andaluza de asociaciones de padres y madres del alumnado por la educaci\u00f3n p\u00fablica (CODAPA) ha recalcado en un comunicado su apoyo a la huelga general y ha reivindicado una vuelta al colegio segura y sostenible<\/p>\n<p style=\"text-align: justify;\">\u00abCon nuestro respaldo, las familias del alumnado de la escuela p\u00fablica reclamamos <strong>un regreso a las aulas sin improvisaci\u00f3n<\/strong> y con suficientes recursos, para hacer frente al gran problema sanitario que supone el Covid-19&#8243;, ha explicado el movimiento de madres y padres, que representa a m\u00e1s de 2.700 AMPA de Andaluc\u00eda.<\/p>\n<p style=\"text-align: justify;\">El colectivo ha exigido a las administraciones que garanticen un entorno educativo lo m\u00e1s seguro posible y ha apuntado que si se toman las medidas adecuadas, la escuela no tiene por qu\u00e9 provocar m\u00e1s contagios que una empresa, un comercio o un bar.<\/p>\n<p style=\"text-align: justify;\">La CODAPA ha reiterado la necesidad de invertir en la escuela p\u00fablica para hacer frente a medidas como una bajada de las ratios, m\u00e1s profesorado o la enfermera escolar, pero tambi\u00e9n mejores infraestructuras.<\/p>\n<p style=\"text-align: justify;\">\u00abLas familias nos sentimos rehenes de una situaci\u00f3n que va en detrimento de la escuela p\u00fablica al dejar de prestar servicios complementarios de aula matinal, comedores y actividades extraescolares en nuestros centros educativos\u00bb, han apuntado.<\/p>\n<p style=\"text-align: justify;\">Adem\u00e1s, la organizaci\u00f3n de AMPAs ha pedido compromisos reales que permiten la conciliaci\u00f3n de la vida laboral y familiar y ha denunciado la fragilidad de un modelo de gesti\u00f3n de comedores basado en adjudicaciones temerarias a la oferta m\u00e1s baja.<\/p>\n<p style=\"text-align: justify;\"><a href=\"https:\/\/i0.wp.com\/miradordeatarfe.es\/wp-content\/uploads\/2020\/09\/manifestacion-Educacion-Granada-Gran-Via_1443166041_118033852_667x375.jpg?ssl=1\"><img data-recalc-dims=\"1\" loading=\"lazy\" decoding=\"async\" class=\"wp-image-41858 size-full alignleft\" src=\"https:\/\/i0.wp.com\/miradordeatarfe.es\/wp-content\/uploads\/2020\/09\/manifestacion-Educacion-Granada-Gran-Via_1443166041_118033852_667x375.jpg?resize=640%2C360&#038;ssl=1\" alt=\"\" width=\"640\" height=\"360\" srcset=\"https:\/\/i0.wp.com\/miradordeatarfe.es\/wp-content\/uploads\/2020\/09\/manifestacion-Educacion-Granada-Gran-Via_1443166041_118033852_667x375.jpg?w=667&amp;ssl=1 667w, https:\/\/i0.wp.com\/miradordeatarfe.es\/wp-content\/uploads\/2020\/09\/manifestacion-Educacion-Granada-Gran-Via_1443166041_118033852_667x375.jpg?resize=300%2C169&amp;ssl=1 300w, https:\/\/i0.wp.com\/miradordeatarfe.es\/wp-content\/uploads\/2020\/09\/manifestacion-Educacion-Granada-Gran-Via_1443166041_118033852_667x375.jpg?resize=600%2C337&amp;ssl=1 600w\" sizes=\"auto, (max-width: 640px) 100vw, 640px\" \/><\/a>Tambi\u00e9n los sindicatos <strong>CCOO, CGT y USTEA<\/strong> han hecho un llamamiento a los docentes para ir este viernes a la huelga, mientras que los sindicatos ANPE, CSIF y UGT no secundan la huelga pero han convocado concentraciones de delegados y responsables sindicales ante las delegaciones territoriales de Educaci\u00f3n de las ocho provincias para exigir m\u00e1s recursos para un curso escolar \u00abseguro\u00bb.<\/p>\n<p style=\"text-align: justify;\"><strong>La huelga de Docentes por la P\u00fablica afecta al personal docente de todos los centros educativos no universitarios de titularidad p\u00fablica de la Junta de Andaluc\u00eda-<br \/>\n<\/strong><\/p>\n<p style=\"text-align: justify;\">Se ve\u00eda venir desde el fin de curso pasado y esta semana se confirma definitivamente. Apenas iniciado el nuevo curso escolar, Andaluc\u00eda sufrir\u00e1 hoy viernes 18 de septiembre su <strong>primera huelga en el sector de la educaci\u00f3n<\/strong> tras el fracaso de varias mesas sectoriales en las que las principales centrales sindicales han exigido sin \u00e9xito al consejero de Educaci\u00f3n, Javier Imbroda, un <strong>refuerzo real de las plantillas<\/strong> para hacer frente a la situaci\u00f3n excepcional que se vive con la pandemia de la covid-19.<\/p>\n<p style=\"text-align: justify;\">Pese a las <strong>promesas iniciales<\/strong> del Gobierno de J<strong>uan Manuel Moreno Bonilla <\/strong>de un regreso seguro a las aulas, los docentes y el resto de personal del sector educativo andaluz consideran que estas promesas se han quedado s\u00f3lo en <strong>\u201chumo\u201d<\/strong>. Aun as\u00ed, la Consejer\u00eda de Salud, que estos d\u00edas ha descargado en su viceconsejera, <strong>Mar\u00eda del Carmen Castillo<\/strong>, el peso de las explicaciones p\u00fablicas sobre la \u201cvuelta segura al cole\u201d programada por su departamento en un intento de despersonalizar el enfado con el consejero Javier Imbroda por parte de profesores y personal no docente, adem\u00e1s de madres y padres de escolares, as\u00ed como de los sindicatos del sector, que <strong>en ning\u00fan momento se han cre\u00eddo las promesas <\/strong>de la Administraci\u00f3n andaluza para un regreso seguro a las aulas, como tambi\u00e9n han venido exigiendo al Gobierno de Moreno Bonilla desde la oposici\u00f3n tanto <strong>PSOE<\/strong> como <strong>Adelante Andaluc\u00eda<\/strong>.<\/p>\n<p style=\"text-align: justify;\">Los servicios m\u00ednimos fijados son de <strong>dos miembros del equipo directivo<\/strong> y, adem\u00e1s, para los centros de hasta 300 alumnos dos docentes m\u00e1s (un total de 4), siempre que esto no suponga la superaci\u00f3n del 20% del claustro del centro. Si tienen entre 300 y 600 alumnos, ser\u00e1n 4 docentes m\u00e1s en servicios m\u00ednimos un total de 6 con los dos del equipo directivo). Y para centros de m\u00e1s de 600 alumnos se establecen unos servicios m\u00ednimos con 6 docentes m\u00e1s (un total de 8 con los dos del equipo directivo).<\/p>\n<div>\n<p style=\"text-align: justify;\"><a href=\"https:\/\/i0.wp.com\/miradordeatarfe.es\/wp-content\/uploads\/2020\/09\/IMG-20200916-WA0017.jpg?ssl=1\"><img data-recalc-dims=\"1\" loading=\"lazy\" decoding=\"async\" class=\"wp-image-41856 size-large alignleft\" src=\"https:\/\/i0.wp.com\/miradordeatarfe.es\/wp-content\/uploads\/2020\/09\/IMG-20200916-WA0017.jpg?resize=618%2C285&#038;ssl=1\" alt=\"\" width=\"618\" height=\"285\" srcset=\"https:\/\/i0.wp.com\/miradordeatarfe.es\/wp-content\/uploads\/2020\/09\/IMG-20200916-WA0017.jpg?resize=1024%2C472&amp;ssl=1 1024w, https:\/\/i0.wp.com\/miradordeatarfe.es\/wp-content\/uploads\/2020\/09\/IMG-20200916-WA0017.jpg?resize=300%2C138&amp;ssl=1 300w, https:\/\/i0.wp.com\/miradordeatarfe.es\/wp-content\/uploads\/2020\/09\/IMG-20200916-WA0017.jpg?resize=768%2C354&amp;ssl=1 768w, https:\/\/i0.wp.com\/miradordeatarfe.es\/wp-content\/uploads\/2020\/09\/IMG-20200916-WA0017.jpg?resize=600%2C277&amp;ssl=1 600w, https:\/\/i0.wp.com\/miradordeatarfe.es\/wp-content\/uploads\/2020\/09\/IMG-20200916-WA0017.jpg?resize=1536%2C708&amp;ssl=1 1536w, https:\/\/i0.wp.com\/miradordeatarfe.es\/wp-content\/uploads\/2020\/09\/IMG-20200916-WA0017.jpg?resize=1320%2C609&amp;ssl=1 1320w, https:\/\/i0.wp.com\/miradordeatarfe.es\/wp-content\/uploads\/2020\/09\/IMG-20200916-WA0017.jpg?w=1600&amp;ssl=1 1600w\" sizes=\"auto, (max-width: 618px) 100vw, 618px\" \/><\/a>Familias de alumnos de Granada pidieron el mi\u00e9rcoles pasado\u00a0 en caravana de coches\u00a0 una vuelta al cole segura<\/p>\n<p>La Federaci\u00f3n Provincial de Asociaciones de Madres y Padres del alumnado (Fampa) Alhambra convoc\u00f3\u00a0 a la comunidad educativa y a la ciudadan\u00eda de Granada en general a sumarse a la caravana de coches en defensa de la educaci\u00f3n p\u00fablica y una vuelta al colegio segura.<\/p>\n<p style=\"text-align: justify;\">Seg\u00fan ha informado en una nota Fampa Alhambra, con esta manifestaci\u00f3n, las familias del alumnado granadino reclamaron un regreso a las aulas \u00absin improvisaci\u00f3n y con suficientes recursos\u00bb para hacer frente al \u00abgran problema sanitario que supone el Covid-19\u00bb<\/p>\n<p style=\"text-align: justify;\">\nEl PSOE de Granada ha considerado hoy que la incompetencia y el desinter\u00e9s de la Junta de Andaluc\u00eda ha provocado el inicio del curso escolar \u201cm\u00e1s desastroso y ca\u00f3tica de la historia en la provincia\u201d y ha valorado el compromiso y esfuerzo de la comunidad educativa que, unido al trabajo de los alcaldes y alcaldesas, ha permitido abrir las puertas de los 841 centros con seguridad\u201d.<\/p>\n<p style=\"text-align: justify;\">\u201cLos responsables de la Junta en Granada han comenzado el curso con los deberes sin hacer. Mas preocupados por sus l\u00edos internos que de garantizar la seguridad, no han asumido sus competencias. No han hecho absolutamente nada para planificar una vuelta segura en ninguna etapa ni han tomado ninguna medida\u201d, ha se\u00f1alado la parlamentaria andaluza Teresa Jim\u00e9nez, que ha asegurado que esta situaci\u00f3n est\u00e1 generando \u201cmucho malestar e incertidumbre\u201d en el sector educativo, adem\u00e1s de numerosas protestas, reivindicaciones, denuncias, incluso dimisiones de equipos directivos en la provincia.<\/p>\n<\/div>\n","protected":false},"excerpt":{"rendered":"<p>Convocada una huelga educativa en Andaluc\u00eda para hoy 18 de septiembre por los reiterados incumplimientos&#8230;<\/p>\n","protected":false},"author":1,"featured_media":41857,"comment_status":"closed","ping_status":"closed","sticky":false,"template":"","format":"standard","meta":{"_coblocks_attr":"","_coblocks_dimensions":"","_coblocks_responsive_height":"","_coblocks_accordion_ie_support":"","jetpack_post_was_ever_published":false,"_jetpack_newsletter_access":"","_jetpack_dont_email_post_to_subs":false,"_jetpack_newsletter_tier_id":0,"_jetpack_memberships_contains_paywalled_content":false,"_jetpack_memberships_contains_paid_content":false,"footnotes":"","jetpack_publicize_message":"","jetpack_publicize_feature_enabled":true,"jetpack_social_post_already_shared":false,"jetpack_social_options":{"image_generator_settings":{"template":"highway","default_image_id":0,"enabled":false},"version":2}},"categories":[187,1161,7149,186,44,6937,15],"tags":[],"class_list":["post-41854","post","type-post","status-publish","format-standard","has-post-thumbnail","hentry","category-centros-educativos","category-ciudadania","category-coronavirus","category-instituciones","category-noticias-de-hoy","category-sociedad","category-ultimas-noticias"],"jetpack_publicize_connections":[],"jetpack_featured_media_url":"https:\/\/i0.wp.com\/miradordeatarfe.es\/wp-content\/uploads\/2020\/09\/caravana-recorre-Granada-miercoles-coronavirus_1501660376_125692984_667x375.jpg?fit=667%2C375&ssl=1","jetpack_likes_enabled":true,"jetpack_sharing_enabled":true,"_links":{"self":[{"href":"https:\/\/miradordeatarfe.es\/index.php?rest_route=\/wp\/v2\/posts\/41854","targetHints":{"allow":["GET"]}}],"collection":[{"href":"https:\/\/miradordeatarfe.es\/index.php?rest_route=\/wp\/v2\/posts"}],"about":[{"href":"https:\/\/miradordeatarfe.es\/index.php?rest_route=\/wp\/v2\/types\/post"}],"author":[{"embeddable":true,"href":"https:\/\/miradordeatarfe.es\/index.php?rest_route=\/wp\/v2\/users\/1"}],"replies":[{"embeddable":true,"href":"https:\/\/miradordeatarfe.es\/index.php?rest_route=%2Fwp%2Fv2%2Fcomments&post=41854"}],"version-history":[{"count":2,"href":"https:\/\/miradordeatarfe.es\/index.php?rest_route=\/wp\/v2\/posts\/41854\/revisions"}],"predecessor-version":[{"id":41859,"href":"https:\/\/miradordeatarfe.es\/index.php?rest_route=\/wp\/v2\/posts\/41854\/revisions\/41859"}],"wp:featuredmedia":[{"embeddable":true,"href":"https:\/\/miradordeatarfe.es\/index.php?rest_route=\/wp\/v2\/media\/41857"}],"wp:attachment":[{"href":"https:\/\/miradordeatarfe.es\/index.php?rest_route=%2Fwp%2Fv2%2Fmedia&parent=41854"}],"wp:term":[{"taxonomy":"category","embeddable":true,"href":"https:\/\/miradordeatarfe.es\/index.php?rest_route=%2Fwp%2Fv2%2Fcategories&post=41854"},{"taxonomy":"post_tag","embeddable":true,"href":"https:\/\/miradordeatarfe.es\/index.php?rest_route=%2Fwp%2Fv2%2Ftags&post=41854"}],"curies":[{"name":"wp","href":"https:\/\/api.w.org\/{rel}","templated":true}]}}