{"id":41978,"date":"2020-09-28T09:23:26","date_gmt":"2020-09-28T07:23:26","guid":{"rendered":"http:\/\/miradordeatarfe.es\/?p=41978"},"modified":"2020-09-23T19:32:54","modified_gmt":"2020-09-23T17:32:54","slug":"cual-es-la-diferencia-entre-migracion-asilo-y-refugio","status":"publish","type":"post","link":"https:\/\/miradordeatarfe.es\/?p=41978","title":{"rendered":"\u00bfCu\u00e1l es la diferencia entre migraci\u00f3n, asilo y refugio?"},"content":{"rendered":"<header class=\"entry-header\"><\/header>\n<div class=\"entry-content\">\n<div id=\"wtr-content\" data-bg=\"#FFFFFF\" data-fg=\"#497d0b\" data-width=\"6\" data-mute=\"\" data-fgopacity=\"1.00\" data-mutedopacity=\"1.00\" data-placement=\"top\" data-placement-offset=\"0\" data-content-offset=\"0\" data-placement-touch=\"top\" data-placement-offset-touch=\"0\" data-transparent=\"\" data-shadow=\"1\" data-touch=\"1\" data-non-touch=\"1\" data-comments=\"0\" data-commentsbg=\"#ffcece\" data-location=\"page\" data-mutedfg=\"#497d0b\" data-endfg=\"#497d0b\" data-rtl=\"\">\n<h3 style=\"text-align: justify;\"><strong>Aunque se confundan habitualmente, los t\u00e9rminos \u201cmigrante\u201d, \u201csolicitante de asilo\u201d y \u201crefugiado\u201d no son sin\u00f3nimos: cada uno exige unos requisitos e implica distintos niveles de protecci\u00f3n. Conviene distinguirlos en esta \u00e9poca de crisis de refugiados, cierre de fronteras y aumento de la xenofobia a nivel internacional.<\/strong><\/h3>\n<p style=\"text-align: justify;\">En pleno apogeo de los discursos nacionalistas y xen\u00f3fobos, resulta fundamental saber en qu\u00e9 se diferencian los conceptos de \u201cmigrante\u201d, \u201csolicitante de asilo\u201d y \u201crefugiado\u201d, a los que se a\u00f1ade \u201cdesplazado interno\u201d. El m\u00e1s general es el primero, que se refiere a las personas que se mueven de un punto a otro pero que no lo hacen huyendo de un conflicto, sino por mejorar sus condiciones de vida. Normalmente se utiliza para hablar de migraci\u00f3n internacional, aquella cuyo pa\u00eds de destino es distinto al de partida. Hay muchos motivos por los que una persona puede escoger o <a href=\"https:\/\/rua.ua.es\/dspace\/bitstream\/10045\/14223\/1\/OBETS_05_01_03.pdf\">verse forzada<\/a> a emigrar, pero los m\u00e1s habituales son <a href=\"https:\/\/dialnet.unirioja.es\/servlet\/articulo?codigo=2304846\">de tipo econ\u00f3mico<\/a>.<\/p>\n<div class=\"boletin-wrapper boletin-wrapper__content\" style=\"text-align: justify;\">\n<p><i class=\"far fa-envelope\"><\/i>\u00bfQuieres recibir contenidos como este en tu correo?<\/p>\n<\/div>\n<\/div>\n<\/div>\n<p style=\"text-align: justify;\">Los solicitantes de asilo son personas que piden protecci\u00f3n en un pa\u00eds extranjero, el paso previo a obtener la condici\u00f3n de refugiado. As\u00ed pues, las personas que piden asilo deben esperar a que el pa\u00eds donde lo han hecho se lo conceda, procedimiento que puede alargarse enormemente. En 2018 se estimaba que hab\u00eda <a href=\"https:\/\/www.acnur.org\/solicitantes-de-asilo.html\">3,5 millones de solicitantes de asilo<\/a> en el mundo. Si su solicitud de asilo es aprobada, los solicitantes pasan a disfrutar de la condici\u00f3n de refugiados.\u00a0<\/p>\n<figure class=\"wp-block-embed-wordpress wp-block-embed is-type-wp-embed is-provider-el-orden-mundial-eom\" style=\"text-align: justify;\">\n<div class=\"wp-block-embed__wrapper\">\u00a0<\/div>\n<\/figure>\n<p style=\"text-align: justify;\">Por \u00faltimo, los refugiados son personas que gozan de protecci\u00f3n internacional en el extranjero cuando en su propio pa\u00eds ven amenazada su vida <a href=\"https:\/\/www.acnur.org\/5b0766944.pdf\">por motivos religiosos, pol\u00edticos, \u00e9tnicos, sociales o de nacionalidad<\/a>. Algunos pa\u00edses africanos y latinoamericanos tambi\u00e9n han ratificado acuerdos que consideran que <a href=\"https:\/\/rua.ua.es\/dspace\/bitstream\/10045\/14223\/1\/OBETS_05_01_03.pdf\">vivir en un lugar en que se den guerras o enfrentamientos<\/a>, aunque estos no supongan una amenaza contra esa persona individual, es circunstancia suficiente para conceder el estatus de refugiado. En 2019 hab\u00eda <a href=\"https:\/\/www.acnur.org\/es-es\/datos-basicos.html\">25,9 millones de refugiados en todo el mundo<\/a>. Los desplazados internos, por su parte, tambi\u00e9n huyen de conflictos o persecuci\u00f3n, pero no han podido salir de su pa\u00eds, por lo que no pueden acceder a la protecci\u00f3n de un Gobierno extranjero.<\/p>\n<p style=\"text-align: justify;\">El estatuto del refugiado est\u00e1 recogido en la <a href=\"https:\/\/www.acnur.org\/5b0766944.pdf\">Convenci\u00f3n de Ginebra de 1951<\/a>, suscrita por <a href=\"https:\/\/eacnur.org\/es\/convencion-de-ginebra-de-1951-el-estatuto-de-los-refugiados\">142 Estados<\/a>. Los firmantes est\u00e1n obligados a garantizar la seguridad de los refugiados no devolvi\u00e9ndolos a sus pa\u00edses de origen y protegiendo sus derechos humanos, incluyendo su acceso a educaci\u00f3n, sanidad y trabajo, entre otros. Para ocuparse de estas cuestiones, la ONU cre\u00f3 el <a href=\"https:\/\/www.acnur.org\/es-es\/\">Alto Comisionado de Naciones Unidas para los Refugiados<\/a> (ACNUR). Este organismo se encarga de atender las necesidades de desplazados internos, refugiados y solicitantes de asilo, as\u00ed como de facilitar su ubicaci\u00f3n en pa\u00edses de acogida o su retorno a su pa\u00eds de origen.<\/p>\n<p style=\"text-align: justify;\">En definitiva, cualquier persona que se traslada puede ser considerada un migrante. Por su parte, los solicitantes de asilo son aquellos que han pedido acceder a la condici\u00f3n de refugiado y cuyo caso se est\u00e1 examinando, mientras que los refugiados ya han sido reconocidos como personas en peligro si regresan a sus pa\u00edses de origen y gozan de protecci\u00f3n por ese motivo. Los desplazados internos, por su parte, tambi\u00e9n ven su vida amenazada pero no han podido salir de su pa\u00eds de origen. Adem\u00e1s, la Uni\u00f3n Europea tambi\u00e9n contempla otro tipo de protecci\u00f3n a extranjeros: <a href=\"https:\/\/eacnur.org\/blog\/que-relacion-tienen-el-derecho-de-asilo-y-la-proteccion-subsidiaria\/\">la protecci\u00f3n subsidiaria<\/a>, que se aplica a quienes no cumplan los requisitos para ser reconocidos como refugiados pero a\u00fan as\u00ed puedan sufrir riesgos si vuelven a sus pa\u00edses de origen, como enfrentarse a pena de muerte, por ejemplo.<\/p>\n<figure class=\"post-thumbnail\" style=\"text-align: justify;\"><figcaption class=\"caption two-col-right-off\">Fuente: Matt Brown (Flickr)<\/figcaption><\/figure>\n<div class=\"row entry-body\">\n<div class=\"entry-sidebar two-col-left\">\n<div class=\"entry-meta-container\">\n<div class=\"entry-meta mb-4\">\n<div class=\"posted-on\" style=\"text-align: justify;\"><time class=\"entry-date published updated\" datetime=\"2020-08-04T12:21:06+02:00\">\u00a0<\/time><\/div>\n<div class=\"author-profile-mini \"><span class=\"author vcard\"><a class=\"url fn n\" href=\"https:\/\/elordenmundial.com\/author\/admin\/\">El Orden Mundial<\/a><\/span><\/p>\n<div class=\"author-link author-social author-twitter\" style=\"text-align: justify;\"><a title=\"Seguir en Twitter\" href=\"https:\/\/twitter.com\/elordenmundial\">@elordenmundial<\/a><\/div>\n<\/div>\n<\/div>\n<\/div>\n<\/div>\n<\/div>\n","protected":false},"excerpt":{"rendered":"<p>Aunque se confundan habitualmente, los t\u00e9rminos \u201cmigrante\u201d, \u201csolicitante de asilo\u201d y \u201crefugiado\u201d no son sin\u00f3nimos:&#8230;<\/p>\n","protected":false},"author":1,"featured_media":41979,"comment_status":"closed","ping_status":"closed","sticky":false,"template":"","format":"standard","meta":{"_coblocks_attr":"","_coblocks_dimensions":"","_coblocks_responsive_height":"","_coblocks_accordion_ie_support":"","jetpack_post_was_ever_published":false,"_jetpack_newsletter_access":"","_jetpack_dont_email_post_to_subs":false,"_jetpack_newsletter_tier_id":0,"_jetpack_memberships_contains_paywalled_content":false,"_jetpack_memberships_contains_paid_content":false,"footnotes":"","jetpack_publicize_message":"","jetpack_publicize_feature_enabled":true,"jetpack_social_post_already_shared":false,"jetpack_social_options":{"image_generator_settings":{"template":"highway","default_image_id":0,"enabled":false},"version":2}},"categories":[1161,44,6937,15],"tags":[65,7645,679],"class_list":["post-41978","post","type-post","status-publish","format-standard","has-post-thumbnail","hentry","category-ciudadania","category-noticias-de-hoy","category-sociedad","category-ultimas-noticias","tag-economia","tag-poliitica","tag-refugiados"],"jetpack_publicize_connections":[],"jetpack_featured_media_url":"https:\/\/i0.wp.com\/miradordeatarfe.es\/wp-content\/uploads\/2020\/09\/refugiados-frontera-grecia-efe-scaled.jpeg?fit=2560%2C1707&ssl=1","jetpack_likes_enabled":true,"jetpack_sharing_enabled":true,"_links":{"self":[{"href":"https:\/\/miradordeatarfe.es\/index.php?rest_route=\/wp\/v2\/posts\/41978","targetHints":{"allow":["GET"]}}],"collection":[{"href":"https:\/\/miradordeatarfe.es\/index.php?rest_route=\/wp\/v2\/posts"}],"about":[{"href":"https:\/\/miradordeatarfe.es\/index.php?rest_route=\/wp\/v2\/types\/post"}],"author":[{"embeddable":true,"href":"https:\/\/miradordeatarfe.es\/index.php?rest_route=\/wp\/v2\/users\/1"}],"replies":[{"embeddable":true,"href":"https:\/\/miradordeatarfe.es\/index.php?rest_route=%2Fwp%2Fv2%2Fcomments&post=41978"}],"version-history":[{"count":1,"href":"https:\/\/miradordeatarfe.es\/index.php?rest_route=\/wp\/v2\/posts\/41978\/revisions"}],"predecessor-version":[{"id":41980,"href":"https:\/\/miradordeatarfe.es\/index.php?rest_route=\/wp\/v2\/posts\/41978\/revisions\/41980"}],"wp:featuredmedia":[{"embeddable":true,"href":"https:\/\/miradordeatarfe.es\/index.php?rest_route=\/wp\/v2\/media\/41979"}],"wp:attachment":[{"href":"https:\/\/miradordeatarfe.es\/index.php?rest_route=%2Fwp%2Fv2%2Fmedia&parent=41978"}],"wp:term":[{"taxonomy":"category","embeddable":true,"href":"https:\/\/miradordeatarfe.es\/index.php?rest_route=%2Fwp%2Fv2%2Fcategories&post=41978"},{"taxonomy":"post_tag","embeddable":true,"href":"https:\/\/miradordeatarfe.es\/index.php?rest_route=%2Fwp%2Fv2%2Ftags&post=41978"}],"curies":[{"name":"wp","href":"https:\/\/api.w.org\/{rel}","templated":true}]}}