{"id":42013,"date":"2020-09-28T11:47:18","date_gmt":"2020-09-28T09:47:18","guid":{"rendered":"http:\/\/miradordeatarfe.es\/?p=42013"},"modified":"2020-10-04T14:13:49","modified_gmt":"2020-10-04T12:13:49","slug":"madrid-en-caida-libre-por-remedios-sanchez","status":"publish","type":"post","link":"https:\/\/miradordeatarfe.es\/?p=42013","title":{"rendered":"MADRID EN CAIDA LIBRE  por Remedios S\u00e1nchez"},"content":{"rendered":"<h3 align=\"JUSTIFY\"><span lang=\"es-ES\">Lo que pasa es que la gente no tiene ira, tiene miedo, un miedo justificado en la incapacidad de sus l\u00edderes para ponerse de acuerdo en qu\u00e9 medidas hay que adoptar cuando la situaci\u00f3n es l\u00edmite. <\/span><\/h3>\n<p align=\"JUSTIFY\"><span style=\"font-family: Times New Roman, serif;\"><span style=\"font-size: medium;\"><span lang=\"es-ES\">Cuando acab\u00f3 la guerra y D\u00e1maso Alonso se sent\u00f3 frente a su olivetti gastada escribi\u00f3 un poema que debi\u00f3 quedar para la Historia de la Literatura del siglo XX; superado el amor barroco, los autores de la Generaci\u00f3n del 27, unos, en el exilio y, otros, como Federico, fusilados, empiezan a escribir en serio y es cuando \u00e9l dice aquello de \u201cMadrid es una ciudad de m\u00e1s de un mill\u00f3n de cad\u00e1veres (seg\u00fan las \u00faltimas estad\u00edsticas)\u201d. Es ah\u00ed, con \u201cInsomnio\u201d, cuando se descubre lo mejor de D\u00e1maso Alonso y la verdad de un Madrid capaz de tener las mejores oportunidades y las mayores desgracias, que vuelve a ser hoy el kil\u00f3metro cero de la segunda ola de la pandemia. Ha habido en Madrid m\u00e1s de 108.000 casos de contagiados por coronavirus y casi 9.000 muertos, lo que le devuelve ese lugar de protagonismo ag\u00f3nico, lacerante a los \u2018Hijos de la ira\u2019 damasiana. Lo que pasa es que la gente no tiene ira, tiene miedo, un miedo justificado en la incapacidad de sus l\u00edderes para ponerse de acuerdo en qu\u00e9 medidas hay que adoptar cuando la situaci\u00f3n es l\u00edmite. <\/span><\/span><\/span><\/p>\n<p align=\"JUSTIFY\"><span style=\"font-family: Times New Roman, serif;\"><span style=\"font-size: medium;\"><span lang=\"es-ES\">Por eso hoy recuerdo a D\u00edaz Ayuso, vestida como una \u2018Dolorosa\u2019 en las portadas de prensa, reclamando la autoridad que no le daba el gobierno central; una autoridad que posee desde hace meses y que no ha ejercido eficazmente, que se ha deshecho como las cenizas de los difuntos, de las v\u00edctimas de esta maldita enfermedad que no es culpa de ning\u00fan pol\u00edtico espa\u00f1ol pero s\u00ed su responsabilidad. La de todos. Por eso es un error que Illa afirme que propusieron el confinamiento mientras el viceconsejero de la comunidad daba otra rueda de prensa concretando las restricciones por \u00e1reas que, al final, es como no hacer nada. Si la gente de esas zonas (curiosamente las m\u00e1s humildes) tiene que seguir yendo a trabajar en metros atestados, no tardar\u00e1 en multiplicarse exponencialmente el caos que ya se aventura por muchos expertos. En junio, el gobierno de D\u00edaz Ayuso quiso pensar primero en la econom\u00eda abriendo Madrid de golpe y ahora ese descontrol, no dedicar inversi\u00f3n a test y rastreadores, va a pasar una factura que dif\u00edcilmente podremos pagar. Es tarde, muy tarde, y hasta ese neoliberalismo desaforado que prioriz\u00f3 dif\u00edcilmente podr\u00e1 sobrevivir a la crisis econ\u00f3mica que ya es una riada imparable, mientras ella ha estado tres meses, tocando la lira, como Ner\u00f3n, y la oposici\u00f3n de Gabilondo se ha dedicado m\u00e1s a planear una moci\u00f3n de censura como quien deshoja una margarita que a aportar medidas, porque han temido (igual que ella) que ir m\u00e1s despacio les robara votos futuros. La han dejado actuar, sabiendo que lo har\u00eda mal, porque, aparte de salir en la foto, la lideresa tiene poco discurso y m\u00ednimas ideas para afrontar lo que se le ven\u00eda encima, como afirma el \u2018Financial Times\u2019. La responsabilidad es compartida, pero Ayuso, como Presidenta, tiene m\u00e1s que nadie. Por eso habr\u00eda que preguntarle, con D\u00e1maso de fondo: Isabel, dime, \u00bfqu\u00e9 huerto quieres abonar con nuestra podredumbre?<\/span><\/span><\/span><\/p>\n","protected":false},"excerpt":{"rendered":"<p>Lo que pasa es que la gente no tiene ira, tiene miedo, un miedo justificado&#8230;<\/p>\n","protected":false},"author":1,"featured_media":42014,"comment_status":"closed","ping_status":"closed","sticky":false,"template":"","format":"standard","meta":{"_coblocks_attr":"","_coblocks_dimensions":"","_coblocks_responsive_height":"","_coblocks_accordion_ie_support":"","jetpack_post_was_ever_published":false,"_jetpack_newsletter_access":"","_jetpack_dont_email_post_to_subs":false,"_jetpack_newsletter_tier_id":0,"_jetpack_memberships_contains_paywalled_content":false,"_jetpack_memberships_contains_paid_content":false,"footnotes":"","jetpack_publicize_message":"","jetpack_publicize_feature_enabled":true,"jetpack_social_post_already_shared":false,"jetpack_social_options":{"image_generator_settings":{"template":"highway","default_image_id":0,"enabled":false},"version":2}},"categories":[1161,7149,44,6914,6937,15],"tags":[7229,5118,1206,409],"class_list":["post-42013","post","type-post","status-publish","format-standard","has-post-thumbnail","hentry","category-ciudadania","category-coronavirus","category-noticias-de-hoy","category-opinion-de-reme-sanchez","category-sociedad","category-ultimas-noticias","tag-ayuso","tag-gobiernos","tag-madrid","tag-sanidad"],"jetpack_publicize_connections":[],"jetpack_featured_media_url":"https:\/\/i0.wp.com\/miradordeatarfe.es\/wp-content\/uploads\/2020\/09\/%C3%ADndice-9.jpg?fit=300%2C168&ssl=1","jetpack_likes_enabled":true,"jetpack_sharing_enabled":true,"_links":{"self":[{"href":"https:\/\/miradordeatarfe.es\/index.php?rest_route=\/wp\/v2\/posts\/42013","targetHints":{"allow":["GET"]}}],"collection":[{"href":"https:\/\/miradordeatarfe.es\/index.php?rest_route=\/wp\/v2\/posts"}],"about":[{"href":"https:\/\/miradordeatarfe.es\/index.php?rest_route=\/wp\/v2\/types\/post"}],"author":[{"embeddable":true,"href":"https:\/\/miradordeatarfe.es\/index.php?rest_route=\/wp\/v2\/users\/1"}],"replies":[{"embeddable":true,"href":"https:\/\/miradordeatarfe.es\/index.php?rest_route=%2Fwp%2Fv2%2Fcomments&post=42013"}],"version-history":[{"count":1,"href":"https:\/\/miradordeatarfe.es\/index.php?rest_route=\/wp\/v2\/posts\/42013\/revisions"}],"predecessor-version":[{"id":42015,"href":"https:\/\/miradordeatarfe.es\/index.php?rest_route=\/wp\/v2\/posts\/42013\/revisions\/42015"}],"wp:featuredmedia":[{"embeddable":true,"href":"https:\/\/miradordeatarfe.es\/index.php?rest_route=\/wp\/v2\/media\/42014"}],"wp:attachment":[{"href":"https:\/\/miradordeatarfe.es\/index.php?rest_route=%2Fwp%2Fv2%2Fmedia&parent=42013"}],"wp:term":[{"taxonomy":"category","embeddable":true,"href":"https:\/\/miradordeatarfe.es\/index.php?rest_route=%2Fwp%2Fv2%2Fcategories&post=42013"},{"taxonomy":"post_tag","embeddable":true,"href":"https:\/\/miradordeatarfe.es\/index.php?rest_route=%2Fwp%2Fv2%2Ftags&post=42013"}],"curies":[{"name":"wp","href":"https:\/\/api.w.org\/{rel}","templated":true}]}}