{"id":42017,"date":"2020-09-27T10:18:23","date_gmt":"2020-09-27T08:18:23","guid":{"rendered":"http:\/\/miradordeatarfe.es\/?p=42017"},"modified":"2020-09-26T17:24:38","modified_gmt":"2020-09-26T15:24:38","slug":"espana-a-la-cola-en-alquiler-social-entre-los-grandes-paises-europeos","status":"publish","type":"post","link":"https:\/\/miradordeatarfe.es\/?p=42017","title":{"rendered":"Espa\u00f1a, a la cola en alquiler social entre los grandes pa\u00edses europeos"},"content":{"rendered":"<h3 style=\"text-align: justify;\">Solo dispone de un 1,6% de viviendas sociales frente al 30% de Holanda o el 17% de Francia.<\/h3>\n<p style=\"text-align: justify;\">Este jueves, el Observatorio de Vivienda y Suelo, dependiente del Ministerio de Transportes ha presentado un Bolet\u00edn especial sobre Vivienda Social que analiza la situaci\u00f3n del alquiler social en Espa\u00f1a en los \u00faltimos 40 a\u00f1os en los municipios de m\u00e1s de 20.000 habitantes.<\/p>\n<p style=\"text-align: justify;\">Seg\u00fan el bolet\u00edn en el que se recogen datos del Gobierno, de las administraciones aut\u00f3nomas y locales y estad\u00edsticas de Eurostat, solo el 1,6% del parque de vivienda de Espa\u00f1a est\u00e1 destinado a alquileres asequibles frente al 30% de Holanda o el 17% de Francia.<\/p>\n<p style=\"text-align: justify;\">Se han contabilizado en torno a 290.000 destinadas a alquiler social, de las cuales 180.000 pertenecen a las comunidades aut\u00f3nomas y 110.000 a los ayuntamientos.<\/p>\n<p style=\"text-align: justify;\">De todas las viviendas construidas en los \u00faltimos 40 a\u00f1os, el 21,6% ha tenido la consideraci\u00f3n de \u00abvivienda protegida\u00bb, pero con el tiempo la mayor\u00eda terminaron en el mercado de vivienda libre al existir la opci\u00f3n a compra o traspasadas masivamente a fondos\u00a0buitre o de capital riesgo.<\/p>\n<p id=\"paragraph_6\" style=\"text-align: justify;\">La vivienda protegida tuvo una gran importancia en los a\u00f1os 80, hasta incluso suponer un 67,2% en 1987. Pero el porcentaje de vivienda protegida sufri\u00f3 una ca\u00edda notable hasta situarse en el 8,1% en 2003 y el 7,2% en 2002. Coincidiendo con el inicio del \u00abboom inmobiliario\u00bb se dispar\u00f3 hasta el 40% y en los dos \u00faltimos a\u00f1os ha ca\u00eddo hasta el 8%.<\/p>\n<p id=\"paragraph_7\" style=\"text-align: justify;\" data-gtm-vis-recent-on-screen-1664348_109=\"239974\" data-gtm-vis-first-on-screen-1664348_109=\"239974\" data-gtm-vis-total-visible-time-1664348_109=\"100\" data-gtm-vis-has-fired-1664348_109=\"1\">Eurostat considera que Espa\u00f1a tiene un 2,5% de alquileres sociales y no un 1,6% porque incluye otros tipos de vivienda, como las que pertenecen a C\u00e1ritas y a otras oeneg\u00e9s del llamado Tercer Sector, as\u00ed como las casas cuartel de la Guardia Civil o edificios del Ej\u00e9rcito.<\/p>\n<p style=\"text-align: justify;\" data-gtm-vis-recent-on-screen-1664348_109=\"239974\" data-gtm-vis-first-on-screen-1664348_109=\"239974\" data-gtm-vis-total-visible-time-1664348_109=\"100\" data-gtm-vis-has-fired-1664348_109=\"1\">Este 2,5% sit\u00faa a Espa\u00f1a en el \u00e1mbito de la Uni\u00f3n Europea por delante de Chipre, Lituania, Letonia, Malta, Ruman\u00eda y Grecia y en el entorno de pa\u00edses como Bulgaria (2,5%), Portugal (2%) o Eslovaquia (3%).<\/p>\n<p style=\"text-align: justify;\" data-gtm-vis-recent-on-screen-1664348_109=\"239974\" data-gtm-vis-first-on-screen-1664348_109=\"239974\" data-gtm-vis-total-visible-time-1664348_109=\"100\" data-gtm-vis-has-fired-1664348_109=\"1\">La media europea se sit\u00faa en el 9,3%, muy por delante de Espa\u00f1a. Alemania roza el 4%, Austria tiene un parque de alquileres sociales del 24% del total, Rep\u00fablica Checa del 9,4%, Dinamarca supera el 20%, Finlandia el 13%, Francia 16,8%, Suecia del 19% y Pa\u00edses Bajos del 30%.<\/p>\n<p style=\"text-align: justify;\">Tambi\u00e9n Espa\u00f1a se encuentra a la cola en cuanto al gasto medio por habitante entre los a\u00f1os 2007 y 2017. Espa\u00f1a gast\u00f3 una media de 35,4 euros frente a los casi 150 euros de la media europea. Reino Unido gast\u00f3 439 euros por habitante, Dinamarca 311 euros, Irlanda 250 euros, Luxemburgo 253 euros, Alemania 204 euros, Finlandia 208 euros, Suecia 187 y Pa\u00edses Bajos 155.<\/p>\n<p style=\"text-align: justify;\">El secretario general de Agenda Urbana y Vivienda,\u00a0David Lucas, ha se\u00f1alado en la presentaci\u00f3n del bolet\u00edn este jueves que: \u00abTenemos analizada la situaci\u00f3n y a partir de ahora contamos con proyectos para incentivar el alquiler social. Con el Plan 20.000, queremos hacer 20.000 viviendas ya localizadas\u00bb.<\/p>\n<p style=\"text-align: justify;\">Adem\u00e1s ha indicado que el ministro Jos\u00e9 Luis \u00c1balos ha presentado este jueves la nueva<em> Operaci\u00f3n Campamento<\/em>, un proyecto urban\u00edstico al suroeste de Madrid capital en el cual el 60% de las viviendas van a ser arrendamientos asequibles.<\/p>\n<p style=\"text-align: justify;\">El ministro ha aprovechado la presentaci\u00f3n del Bolet\u00edn Especial del Observatorio de Vivienda Social para anunciar que\u00a0este viernes se abrir\u00e1 el tr\u00e1mite de consulta p\u00fablica del proyecto de Ley Estatal por el Derecho a la Vivienda.<\/p>\n<p style=\"text-align: justify;\">Entre los objetivos de este proyecto de Ley\u00a0se encuentran la regulaci\u00f3n de las pol\u00edticas de vivienda como servicio p\u00fablico de inter\u00e9s general, el blindaje de la funci\u00f3n social de la vivienda o promover el desarrollo de los parques p\u00fablicos de vivienda estable.<\/p>\n<p style=\"text-align: justify;\">\u00abEn los \u00faltimos a\u00f1os, hemos podido ver c\u00f3mo se abandonaba la pol\u00edtica de vivienda social en Espa\u00f1a y se daba marcha atr\u00e1s. Se han vendido viviendas a fondos, anulando su car\u00e1cter social. Esto no puede volver a ocurrir\u00bb, ha se\u00f1alado \u00c1balos.<\/p>\n<div class=\"td-author-by\">Por<\/div>\n<p><a href=\"https:\/\/contrainformacion.es\/author\/contrainfo\/\">Contrainformacion.es<\/a><\/p>\n<blockquote class=\"wp-embedded-content\" data-secret=\"tcGHw3W8Ux\"><p><a href=\"https:\/\/contrainformacion.es\/espana-a-la-cola-alquiler-social-entra-grandes-paises-europeos\/\">Espa\u00f1a, a la cola en alquiler social entre los grandes pa\u00edses europeos<\/a><\/p><\/blockquote>\n<p><iframe loading=\"lazy\" class=\"wp-embedded-content\" sandbox=\"allow-scripts\" security=\"restricted\" style=\"position: absolute; visibility: hidden;\" title=\"\u00abEspa\u00f1a, a la cola en alquiler social entre los grandes pa\u00edses europeos\u00bb \u2014 Contrainformaci\u00f3n\" src=\"https:\/\/contrainformacion.es\/espana-a-la-cola-alquiler-social-entra-grandes-paises-europeos\/embed\/#?secret=H7EqF4zvfJ#?secret=tcGHw3W8Ux\" data-secret=\"tcGHw3W8Ux\" width=\"600\" height=\"338\" frameborder=\"0\" marginwidth=\"0\" marginheight=\"0\" scrolling=\"no\"><\/iframe><\/p>\n","protected":false},"excerpt":{"rendered":"<p>Solo dispone de un 1,6% de viviendas sociales frente al 30% de Holanda o el&#8230;<\/p>\n","protected":false},"author":1,"featured_media":42018,"comment_status":"closed","ping_status":"closed","sticky":false,"template":"","format":"standard","meta":{"_coblocks_attr":"","_coblocks_dimensions":"","_coblocks_responsive_height":"","_coblocks_accordion_ie_support":"","jetpack_post_was_ever_published":false,"_jetpack_newsletter_access":"","_jetpack_dont_email_post_to_subs":false,"_jetpack_newsletter_tier_id":0,"_jetpack_memberships_contains_paywalled_content":false,"_jetpack_memberships_contains_paid_content":false,"footnotes":"","jetpack_publicize_message":"","jetpack_publicize_feature_enabled":true,"jetpack_social_post_already_shared":false,"jetpack_social_options":{"image_generator_settings":{"template":"highway","default_image_id":0,"enabled":false},"version":2}},"categories":[1161,44,6937,15],"tags":[725,1053,7649],"class_list":["post-42017","post","type-post","status-publish","format-standard","has-post-thumbnail","hentry","category-ciudadania","category-noticias-de-hoy","category-sociedad","category-ultimas-noticias","tag-espana","tag-europa","tag-pisos-alquiler-social"],"jetpack_publicize_connections":[],"jetpack_featured_media_url":"https:\/\/i0.wp.com\/miradordeatarfe.es\/wp-content\/uploads\/2020\/09\/%C3%ADndice-10.jpg?fit=389%2C129&ssl=1","jetpack_likes_enabled":true,"jetpack_sharing_enabled":true,"_links":{"self":[{"href":"https:\/\/miradordeatarfe.es\/index.php?rest_route=\/wp\/v2\/posts\/42017","targetHints":{"allow":["GET"]}}],"collection":[{"href":"https:\/\/miradordeatarfe.es\/index.php?rest_route=\/wp\/v2\/posts"}],"about":[{"href":"https:\/\/miradordeatarfe.es\/index.php?rest_route=\/wp\/v2\/types\/post"}],"author":[{"embeddable":true,"href":"https:\/\/miradordeatarfe.es\/index.php?rest_route=\/wp\/v2\/users\/1"}],"replies":[{"embeddable":true,"href":"https:\/\/miradordeatarfe.es\/index.php?rest_route=%2Fwp%2Fv2%2Fcomments&post=42017"}],"version-history":[{"count":1,"href":"https:\/\/miradordeatarfe.es\/index.php?rest_route=\/wp\/v2\/posts\/42017\/revisions"}],"predecessor-version":[{"id":42019,"href":"https:\/\/miradordeatarfe.es\/index.php?rest_route=\/wp\/v2\/posts\/42017\/revisions\/42019"}],"wp:featuredmedia":[{"embeddable":true,"href":"https:\/\/miradordeatarfe.es\/index.php?rest_route=\/wp\/v2\/media\/42018"}],"wp:attachment":[{"href":"https:\/\/miradordeatarfe.es\/index.php?rest_route=%2Fwp%2Fv2%2Fmedia&parent=42017"}],"wp:term":[{"taxonomy":"category","embeddable":true,"href":"https:\/\/miradordeatarfe.es\/index.php?rest_route=%2Fwp%2Fv2%2Fcategories&post=42017"},{"taxonomy":"post_tag","embeddable":true,"href":"https:\/\/miradordeatarfe.es\/index.php?rest_route=%2Fwp%2Fv2%2Ftags&post=42017"}],"curies":[{"name":"wp","href":"https:\/\/api.w.org\/{rel}","templated":true}]}}