{"id":4203,"date":"2015-10-29T08:37:00","date_gmt":"2015-10-29T08:37:00","guid":{"rendered":"http:\/\/miradordeatarfe.es\/?p=4203"},"modified":"2015-10-30T09:24:19","modified_gmt":"2015-10-30T09:24:19","slug":"un-pasacalles-de-miedo-en-atarfe","status":"publish","type":"post","link":"https:\/\/miradordeatarfe.es\/?p=4203","title":{"rendered":"Un pasacalles de miedo en Atarfe"},"content":{"rendered":"<p><span class=\"contenidos_subtitulo\">La fiesta de Halloween recorre el s\u00e1bado las principales avenidas de ATARFE y finalizar\u00e1 con una fiesta infantil en las antiguas pistas de tenis del polideportivo municipal.<br \/>\n<\/span><br \/>\n<!--more--><\/p>\n<p><img data-recalc-dims=\"1\" decoding=\"async\" src=\"https:\/\/i0.wp.com\/www.ciudadatarfe.com\/data\/fotos_contenidos_web\/1392_1677_20151027101741.jpg?w=640\" alt=\"\" border=\"0\" \/><\/p>\n<p>Las calles de Atarfe se transformar\u00e1n el pr\u00f3ximo <strong><u>s\u00e1bado 31 de octubre<\/u><\/strong> en un escenario protagonizado por zombis, vampiros y seres del m\u00e1s all\u00e1. Como en ediciones anteriores, Atarfe celebra en v\u00edsperas del D\u00eda de los Santos el<strong> pasacalles de Halloween<\/strong> en el que participan cientos de vecinos ataviados con sus disfraces y sus maquillajes de ultratumba.<\/p>\n<p>La calabaza tallada a mano ser\u00e1 la protagonista de un desfile que parte <strong><u>a las 17 horas<\/u><\/strong> del Centro Cultural Medina Elvira y que recorrer\u00e1 las principales calles de la ciudad: Avenida de la Diputaci\u00f3n, Avenida de Andaluc\u00eda (Calle Real), Avenida de la Estaci\u00f3n, calle de la Noria y Avenida de la Libertad. El pasacalles finalizar\u00e1 con una fiesta infantil en las antiguas pistas de tenis del polideportivo municipal.<\/p>\n<p>&nbsp;<\/p>\n<div align=\"right\"><a href=\"http:\/\/www.ciudadatarfe.com\/index.php\"><img data-recalc-dims=\"1\" decoding=\"async\" src=\"https:\/\/i0.wp.com\/www.ciudadatarfe.com\/imagenes\/boton_volver.gif?w=640\" alt=\"Volver al Listado\" align=\"absmiddle\" border=\"0\" \/><\/a><\/div>\n","protected":false},"excerpt":{"rendered":"<p>La fiesta de Halloween recorre el s\u00e1bado las principales avenidas de ATARFE y finalizar\u00e1 con&#8230;<\/p>\n","protected":false},"author":1,"featured_media":4204,"comment_status":"closed","ping_status":"closed","sticky":false,"template":"","format":"standard","meta":{"_coblocks_attr":"","_coblocks_dimensions":"","_coblocks_responsive_height":"","_coblocks_accordion_ie_support":"","jetpack_post_was_ever_published":false,"_jetpack_newsletter_access":"","_jetpack_dont_email_post_to_subs":false,"_jetpack_newsletter_tier_id":0,"_jetpack_memberships_contains_paywalled_content":false,"_jetpack_memberships_contains_paid_content":false,"footnotes":"","jetpack_publicize_message":"","jetpack_publicize_feature_enabled":true,"jetpack_social_post_already_shared":false,"jetpack_social_options":{"image_generator_settings":{"template":"highway","default_image_id":0,"enabled":false},"version":2}},"categories":[2,15],"tags":[81,1409,1512],"class_list":["post-4203","post","type-post","status-publish","format-standard","has-post-thumbnail","hentry","category-atarfe","category-ultimas-noticias","tag-atarfe","tag-fiesta","tag-pasacalles"],"jetpack_publicize_connections":[],"jetpack_featured_media_url":"https:\/\/i0.wp.com\/miradordeatarfe.es\/wp-content\/uploads\/2015\/10\/HAL.jpg?fit=419%2C120&ssl=1","jetpack_likes_enabled":true,"jetpack_sharing_enabled":true,"_links":{"self":[{"href":"https:\/\/miradordeatarfe.es\/index.php?rest_route=\/wp\/v2\/posts\/4203","targetHints":{"allow":["GET"]}}],"collection":[{"href":"https:\/\/miradordeatarfe.es\/index.php?rest_route=\/wp\/v2\/posts"}],"about":[{"href":"https:\/\/miradordeatarfe.es\/index.php?rest_route=\/wp\/v2\/types\/post"}],"author":[{"embeddable":true,"href":"https:\/\/miradordeatarfe.es\/index.php?rest_route=\/wp\/v2\/users\/1"}],"replies":[{"embeddable":true,"href":"https:\/\/miradordeatarfe.es\/index.php?rest_route=%2Fwp%2Fv2%2Fcomments&post=4203"}],"version-history":[{"count":1,"href":"https:\/\/miradordeatarfe.es\/index.php?rest_route=\/wp\/v2\/posts\/4203\/revisions"}],"predecessor-version":[{"id":4205,"href":"https:\/\/miradordeatarfe.es\/index.php?rest_route=\/wp\/v2\/posts\/4203\/revisions\/4205"}],"wp:featuredmedia":[{"embeddable":true,"href":"https:\/\/miradordeatarfe.es\/index.php?rest_route=\/wp\/v2\/media\/4204"}],"wp:attachment":[{"href":"https:\/\/miradordeatarfe.es\/index.php?rest_route=%2Fwp%2Fv2%2Fmedia&parent=4203"}],"wp:term":[{"taxonomy":"category","embeddable":true,"href":"https:\/\/miradordeatarfe.es\/index.php?rest_route=%2Fwp%2Fv2%2Fcategories&post=4203"},{"taxonomy":"post_tag","embeddable":true,"href":"https:\/\/miradordeatarfe.es\/index.php?rest_route=%2Fwp%2Fv2%2Ftags&post=4203"}],"curies":[{"name":"wp","href":"https:\/\/api.w.org\/{rel}","templated":true}]}}