{"id":42108,"date":"2020-10-03T12:04:59","date_gmt":"2020-10-03T10:04:59","guid":{"rendered":"http:\/\/miradordeatarfe.es\/?p=42108"},"modified":"2020-10-03T12:03:23","modified_gmt":"2020-10-03T10:03:23","slug":"el-colapso-de-la-atencion-primaria-una-situacion-generalizada-por-maria-serra","status":"publish","type":"post","link":"https:\/\/miradordeatarfe.es\/?p=42108","title":{"rendered":"\u00abEL COLAPSO DE LA ATENCI\u00d3N PRIMARIA: una situaci\u00f3n generalizada\u00bb por Maria Serra"},"content":{"rendered":"<h3 style=\"text-align: justify;\">La Mesa en Defensa de la Sanidad P\u00fablica, MEDSAP, ha denunciado el colapso que se viene produciendo en la Atenci\u00f3n Primaria en Granada. Una realidad cada vez m\u00e1s com\u00fan y que afecta a toda la sociedad espa\u00f1ola.<\/h3>\n<p style=\"text-align: justify;\">Hablan de un plan \u201cirreal, inflexible y no adaptado\u201d, adem\u00e1s de la insuficiencia de la contrataci\u00f3n de rastreadores y epidemi\u00f3logos. La crisis de la covid-19 solo ha evidenciado un problema que ya exist\u00eda anteriormente: la precariedad de la sanidad p\u00fablica. Gran parte de este problema se debe al intento de la privatizaci\u00f3n de nuestra sanidad, denunciado reiteradamente por MEDSAP y numerosas asociaciones de inter\u00e9s p\u00fablico. Actualmente, la falta de accesibilidad a los centros de salud y la inexistente atenci\u00f3n presencial es uno de los problemas m\u00e1s presentes.<\/p>\n<p style=\"text-align: justify;\">Esta crisis ha exigido una adaptabilidad de la sanidad y supone una oportunidad para renovar y exigir responsabilidades en cuanto a recursos humanos e infraestructuras. Sin embargo, el resultado han sido los cierres de los centros de salud, la imposici\u00f3n de la atenci\u00f3n telem\u00e1tica y precaria y una reducci\u00f3n de personal sanitario.<\/p>\n<p style=\"text-align: justify;\">Desde el Sindicato de Enfermer\u00eda en Andaluc\u00eda, SATSE, reclaman al Servicio Andaluz de Salud (SAS) una incorporaci\u00f3n inmediata de medidas para evitar el colapso. Otro gran problema a\u00f1adido es que a las actividades rutinarias que los enfermeros asumen se han sumado la recogida de muestras PCR, seguimiento de pacientes con Covid-19 etc.<\/p>\n<p style=\"text-align: justify;\">Seg\u00fan los datos del SATSE, actualmente hay tan solo 4.900 enfermeros de Equipos B\u00e1sicos de Atenci\u00f3n Primaria y 966 en los Dispositivos de Apoyo. Andaluc\u00eda se encuentra por debajo de la media con 4\u201913 enfermeros por 1000 habitantes, mientras que la ratio europea es de 8\u20198 enfermeros por 1000 habitantes. Esto muestra la deficiencia que sufre nuestro sistema sanitario y la falta de medios que impiden la adaptabilidad de la sanidad y una mayor calidad de la atenci\u00f3n al ciudadano.<\/p>\n<p style=\"text-align: justify;\">Mientras todo esto ocurre (que no es un problema nuevo sino acumulado), la Junta se limita a decir que el colapso de la Atenci\u00f3n Primaria durar\u00e1 \u201clargo tiempo\u201d. Las largas colas en los centros de salud, las llamadas sin respuesta y la baja calidad de las citas telef\u00f3nicas (que tardan 2 semanas en dar) ser\u00e1 una constante en nuestro sistema, cada vez m\u00e1s castigado por la pasividad pol\u00edtica.<\/p>\n<p style=\"text-align: justify;\">Esta pasividad ocurre cuando no hay negocio rentable, situaci\u00f3n similar que nos recuerda al panorama de la educaci\u00f3n p\u00fablica. El otro dia le\u00eda una entrevista a la profesora Olga Garc\u00eda, una de las autoras del libro \u2018La escuela vaciada. La ense\u00f1anza en la \u00e9poca pospand\u00e9mica\u2019. En ella contaba que \u201cbajo los planteamientos neoliberales de que todo lo que es p\u00fablico tiene que convertirse en un negocio, poco futuro le queda a la escuela p\u00fablica y a sus alumnos y profesores\u201d.<\/p>\n<p style=\"text-align: justify;\">Algo parecido con nuestra sanidad; todo aquello que vemos en nuestro pueblo a nivel local se extrapola a nivel nacional con carencias cada vez m\u00e1s graves. Es un problema estructural que viene de un largo tiempo atr\u00e1s: falta de personal, inexistencia de vacantes MIR (que no falta de profesionales sanitarios), contratos precarios, carencia de los recursos necesarios y un largo etc.<\/p>\n<p style=\"text-align: justify;\">Testimonios de m\u00e9dicos de familia en Madrid por Olga Rodr\u00edguez v\u00eda elDiario.es: <a href=\"https:\/\/www.eldiario.es\/sociedad\/medicos-familia-madrid-achicando-agua-sistema-naufraga_1_6233597.html\">https:\/\/www.eldiario.es\/sociedad\/medicos-familia-madrid-achicando-agua-sistema-naufraga_1_6233597.html<\/a><\/p>\n<p style=\"text-align: justify;\">\nEntrevista a la profesora Olga Garc\u00eda por Miguel Mu\u00f1oz v\u00eda Cuarto Poder:<a href=\"https:\/\/www.cuartopoder.es\/espana\/educacion\/2020\/09\/27\/no-hay-futuro-para-la-escuela-publica-con-estos-parametros-neoliberales\/\"> https:\/\/www.cuartopoder.es\/espana\/educacion\/2020\/09\/27\/no-hay-futuro-para-la-escuela-publica-con-estos-parametros-neoliberales\/<\/a><\/p>\n<p style=\"text-align: justify;\">\nSobre la falta de m\u00e9dicos, plazas MIR, contratos precarios y necesidad de especialidades por Yolanda Garc\u00eda v\u00eda Newtral: <a href=\"https:\/\/www.newtral.es\/faltan-medicos-espana-mir\/20200923\/\">https:\/\/www.newtral.es\/faltan-medicos-espana-mir\/20200923\/<\/a><\/p>\n","protected":false},"excerpt":{"rendered":"<p>La Mesa en Defensa de la Sanidad P\u00fablica, MEDSAP, ha denunciado el colapso que se&#8230;<\/p>\n","protected":false},"author":1,"featured_media":42109,"comment_status":"closed","ping_status":"closed","sticky":false,"template":"","format":"standard","meta":{"_coblocks_attr":"","_coblocks_dimensions":"","_coblocks_responsive_height":"","_coblocks_accordion_ie_support":"","jetpack_post_was_ever_published":false,"_jetpack_newsletter_access":"","_jetpack_dont_email_post_to_subs":false,"_jetpack_newsletter_tier_id":0,"_jetpack_memberships_contains_paywalled_content":false,"_jetpack_memberships_contains_paid_content":false,"footnotes":"","jetpack_publicize_message":"","jetpack_publicize_feature_enabled":true,"jetpack_social_post_already_shared":false,"jetpack_social_options":{"image_generator_settings":{"template":"highway","default_image_id":0,"enabled":false},"version":2}},"categories":[2,186,7244,44,6937,15],"tags":[81,7663,3145,356],"class_list":["post-42108","post","type-post","status-publish","format-standard","has-post-thumbnail","hentry","category-atarfe","category-instituciones","category-opinion-de-maria-serra","category-noticias-de-hoy","category-sociedad","category-ultimas-noticias","tag-atarfe","tag-atencion-primaria","tag-centros-de-salud","tag-sanidad-publica"],"jetpack_publicize_connections":[],"jetpack_featured_media_url":"https:\/\/i0.wp.com\/miradordeatarfe.es\/wp-content\/uploads\/2020\/10\/centro-salud-artafe.jpg?fit=646%2C363&ssl=1","jetpack_likes_enabled":true,"jetpack_sharing_enabled":true,"_links":{"self":[{"href":"https:\/\/miradordeatarfe.es\/index.php?rest_route=\/wp\/v2\/posts\/42108","targetHints":{"allow":["GET"]}}],"collection":[{"href":"https:\/\/miradordeatarfe.es\/index.php?rest_route=\/wp\/v2\/posts"}],"about":[{"href":"https:\/\/miradordeatarfe.es\/index.php?rest_route=\/wp\/v2\/types\/post"}],"author":[{"embeddable":true,"href":"https:\/\/miradordeatarfe.es\/index.php?rest_route=\/wp\/v2\/users\/1"}],"replies":[{"embeddable":true,"href":"https:\/\/miradordeatarfe.es\/index.php?rest_route=%2Fwp%2Fv2%2Fcomments&post=42108"}],"version-history":[{"count":1,"href":"https:\/\/miradordeatarfe.es\/index.php?rest_route=\/wp\/v2\/posts\/42108\/revisions"}],"predecessor-version":[{"id":42110,"href":"https:\/\/miradordeatarfe.es\/index.php?rest_route=\/wp\/v2\/posts\/42108\/revisions\/42110"}],"wp:featuredmedia":[{"embeddable":true,"href":"https:\/\/miradordeatarfe.es\/index.php?rest_route=\/wp\/v2\/media\/42109"}],"wp:attachment":[{"href":"https:\/\/miradordeatarfe.es\/index.php?rest_route=%2Fwp%2Fv2%2Fmedia&parent=42108"}],"wp:term":[{"taxonomy":"category","embeddable":true,"href":"https:\/\/miradordeatarfe.es\/index.php?rest_route=%2Fwp%2Fv2%2Fcategories&post=42108"},{"taxonomy":"post_tag","embeddable":true,"href":"https:\/\/miradordeatarfe.es\/index.php?rest_route=%2Fwp%2Fv2%2Ftags&post=42108"}],"curies":[{"name":"wp","href":"https:\/\/api.w.org\/{rel}","templated":true}]}}