{"id":4258,"date":"2015-11-03T06:01:34","date_gmt":"2015-11-03T06:01:34","guid":{"rendered":"http:\/\/miradordeatarfe.es\/?p=4258"},"modified":"2015-11-03T09:18:42","modified_gmt":"2015-11-03T09:18:42","slug":"los-fotovoltaicos-denunciaran-el-real-decreto-de-autoconsumo-ante-el-supremo-y-europa","status":"publish","type":"post","link":"https:\/\/miradordeatarfe.es\/?p=4258","title":{"rendered":"Los fotovoltaicos denunciar\u00e1n el real decreto de autoconsumo ante el Supremo y Europa"},"content":{"rendered":"<div>Asimismo, la patronal critica que en la normativa no se ha aprobado una metodolog\u00eda sobre los cargos y \u00abse ha inventado\u00bb un cargo de manera transitoria.\u00a0 La Uni\u00f3n Espa\u00f1ola Fotovoltaica (UNEF) recurrir\u00e1 ante el Tribunal Supremo y las instancias europeas el real decreto de autoconsumo aprobado por el Gobierno a principios de este mes al considerar que incumple la ley del sector el\u00e9ctrico y que tiene car\u00e1cter retroactivo.<\/div>\n<p><!--more--><\/p>\n<div><\/div>\n<div>De esta manera, la patronal prepara una bater\u00eda de medidas legales que ser\u00e1n aprobadas este mes de noviembre para presentarse antes del pr\u00f3ximo 10 de diciembre, ya que considera que el marco regulatorio penaliza a los <strong>autoconsumidores<\/strong> \u00ab<em>al hacerles pagar m\u00e1s que el resto de los consumidores\u00bb<\/em>, se\u00f1al\u00f3 David D\u00edez, abogado socio de Watson, Farley &amp; Williams Spain.<\/div>\n<div><\/div>\n<div>Asimismo, la patronal critica que en la normativa no se ha aprobado una metodolog\u00eda sobre los cargos y \u00abse ha inventado\u00bb un cargo de manera transitoria. En un encuentro con la prensa, el director general de UNEF, Jos\u00e9 Donoso, asegur\u00f3 que este real decreto proh\u00edbe el autoconsumo productivo y que ser\u00e1 \u00abmuy dif\u00edcil\u00bb su desarrollo en Espa\u00f1a. Adem\u00e1s, puso en tela de juicio los c\u00e1lculos presentados sobre la norma por los informes de Boston Consulting Group y PwC e indic\u00f3 que, seg\u00fan las estimaciones de la patronal, por cada 100 megavatios (MW) que se instalen los ingresos del sistema se ver\u00e1n reducidos en 2,6 millones de euros, una carga que \u00abno parece insoportable para nadie\u00bb teniendo en cuenta que los ingresos totales del sistema asciende a unos 18.000 millones de euros.<\/div>\n<div><\/div>\n<div>Por otra parte, consider\u00f3 que las estimaciones en lo que respecta a la capacidad de penetraci\u00f3n de ambos informes, que planteaban unos escenarios para un autoconsumo sin cargas de 11.192 MW (Boston Consulting) y de 39.000 MW (PwC), tienen \u00abuna voluntad propagand\u00edstica de generar alarma social\u00bb.<\/div>\n<div><\/div>\n<div>Para Donoso, la capacidad de penetraci\u00f3n con el marco que plantea el real decreto es \u00abactualmente muy peque\u00f1o\u00bb, mientras que en el caso de ausencia de cargos podr\u00eda ascender a unos 1.700 MW. ACUSA A RAJOY DE \u00abDESINFORMAR Y NO DECIR LA VERDAD\u00bb.<\/div>\n<div><\/div>\n<div>Asimismo, el director general de UNEF acus\u00f3 al presidente del Gobierno, Mariano Rajoy, de \u00abdesinformar y no decir la verdad\u00bb al afirmar que las primas a las renovables hab\u00edan sido las grandes culpables de la generaci\u00f3n del d\u00e9ficit de tarifa de casi 30.000 millones de euros y asegurar que las instalaciones fotovoltaicas llegaron a contar con rentabilidades del 20%. \u00abLas dos afirmaciones son falsas\u00bb, asegur\u00f3 Donoso, quien se\u00f1al\u00f3 que la rentabilidad media de las plantas fotovoltaicas era del 6%, mientras que la responsabilidad en el d\u00e9ficit correspondiente al antiguo r\u00e9gimen especial (renovables, cogeneraci\u00f3n y residuos) s\u00f3lo representa el 22% del total.<\/div>\n<div><\/div>\n<div>A este respecto, indic\u00f3 que la mayor parte del d\u00e9ficit generado en el sistema, el 41%, es \u00abresponsabilidad exclusiva de los gobiernos\u00bb por desviaciones por d\u00e9ficit pol\u00edtico. As\u00ed, el director general de UNEF critic\u00f3 que el ajuste s\u00f3lo se ha realizado sobre esa parte del 22% correspondiente a las renovables. P\u00c9RDIDA DE EMPLEOS DESDE 40.000 HASTA LOS 5.000 ACTUALES.<\/div>\n<div><\/div>\n<div>\n<p>En su informe anual 2015, UNEF se\u00f1ala que de los 22 MW instalados el a\u00f1o pasado en Espa\u00f1a, la mayor\u00eda (m\u00e1s de 17 MW) correspondieron a proyectos de autoconsumo o aislados de la red. Adem\u00e1s, destaca que las reformas del Gobierno no han garantizado una \u00abrentabilidad razonable\u00bb como auguraban y mantienen la inseguridad jur\u00eddica. En lo que respecta al empleo, subraya que ha continuado la salida de profesionales de alta cualificaci\u00f3n de Espa\u00f1a y la p\u00e9rdida de fuerza laboral en el pa\u00eds, que lleg\u00f3 a generar m\u00e1s de 40.000 puestos de trabajo y que actualmente s\u00f3lo mantiene 5.000.<\/p>\n<p>Fuente: <a href=\"http:\/\/www.ecoticias.com\/energias-renovables\/108339\/Los-fotovoltaicos-denunciaran-el-real-decreto-de-autoconsumo-el-Supremo-y-Europa?utm_source=MailingList&amp;utm_medium=email&amp;utm_campaign=29%2F10%2F2015+eco\" rel=\"nofollow\">http:\/\/www.ecoticias.com\/energias-renovables\/108339\/Los-fotovoltaicos-denunciaran-el-real-decreto-de-autoconsumo-el-Supremo-y-Europa?utm_source=MailingList&amp;utm_medium=email&amp;utm_campaign=29%2F10%2F2015+eco<\/a><\/p>\n<\/div>\n","protected":false},"excerpt":{"rendered":"<p>Asimismo, la patronal critica que en la normativa no se ha aprobado una metodolog\u00eda sobre&#8230;<\/p>\n","protected":false},"author":1,"featured_media":4297,"comment_status":"closed","ping_status":"closed","sticky":false,"template":"","format":"standard","meta":{"_coblocks_attr":"","_coblocks_dimensions":"","_coblocks_responsive_height":"","_coblocks_accordion_ie_support":"","jetpack_post_was_ever_published":false,"_jetpack_newsletter_access":"","_jetpack_dont_email_post_to_subs":false,"_jetpack_newsletter_tier_id":0,"_jetpack_memberships_contains_paywalled_content":false,"_jetpack_memberships_contains_paid_content":false,"footnotes":"","jetpack_publicize_message":"","jetpack_publicize_feature_enabled":true,"jetpack_social_post_already_shared":false,"jetpack_social_options":{"image_generator_settings":{"template":"highway","default_image_id":0,"enabled":false},"version":2}},"categories":[44,15],"tags":[588,1355],"class_list":["post-4258","post","type-post","status-publish","format-standard","has-post-thumbnail","hentry","category-noticias-de-hoy","category-ultimas-noticias","tag-energia","tag-renovables"],"jetpack_publicize_connections":[],"jetpack_featured_media_url":"https:\/\/i0.wp.com\/miradordeatarfe.es\/wp-content\/uploads\/2015\/11\/FOTOV.jpg?fit=336%2C150&ssl=1","jetpack_likes_enabled":true,"jetpack_sharing_enabled":true,"_links":{"self":[{"href":"https:\/\/miradordeatarfe.es\/index.php?rest_route=\/wp\/v2\/posts\/4258","targetHints":{"allow":["GET"]}}],"collection":[{"href":"https:\/\/miradordeatarfe.es\/index.php?rest_route=\/wp\/v2\/posts"}],"about":[{"href":"https:\/\/miradordeatarfe.es\/index.php?rest_route=\/wp\/v2\/types\/post"}],"author":[{"embeddable":true,"href":"https:\/\/miradordeatarfe.es\/index.php?rest_route=\/wp\/v2\/users\/1"}],"replies":[{"embeddable":true,"href":"https:\/\/miradordeatarfe.es\/index.php?rest_route=%2Fwp%2Fv2%2Fcomments&post=4258"}],"version-history":[{"count":2,"href":"https:\/\/miradordeatarfe.es\/index.php?rest_route=\/wp\/v2\/posts\/4258\/revisions"}],"predecessor-version":[{"id":4296,"href":"https:\/\/miradordeatarfe.es\/index.php?rest_route=\/wp\/v2\/posts\/4258\/revisions\/4296"}],"wp:featuredmedia":[{"embeddable":true,"href":"https:\/\/miradordeatarfe.es\/index.php?rest_route=\/wp\/v2\/media\/4297"}],"wp:attachment":[{"href":"https:\/\/miradordeatarfe.es\/index.php?rest_route=%2Fwp%2Fv2%2Fmedia&parent=4258"}],"wp:term":[{"taxonomy":"category","embeddable":true,"href":"https:\/\/miradordeatarfe.es\/index.php?rest_route=%2Fwp%2Fv2%2Fcategories&post=4258"},{"taxonomy":"post_tag","embeddable":true,"href":"https:\/\/miradordeatarfe.es\/index.php?rest_route=%2Fwp%2Fv2%2Ftags&post=4258"}],"curies":[{"name":"wp","href":"https:\/\/api.w.org\/{rel}","templated":true}]}}