{"id":42683,"date":"2020-11-01T09:42:59","date_gmt":"2020-11-01T08:42:59","guid":{"rendered":"http:\/\/miradordeatarfe.es\/?p=42683"},"modified":"2020-10-29T00:05:12","modified_gmt":"2020-10-28T23:05:12","slug":"mujeres-que-cambiaron-la-historia-21-angela-ruiz-robles","status":"publish","type":"post","link":"https:\/\/miradordeatarfe.es\/?p=42683","title":{"rendered":"MUJERES QUE CAMBIARON LA HISTORIA (22): ANGELA RUIZ ROBLES"},"content":{"rendered":"<h3 style=\"text-align: justify;\"><b>\u00c1ngela Ruiz Robles<\/b> (Villaman\u00edn, 28 de marzo de 1895-Ferrol, 27 de octubre de 1975) fue una maestra, escritora e inventora espa\u00f1ola, precursora del libro electr\u00f3nico.<\/h3>\n<p style=\"text-align: justify;\">Entre 1944 y 1949 llev\u00f3 a cabo varios proyectos. En 1944 realiz\u00f3 el proyecto del atlas cient\u00edfico-gramatical, con la finalidad de dar a conocer Espa\u00f1a con gram\u00e1tica, sintaxis, morfolog\u00eda, ortograf\u00eda y fon\u00e9tica. Despu\u00e9s realiz\u00f3 el proyecto de la m\u00e1quina taquimecanogr\u00e1fica.<\/p>\n<p style=\"text-align: justify;\">En 1949 desarroll\u00f3 la primera propuesta de enciclopedia mec\u00e1nica. Patentada con fecha 7 de diciembre de 1949, seg\u00fan la patente n\u00fam. 190.698. En 1962 se realiz\u00f3 un prototipo de la enciclopedia mec\u00e1nica, construido en el Parque de Artiller\u00eda de Ferrol (La Coru\u00f1a), siendo ella misma quien dirigi\u00f3 los trabajos. Desde el 2006, la Enciclopedia form\u00f3 parte de la Exposici\u00f3n del Museo Pedag\u00f3gico de Galicia (MUPEGA)<sup id=\"cite_ref-4\" class=\"reference separada\"><\/sup>\u200b en Santiago de Compostela (La Coru\u00f1a) hasta el 4 de mayo de 2012, que pas\u00f3 a la Exposici\u00f3n permanente del Museo Nacional de Ciencia y Tecnolog\u00eda de La Coru\u00f1a.<sup id=\"cite_ref-5\" class=\"reference separada\"><\/sup><\/p>\n<p style=\"text-align: justify;\">La enciclopedia mec\u00e1nica era necesaria seg\u00fan sus explicaciones porque: \u00abaligera el peso de las carteras de los alumnos, hace m\u00e1s atractivo el aprendizaje y adapta la ense\u00f1anza al nivel de cada estudiante. Port\u00e1til, que pese poco, de uso en casa y en el colegio, con la posibilidad de adaptarse a alumnos de todos los niveles y a los que tengan problemas de visi\u00f3n. Apoya al aprendizaje con sonidos. Ense\u00f1a varios idiomas. Facilita el aprendizaje en la oscuridad incorporando luz. Da soporte para que otros maestros a\u00f1adan sus propios materiales y aminorar costes\u00bb.<sup id=\"cite_ref-9\" class=\"reference separada\"><\/sup>\u200b\u00abLos libros mec\u00e1nicos proporcionan much\u00edsimas ventajas. El m\u00edo ha sido ideado para todos los idiomas y facilita grandemente el trabajo a profesores y alumnos. Ideovisual, responde al progreso del vivir actual y cumple las leyes de ense\u00f1anza general. Por su calidad de internacionalidad, facilita en el mundo el arte de ense\u00f1ar a profesores, pedagogos, especialistas de la ense\u00f1anza. Es atractiva y pr\u00e1ctica. Se trata de una pedagog\u00eda ultramoderna que act\u00faa las realidades pedag\u00f3gicas. Auxilia a la ciencia de la Ense\u00f1anza y creo que cumple los fines que me he puesto al idearlo\u00bb.<sup id=\"cite_ref-10\" class=\"reference separada\"><\/sup>\u200b<\/p>\n<p>En 1970 en Bruselas, el vicepresidente para Espa\u00f1a, delegado oficial para Am\u00e9rica Latina y director de la revista <i>T\u00e9cnica e Invenci\u00f3n<\/i>, declar\u00f3 en la presentaci\u00f3n de la investigaci\u00f3n realizada por un equipo de cient\u00edficos durante siete a\u00f1os en busca de inventos espa\u00f1oles:<\/p>\n<blockquote class=\"flexquote\">\n<div class=\"flex\">\n<div class=\"quote\"><em>En 20 siglos, tanto en Espa\u00f1a como en otras naciones, le aseguro que en ninguno de los numerosos centros de investigaci\u00f3n que hemos consultado exist\u00eda referencia alguna sobre ingenios de origen femenino. Creo que la situaci\u00f3n no es solo espa\u00f1ola, porque tanto aqu\u00ed como en el resto de los pa\u00edses la mujer signific\u00f3 bastante poco. La \u00fanica inventora espa\u00f1ola es Do\u00f1a \u00c1ngela Ruiz Robles miembro de la Orden de Alfonso X el Sabio y poseedora de numerosos premios nacionales e internacionales a la invenci\u00f3n. Do\u00f1a \u00c1ngela se encuentra representada en esta Exposici\u00f3n por tres ingenios verdaderamente importantes en lo que a la ense\u00f1anza se refiere: la m\u00e1quina taquimecanogr\u00e1fica, un atlas ling\u00fc\u00edstico gramatical y la enciclopedia mec\u00e1nica que ha sido aprobada por el Ministerio Educaci\u00f3n y Ciencia para texto de ense\u00f1anza.<sup id=\"cite_ref-11\" class=\"reference separada\"><\/sup>\u200b<\/em><\/div>\n<\/div>\n<\/blockquote>\n<blockquote class=\"flexquote\">\n<div class=\"flex\">\n<div class=\"quote\"><em>En 1970 rechaz\u00f3 una proposici\u00f3n en Washington de explotar sus patentes en EE.\u00a0UU. porque quer\u00eda que fuera desarrollada en su pa\u00eds, \u00abporque Ferrol fue su cuna\u00bb. En 1949 se adelant\u00f3 a su tiempo preconizando la llegada de la nueva era de los libros electr\u00f3nicos, podemos decir que el primer libro electr\u00f3nico naci\u00f3 en Ferrol gracias ella.<sup id=\"cite_ref-12\" class=\"reference separada\"><a href=\"https:\/\/es.wikipedia.org\/wiki\/%C3%81ngela_Ruiz_Robles#cite_note-12\">12<\/a><\/sup>\u200b<\/em><\/div>\n<\/div>\n<\/blockquote>\n<p>&nbsp;<\/p>\n<p><a href=\"https:\/\/i0.wp.com\/miradordeatarfe.es\/wp-content\/uploads\/2020\/10\/RUIZROBLES.jpg?ssl=1\"><img data-recalc-dims=\"1\" loading=\"lazy\" decoding=\"async\" class=\"alignnone size-full wp-image-42684\" src=\"https:\/\/i0.wp.com\/miradordeatarfe.es\/wp-content\/uploads\/2020\/10\/RUIZROBLES.jpg?resize=640%2C914&#038;ssl=1\" alt=\"\" width=\"640\" height=\"914\" srcset=\"https:\/\/i0.wp.com\/miradordeatarfe.es\/wp-content\/uploads\/2020\/10\/RUIZROBLES.jpg?w=840&amp;ssl=1 840w, https:\/\/i0.wp.com\/miradordeatarfe.es\/wp-content\/uploads\/2020\/10\/RUIZROBLES.jpg?resize=210%2C300&amp;ssl=1 210w, https:\/\/i0.wp.com\/miradordeatarfe.es\/wp-content\/uploads\/2020\/10\/RUIZROBLES.jpg?resize=717%2C1024&amp;ssl=1 717w, https:\/\/i0.wp.com\/miradordeatarfe.es\/wp-content\/uploads\/2020\/10\/RUIZROBLES.jpg?resize=768%2C1097&amp;ssl=1 768w, https:\/\/i0.wp.com\/miradordeatarfe.es\/wp-content\/uploads\/2020\/10\/RUIZROBLES.jpg?resize=600%2C857&amp;ssl=1 600w\" sizes=\"auto, (max-width: 640px) 100vw, 640px\" \/><\/a><\/p>\n","protected":false},"excerpt":{"rendered":"<p>\u00c1ngela Ruiz Robles (Villaman\u00edn, 28 de marzo de 1895-Ferrol, 27 de octubre de 1975) fue&#8230;<\/p>\n","protected":false},"author":1,"featured_media":42685,"comment_status":"closed","ping_status":"closed","sticky":false,"template":"","format":"standard","meta":{"_coblocks_attr":"","_coblocks_dimensions":"","_coblocks_responsive_height":"","_coblocks_accordion_ie_support":"","jetpack_post_was_ever_published":false,"_jetpack_newsletter_access":"","_jetpack_dont_email_post_to_subs":false,"_jetpack_newsletter_tier_id":0,"_jetpack_memberships_contains_paywalled_content":false,"_jetpack_memberships_contains_paid_content":false,"footnotes":"","jetpack_publicize_message":"","jetpack_publicize_feature_enabled":true,"jetpack_social_post_already_shared":false,"jetpack_social_options":{"image_generator_settings":{"template":"highway","default_image_id":0,"enabled":false},"version":2}},"categories":[1161,14,44,6937,15],"tags":[41,1125,7752],"class_list":["post-42683","post","type-post","status-publish","format-standard","has-post-thumbnail","hentry","category-ciudadania","category-feminismo","category-noticias-de-hoy","category-sociedad","category-ultimas-noticias","tag-feminismo","tag-historia","tag-mujres"],"jetpack_publicize_connections":[],"jetpack_featured_media_url":"https:\/\/i0.wp.com\/miradordeatarfe.es\/wp-content\/uploads\/2020\/10\/2124850a.jpg?fit=1200%2C675&ssl=1","jetpack_likes_enabled":true,"jetpack_sharing_enabled":true,"_links":{"self":[{"href":"https:\/\/miradordeatarfe.es\/index.php?rest_route=\/wp\/v2\/posts\/42683","targetHints":{"allow":["GET"]}}],"collection":[{"href":"https:\/\/miradordeatarfe.es\/index.php?rest_route=\/wp\/v2\/posts"}],"about":[{"href":"https:\/\/miradordeatarfe.es\/index.php?rest_route=\/wp\/v2\/types\/post"}],"author":[{"embeddable":true,"href":"https:\/\/miradordeatarfe.es\/index.php?rest_route=\/wp\/v2\/users\/1"}],"replies":[{"embeddable":true,"href":"https:\/\/miradordeatarfe.es\/index.php?rest_route=%2Fwp%2Fv2%2Fcomments&post=42683"}],"version-history":[{"count":2,"href":"https:\/\/miradordeatarfe.es\/index.php?rest_route=\/wp\/v2\/posts\/42683\/revisions"}],"predecessor-version":[{"id":42781,"href":"https:\/\/miradordeatarfe.es\/index.php?rest_route=\/wp\/v2\/posts\/42683\/revisions\/42781"}],"wp:featuredmedia":[{"embeddable":true,"href":"https:\/\/miradordeatarfe.es\/index.php?rest_route=\/wp\/v2\/media\/42685"}],"wp:attachment":[{"href":"https:\/\/miradordeatarfe.es\/index.php?rest_route=%2Fwp%2Fv2%2Fmedia&parent=42683"}],"wp:term":[{"taxonomy":"category","embeddable":true,"href":"https:\/\/miradordeatarfe.es\/index.php?rest_route=%2Fwp%2Fv2%2Fcategories&post=42683"},{"taxonomy":"post_tag","embeddable":true,"href":"https:\/\/miradordeatarfe.es\/index.php?rest_route=%2Fwp%2Fv2%2Ftags&post=42683"}],"curies":[{"name":"wp","href":"https:\/\/api.w.org\/{rel}","templated":true}]}}