{"id":427,"date":"2015-03-18T06:27:59","date_gmt":"2015-03-18T06:27:59","guid":{"rendered":"http:\/\/miradordeatarfe.es\/?p=427"},"modified":"2015-03-19T08:53:05","modified_gmt":"2015-03-19T08:53:05","slug":"hoy-mitin-de-podemos-en-atarfe","status":"publish","type":"post","link":"https:\/\/miradordeatarfe.es\/?p=427","title":{"rendered":"HOY MITIN DE PODEMOS EN ATARFE"},"content":{"rendered":"<p class=\"entry-title\">El mi\u00e9rcoles 18 de marzo a las 19:30 h en la Plaza de Espa\u00f1a (plaza del Ayuntamiento), tendr\u00e1 lugar un mitin de campa\u00f1a electoral con el candidato n\u00famero uno por Granada, Jos\u00e9 L uis Serrano, la candidata n\u00famero dos por Granada, Carmen Lizarraga, y los miembros del consej o ciudadano de Atarfe, Paco Quesada y Rosa Felix.,,\u00danete al\u00a0cambio.<!--more--><a href=\"https:\/\/i0.wp.com\/miradordeatarfe.es\/wp-content\/uploads\/2015\/03\/pdm-and-atarfe18-web.jpg?ssl=1\"><img data-recalc-dims=\"1\" loading=\"lazy\" decoding=\"async\" class=\"alignnone size-full wp-image-428\" src=\"https:\/\/i0.wp.com\/miradordeatarfe.es\/wp-content\/uploads\/2015\/03\/pdm-and-atarfe18-web.jpg?resize=620%2C877&#038;ssl=1\" alt=\"pdm-and-atarfe18-web\" width=\"620\" height=\"877\" srcset=\"https:\/\/i0.wp.com\/miradordeatarfe.es\/wp-content\/uploads\/2015\/03\/pdm-and-atarfe18-web.jpg?w=620&amp;ssl=1 620w, https:\/\/i0.wp.com\/miradordeatarfe.es\/wp-content\/uploads\/2015\/03\/pdm-and-atarfe18-web.jpg?resize=212%2C300&amp;ssl=1 212w, https:\/\/i0.wp.com\/miradordeatarfe.es\/wp-content\/uploads\/2015\/03\/pdm-and-atarfe18-web.jpg?resize=600%2C849&amp;ssl=1 600w\" sizes=\"auto, (max-width: 620px) 100vw, 620px\" \/><\/a><\/p>\n","protected":false},"excerpt":{"rendered":"<p>El mi\u00e9rcoles 18 de marzo a las 19:30 h en la Plaza de Espa\u00f1a (plaza&#8230;<\/p>\n","protected":false},"author":1,"featured_media":0,"comment_status":"closed","ping_status":"closed","sticky":false,"template":"","format":"standard","meta":{"_coblocks_attr":"","_coblocks_dimensions":"","_coblocks_responsive_height":"","_coblocks_accordion_ie_support":"","jetpack_post_was_ever_published":false,"_jetpack_newsletter_access":"","_jetpack_dont_email_post_to_subs":false,"_jetpack_newsletter_tier_id":0,"_jetpack_memberships_contains_paywalled_content":false,"_jetpack_memberships_contains_paid_content":false,"footnotes":"","jetpack_publicize_message":"","jetpack_publicize_feature_enabled":true,"jetpack_social_post_already_shared":false,"jetpack_social_options":{"image_generator_settings":{"template":"highway","default_image_id":0,"enabled":false},"version":2}},"categories":[2,15],"tags":[209,210],"class_list":["post-427","post","type-post","status-publish","format-standard","hentry","category-atarfe","category-ultimas-noticias","tag-mitin","tag-podemos"],"jetpack_publicize_connections":[],"jetpack_featured_media_url":"","jetpack_likes_enabled":true,"jetpack_sharing_enabled":true,"_links":{"self":[{"href":"https:\/\/miradordeatarfe.es\/index.php?rest_route=\/wp\/v2\/posts\/427","targetHints":{"allow":["GET"]}}],"collection":[{"href":"https:\/\/miradordeatarfe.es\/index.php?rest_route=\/wp\/v2\/posts"}],"about":[{"href":"https:\/\/miradordeatarfe.es\/index.php?rest_route=\/wp\/v2\/types\/post"}],"author":[{"embeddable":true,"href":"https:\/\/miradordeatarfe.es\/index.php?rest_route=\/wp\/v2\/users\/1"}],"replies":[{"embeddable":true,"href":"https:\/\/miradordeatarfe.es\/index.php?rest_route=%2Fwp%2Fv2%2Fcomments&post=427"}],"version-history":[{"count":1,"href":"https:\/\/miradordeatarfe.es\/index.php?rest_route=\/wp\/v2\/posts\/427\/revisions"}],"predecessor-version":[{"id":430,"href":"https:\/\/miradordeatarfe.es\/index.php?rest_route=\/wp\/v2\/posts\/427\/revisions\/430"}],"wp:attachment":[{"href":"https:\/\/miradordeatarfe.es\/index.php?rest_route=%2Fwp%2Fv2%2Fmedia&parent=427"}],"wp:term":[{"taxonomy":"category","embeddable":true,"href":"https:\/\/miradordeatarfe.es\/index.php?rest_route=%2Fwp%2Fv2%2Fcategories&post=427"},{"taxonomy":"post_tag","embeddable":true,"href":"https:\/\/miradordeatarfe.es\/index.php?rest_route=%2Fwp%2Fv2%2Ftags&post=427"}],"curies":[{"name":"wp","href":"https:\/\/api.w.org\/{rel}","templated":true}]}}