{"id":4275,"date":"2015-11-03T07:20:41","date_gmt":"2015-11-03T06:20:41","guid":{"rendered":"http:\/\/miradordeatarfe.es\/?p=4275"},"modified":"2016-11-02T11:24:16","modified_gmt":"2016-11-02T10:24:16","slug":"campana-para-vacunarse-contra-la-gripe","status":"publish","type":"post","link":"https:\/\/miradordeatarfe.es\/?p=4275","title":{"rendered":"Campa\u00f1a para vacunarse contra la gripe"},"content":{"rendered":"<p style=\"text-align: justify;\"><span class=\"contenidos_subtitulo\">La Consejer\u00eda de Salud ha puesto en marcha la campa\u00f1a de prevenci\u00f3n. Se dirige a mayores de 65 a\u00f1os, a personas con enfermedades cr\u00f3nicas, personal sanitario y embarazadas.<\/span><br \/>\n<!--more--><\/p>\n<div style=\"text-align: justify;\">La <strong>Consejer\u00eda de Salud de la Junta de Andaluc\u00eda<\/strong> ya ha puesto en marcha la\u00a0campa\u00f1a de vacunaci\u00f3n contra la gripe. Se trata de una enfermedad que no plantea serios problemas de salud para la mayor parte de los ciudadanos salvo para determinados colectivos, a los que puede causar complicaciones que pueden llegar a ser graves. Para prevenir la gripe no s\u00f3lo es importante la vacunaci\u00f3n, tambi\u00e9n lo es la higiene en las manos y otros cuidados.<\/div>\n<div style=\"text-align: justify;\"><\/div>\n<div style=\"text-align: justify;\">Los ciudadanos deben saber que la vacuna es un medicamento preventivo que inmuniza contra determinadas enfermedades. Tambi\u00e9n es sumamente importante realizar<strong> un uso adecuado y responsable de los servicios sanitarios para evitar su saturaci\u00f3n y facilitar su buen funcionamiento<\/strong>. Hay que hacer uso de las urgencias hospitalarias s\u00f3lo en los casos en los que la gravedad sea extrema. Lo adecuado es <strong>pedir cita en tu centro de salud<\/strong>. Para resolver cualquier duda sobre cuestiones sanitarias, los ciudadanos tienen disponible las 24 horas del d\u00eda, los 365 d\u00edas del a\u00f1o, el <strong>servicio Salud Responde, accesible con una simple llamadas al <u>902 505 060<\/u> o a trav\u00e9s del correo electr\u00f3nico (saludresponde@juntadeandalucia.es)<\/strong>.<\/div>\n<div style=\"text-align: justify;\"><\/div>\n<div style=\"text-align: justify;\">\u00a0<span style=\"font-size: medium;\">\u00bfQui\u00e9nes se deben de vacunar frente a la gripe?<\/span><\/div>\n<div style=\"text-align: justify;\"><\/div>\n<div style=\"text-align: justify;\">No todas las personas necesitan vacunarse. S\u00f3lo res recomendable para los siguientes colectivos:<\/div>\n<div style=\"text-align: justify;\"><\/div>\n<div style=\"text-align: justify;\"><strong>1.<\/strong> <strong>Personas mayores o igual a 65 a\u00f1os de edad<\/strong>. Se har\u00e1 especial \u00e9nfasis en aquellas personas que conviven en instituciones cerradas.<\/div>\n<div style=\"text-align: justify;\"><\/div>\n<div style=\"text-align: justify;\"><strong>2. Personas menores de 65 a\u00f1os que, por presentar una condici\u00f3n cl\u00ednica especial tienen un alto riesgo de complicaciones derivadas de la gripe o porque el padecer la enfermedad pueda provocar una descompensaci\u00f3n de su condici\u00f3n m\u00e9dica<\/strong>:<\/div>\n<div style=\"text-align: justify;\"><\/div>\n<div style=\"text-align: justify;\">&#8211; Ni\u00f1os\/as (mayores de 6 meses) y adultos con enfermedades cr\u00f3nicas cardiovasculares o pulmonares, incluyendo: displasia bronco-pulmonar, fibrosis qu\u00edstica y asma.<\/div>\n<div style=\"text-align: justify;\">&#8211; Ni\u00f1os\/as (mayores de 6 meses) y adultos con enfermedades metab\u00f3licas cr\u00f3nicas, incluyendo: diabetes mellitus; obesidad m\u00f3rbida (\u00edndice de masa corporal igual o superior a 40); insuficiencia renal; hemoglobinopat\u00edas y anemias; asplenia; enfermedad hep\u00e1tica cr\u00f3nica; enfermedades neuromusculares graves o inmunosupresi\u00f3n, incluida la originada por la infecci\u00f3n de VIH o por f\u00e1rmacos o en los receptores de trasplantes; enfermedades que conllevan disfunci\u00f3n cognitiva: s\u00edndrome de Down, demencias y otras. En este grupo se har\u00e1 un especial \u00e9nfasis en aquellas personas que precisen seguimiento m\u00e9dico peri\u00f3dico o que hayan sido hospitalizadas en el a\u00f1o precedente.<\/div>\n<div style=\"text-align: justify;\">&#8211; Personas que conviven en residencias, instituciones o en centros que prestan asistencia a enfermos cr\u00f3nicos de cualquier edad.<\/div>\n<div style=\"text-align: justify;\">&#8211; Ni\u00f1os\/as y adolescentes, de 6 meses a 18 a\u00f1os, que reciben tratamiento prolongado con \u00e1cido acetil salic\u00edlico, por la posibilidad de desarrollar un s\u00edndrome de Reye tras la gripe.<\/div>\n<div style=\"text-align: justify;\">&#8211; Mujeres embarazadas.<\/div>\n<div style=\"text-align: justify;\"><\/div>\n<div style=\"text-align: justify;\"><strong>3. Personas que pueden transmitir la gripe a aquellas que tienen un alto riesgo de presentar complicaciones<\/strong><\/div>\n<div style=\"text-align: justify;\"><\/div>\n<div style=\"text-align: justify;\">-Trabajadores de los centros sanitarios, tanto de atenci\u00f3n primaria como especializada y hospitalaria; p\u00fablica y privada. Se har\u00e1 especial \u00e9nfasis en aquellos profesionales que atienden a pacientes de algunos de los grupos de alto riesgo anteriormente descritos.<\/div>\n<div style=\"text-align: justify;\">&#8211; Personas que por su ocupaci\u00f3n trabajan en instituciones geri\u00e1tricas o en centros de atenci\u00f3n a enfermos cr\u00f3nicos, especialmente los que tengan contacto continuo con personas vulnerables.<\/div>\n<div style=\"text-align: justify;\">&#8211; Personas que proporcionen cuidados domiciliarios a pacientes de alto riesgo o ancianos.<\/div>\n<div style=\"text-align: justify;\">&#8211; Personas que conviven en el hogar, incluidos ni\u00f1os\/as, con otras que pertenecen a algunos de los grupos de alto riesgo, por su condici\u00f3n cl\u00ednica especial (citados en el punto 2).<\/div>\n","protected":false},"excerpt":{"rendered":"<p>La Consejer\u00eda de Salud ha puesto en marcha la campa\u00f1a de prevenci\u00f3n. Se dirige a&#8230;<\/p>\n","protected":false},"author":1,"featured_media":4276,"comment_status":"closed","ping_status":"closed","sticky":false,"template":"","format":"standard","meta":{"_coblocks_attr":"","_coblocks_dimensions":"","_coblocks_responsive_height":"","_coblocks_accordion_ie_support":"","jetpack_post_was_ever_published":false,"_jetpack_newsletter_access":"","_jetpack_dont_email_post_to_subs":false,"_jetpack_newsletter_tier_id":0,"_jetpack_memberships_contains_paywalled_content":false,"_jetpack_memberships_contains_paid_content":false,"footnotes":"","jetpack_publicize_message":"","jetpack_publicize_feature_enabled":true,"jetpack_social_post_already_shared":false,"jetpack_social_options":{"image_generator_settings":{"template":"highway","default_image_id":0,"enabled":false},"version":2}},"categories":[2,15,10],"tags":[1530,1382,1364,55,804],"class_list":["post-4275","post","type-post","status-publish","format-standard","has-post-thumbnail","hentry","category-atarfe","category-ultimas-noticias","category-salud","tag-enfermedades-cronicas","tag-mayores","tag-ninos","tag-salud","tag-vacunas"],"jetpack_publicize_connections":[],"jetpack_featured_media_url":"https:\/\/i0.wp.com\/miradordeatarfe.es\/wp-content\/uploads\/2015\/11\/1394_1682_20151030122516.jpg?fit=442%2C214&ssl=1","jetpack_likes_enabled":true,"jetpack_sharing_enabled":true,"_links":{"self":[{"href":"https:\/\/miradordeatarfe.es\/index.php?rest_route=\/wp\/v2\/posts\/4275","targetHints":{"allow":["GET"]}}],"collection":[{"href":"https:\/\/miradordeatarfe.es\/index.php?rest_route=\/wp\/v2\/posts"}],"about":[{"href":"https:\/\/miradordeatarfe.es\/index.php?rest_route=\/wp\/v2\/types\/post"}],"author":[{"embeddable":true,"href":"https:\/\/miradordeatarfe.es\/index.php?rest_route=\/wp\/v2\/users\/1"}],"replies":[{"embeddable":true,"href":"https:\/\/miradordeatarfe.es\/index.php?rest_route=%2Fwp%2Fv2%2Fcomments&post=4275"}],"version-history":[{"count":2,"href":"https:\/\/miradordeatarfe.es\/index.php?rest_route=\/wp\/v2\/posts\/4275\/revisions"}],"predecessor-version":[{"id":4278,"href":"https:\/\/miradordeatarfe.es\/index.php?rest_route=\/wp\/v2\/posts\/4275\/revisions\/4278"}],"wp:featuredmedia":[{"embeddable":true,"href":"https:\/\/miradordeatarfe.es\/index.php?rest_route=\/wp\/v2\/media\/4276"}],"wp:attachment":[{"href":"https:\/\/miradordeatarfe.es\/index.php?rest_route=%2Fwp%2Fv2%2Fmedia&parent=4275"}],"wp:term":[{"taxonomy":"category","embeddable":true,"href":"https:\/\/miradordeatarfe.es\/index.php?rest_route=%2Fwp%2Fv2%2Fcategories&post=4275"},{"taxonomy":"post_tag","embeddable":true,"href":"https:\/\/miradordeatarfe.es\/index.php?rest_route=%2Fwp%2Fv2%2Ftags&post=4275"}],"curies":[{"name":"wp","href":"https:\/\/api.w.org\/{rel}","templated":true}]}}