{"id":42760,"date":"2020-10-30T11:45:23","date_gmt":"2020-10-30T10:45:23","guid":{"rendered":"http:\/\/miradordeatarfe.es\/?p=42760"},"modified":"2020-10-28T22:51:33","modified_gmt":"2020-10-28T21:51:33","slug":"el-desencanto-por-francisco-l-rajoy-varela","status":"publish","type":"post","link":"https:\/\/miradordeatarfe.es\/?p=42760","title":{"rendered":"\u00abEL DESENCANTO\u00bb por Francisco L. Rajoy Varela"},"content":{"rendered":"<h3 align=\"JUSTIFY\">Un estado democr\u00e1tico es una forma de vivir y actuar en sociedad muy distinta a la que nos han hecho creer que viv\u00edamos<\/h3>\n<p align=\"JUSTIFY\">A modo de presentaci\u00f3n transcribo literalmente un extracto de la obra de Ram\u00f3n Mar\u00eda del Valle-Incl\u00e1n, Luces de Bohemia, escrita en 1924, hace casi 100 a\u00f1os y que dice as\u00ed:<\/p>\n<p align=\"JUSTIFY\">\u201cEspa\u00f1a es una deformaci\u00f3n grotesca de la civilizaci\u00f3n europea. En Espa\u00f1a, el trabajo y la inteligencia siempre se han visto menospreciados. Aqu\u00ed todo lo manda el dinero, en Espa\u00f1a el m\u00e9rito no se premia. Se premia el robar y el ser sinverg\u00fcenza\u201d.<\/p>\n<p align=\"JUSTIFY\">Repito, fue escrito hace casi cien a\u00f1os, pero pod\u00eda haberse escrito ayer. Nada nuevo bajo el sol, suena a viejo y cansado.<\/p>\n<p align=\"JUSTIFY\">Pertenezco a esa generaci\u00f3n que, o estamos jubilados o a punto de jubilarnos. Recuerdo bien que cuando acab\u00f3 la dictadura en este pa\u00eds, \u00e9ramos j\u00f3venes llenos de ilusiones y utop\u00edas. Nos hicieron creer que, a partir de ese instante, se abr\u00eda el tel\u00f3n y ver\u00edamos una nueva obra llena de color, libertad, igualdad y justicia social. \u00c9ramos tan j\u00f3venes y como tal, tan ingenuos que nos cre\u00edmos el cuento y nos embruj\u00f3 la milonga.<\/p>\n<p align=\"JUSTIFY\">A nuestra generaci\u00f3n se le ha definido de muchas maneras, hoy, m\u00e1s de cuarenta a\u00f1os despu\u00e9s, puedo a\u00f1adir sin riesgo a equivocarme que somos la generaci\u00f3n del desencanto, porque hubo, nos guste o no, un encantamiento previo. Mirando hacia atr\u00e1s sin ira, pero s\u00ed con tristeza, el sentimiento es de decepci\u00f3n y de sentirse estafado moralmente. Esto que nos contaron de una democracia ha sido una falacia absoluta.<\/p>\n<p align=\"JUSTIFY\">Y esta pandemia, ha sido la gota que colma un vaso lleno de mentiras y ha ayudado a desmontarlas y mostrarnos, en su absoluta desnudez, la miserable demagogia en que viv\u00edamos instalados.<\/p>\n<p align=\"JUSTIFY\">Un estado democr\u00e1tico es una forma de vivir y actuar en sociedad muy distinta a la que nos han hecho creer que viv\u00edamos, a continuaci\u00f3n, expongo una serie de razonamiento en que me baso para afirmar lo expuesto. Ustedes, reflexionen y saquen sus propias conclusiones.<\/p>\n<p align=\"JUSTIFY\">Cuando acaba la dictadura, el edificio de este pa\u00eds es un caser\u00f3n viejo que necesita piqueta y derribo por lo que se hace necesaria la construcci\u00f3n de uno nuevo con unos cimientos mucho m\u00e1s s\u00f3lidos. \u00bfQu\u00e9 se hace? Las chapuzas cl\u00e1sicas que nos caracterizan en este pa\u00eds y que a la larga no conducen a ning\u00fan sitio. Aunque reformes los interiores y des una capa de pintura a la fachada, el edificio sigue siendo viejo. Hab\u00eda que lavar la imagen internacional y hacer creer que las cosas en este pa\u00eds iban a cambiar, cuando en el fondo iban a seguir siguiendo absolutamente iguales. Pasamos de una dictadura militar a otra civil y en ella seguimos instalados. La libertad ha degenerado en libertinaje y lo que deb\u00eda ser una sociedad justa e igualitaria, ha devenido en otra m\u00e1s insolidaria y ego\u00edsta y en las que unos, siempre los m\u00e1s pudientes, son mucho m\u00e1s iguales que la mayor\u00eda de los ciudadanos, que parad\u00f3jicamente, son los que los a\u00fapan al poder establecido y los mantienen en \u00e9l.<\/p>\n<p align=\"JUSTIFY\">Y entonces, me preguntar\u00e1n, \u00bfde qu\u00e9 sirve la Constituci\u00f3n o la Carta Magna? Pues, en aquel momento fue una declaraci\u00f3n de buenas intenciones que para pasar p\u00e1gina no estaba mal. La ciudadan\u00eda espa\u00f1ola la vot\u00f3 entonces, como ha ido votando tantas cosas despu\u00e9s a lo largo de estos a\u00f1os, sin an\u00e1lisis y reflexi\u00f3n y que, pasados m\u00e1s de cuarenta a\u00f1os, necesita una reforma en profundidad porque los tiempos, los pensamientos y los sentimientos del ayer, no son los de hoy. Lo que fue v\u00e1lido entonces, ha quedado totalmente desfasado actualmente.<\/p>\n<p align=\"JUSTIFY\">Una Constituci\u00f3n es un conjunto de normas de convivencia que debe regular no s\u00f3lo las relaciones entre particulares, tambi\u00e9n con todas aquellas instituciones que deben velar por la ejecuci\u00f3n y cumplimiento de estas. Una Constituci\u00f3n ha de ser clara e inflexible, no ambigua y sujeta a la libre interpretaci\u00f3n y ejecuci\u00f3n seg\u00fan a quien convenga y favorezca.<\/p>\n<p align=\"JUSTIFY\">Citar\u00e9 algunos ejemplos ilustrativos. Se dice en la Constituci\u00f3n que todos los espa\u00f1oles tenemos derecho a una educaci\u00f3n gratuita, a una vivienda digna, a un trabajo y a una justicia igualitaria, ya no hablemos de gratuita. Como ver\u00e1n nada de esto y mucho m\u00e1s, es cierto y ajustado a la realidad.<\/p>\n<p align=\"JUSTIFY\">Otro asunto bien discutible y reformable, la vigente Ley Electoral que a ning\u00fan partido pol\u00edtico le interesa cambiar. Me parece correcto que cualquier persona agrupada en una formaci\u00f3n pol\u00edtica tenga el derecho y la posibilidad de presentarse a unas elecciones. Pero siempre pasando unos filtros de actitudes morales y aptitudes profesionales, de una reconocida solvencia moral y una experiencia en la gesti\u00f3n de recursos. Por ejemplo, no me pongan al frente de Sanidad a un individuo que ni es m\u00e9dico, ni tiene experiencia.<\/p>\n<p align=\"JUSTIFY\">Lo que ocurre es que la vida pol\u00edtica de este pa\u00eds ha degenerado en una forma de vida ejercida por gente sin escr\u00fapulos, sin oficio y beneficio, que no tienen vocaci\u00f3n de servicio a la ciudadan\u00eda y han venido a aprovecharse del cargo y llenar sus bolsillos y las arcas del partido, vaciando las arcas de la ciudadan\u00eda.<\/p>\n<p align=\"JUSTIFY\">Y lo canallesco de esto, si\u00e9ndolo, es la desfachatez, la desverg\u00fcenza de que, aquellos que llegan a alcanzar un cargo p\u00fablico, se blindan tras una mara\u00f1a jur\u00eddica que les garantiza no s\u00f3lo impunidad, tambi\u00e9n el no devolver el dinero apropiado indebidamente de las arcas ciudadanas y a las que luego se les recorta en prestaciones sociales (educaci\u00f3n, medicina, justicia, etc.) y para colmo se aseguran una pensi\u00f3n vitalicia y alg\u00fan cargo en el consejo de administraci\u00f3n de alguna empresa a la que previamente han favorecido.<\/p>\n<p align=\"JUSTIFY\">He puesto algunos ejemplos de las falacias en que estamos instalados. Si analizamos y reflexionamos otros muchos hechos que han ocurrido a lo largo de estos \u00faltimos cuarenta a\u00f1os, llegaremos a la misma conclusi\u00f3n. Esta historia va siempre de lo mismo, de perdedores y ganadores en la que siempre ganan los m\u00e1s granujas de la clase. Lo triste, si\u00e9ndolo, no es que enga\u00f1en miserablemente a la ciudadan\u00eda, es que la tomen por imb\u00e9cil. Y en estas andamos, gobernados por gente inepta y miserable, incapaces de gestionar y gobernar la cuesti\u00f3n p\u00fablica y solucionar los grav\u00edsimos problemas que afronta la ciudadan\u00eda hoy en d\u00eda. Y su carencia de moralidad, su falta de escr\u00fapulos, le arrastran a la indignidad de no dimitir.<\/p>\n<p align=\"JUSTIFY\">Pero tambi\u00e9n hay que decir que la ciudadan\u00eda tiene su cuota de responsabilidad y no tiene derecho a la indignaci\u00f3n y la queja, porque con su voto irreflexivo e irresponsable los han aupado hasta ah\u00ed.<\/p>\n<p align=\"JUSTIFY\">Despu\u00e9s de m\u00e1s de cuarenta a\u00f1os, \u00bfes esto una democracia seria, madura y fuerte, o es la casa de t\u00f3came Roque?<\/p>\n<p align=\"JUSTIFY\">Dec\u00eda al comienzo de este art\u00edculo que pasados los a\u00f1os todo ha sido un desencanto, todo se resume en lo que pudo haber sido y no fue. La vida es un c\u00edrculo vital que se va repitiendo a lo largo de la historia. Lo que estamos viviendo hoy ocurri\u00f3 anteriormente, lo triste es que no hemos aprendido la lecci\u00f3n.<\/p>\n<p align=\"JUSTIFY\">Si repasamos la historia desde la civilizaci\u00f3n romana hasta nuestros d\u00edas, la ra\u00edz de todos los problemas, es la miserable esencia del ser humano que todo lo contamina y destruye. Si observamos en la naturaleza al reino animal, veremos que \u00e9ste mata por instinto de supervivencia, en cambio el ser humano mata por el placer de hacerlo.<\/p>\n<p align=\"JUSTIFY\"><a name=\"_GoBack\"><\/a>Analizando la decadente realidad actual me pregunto, \u00bfestaremos asistiendo al final de una civilizaci\u00f3n?<\/p>\n<p align=\"JUSTIFY\">Francisco L. Rajoy Varela<\/p>\n<p align=\"JUSTIFY\">prajoy55@gmail.com<\/p>\n<p align=\"JUSTIFY\">\u00a0<\/p>\n","protected":false},"excerpt":{"rendered":"<p>Un estado democr\u00e1tico es una forma de vivir y actuar en sociedad muy distinta a&#8230;<\/p>\n","protected":false},"author":1,"featured_media":0,"comment_status":"closed","ping_status":"closed","sticky":false,"template":"","format":"standard","meta":{"_coblocks_attr":"","_coblocks_dimensions":"","_coblocks_responsive_height":"","_coblocks_accordion_ie_support":"","jetpack_post_was_ever_published":false,"_jetpack_newsletter_access":"","_jetpack_dont_email_post_to_subs":false,"_jetpack_newsletter_tier_id":0,"_jetpack_memberships_contains_paywalled_content":false,"_jetpack_memberships_contains_paid_content":false,"footnotes":"","jetpack_publicize_message":"","jetpack_publicize_feature_enabled":true,"jetpack_social_post_already_shared":false,"jetpack_social_options":{"image_generator_settings":{"template":"highway","default_image_id":0,"enabled":false},"version":2}},"categories":[1161,7149,7167,44,7671,6937,15],"tags":[42],"class_list":["post-42760","post","type-post","status-publish","format-standard","hentry","category-ciudadania","category-coronavirus","category-opinion-de-fco-luis-rajoy","category-noticias-de-hoy","category-politica","category-sociedad","category-ultimas-noticias","tag-politica"],"jetpack_publicize_connections":[],"jetpack_featured_media_url":"","jetpack_likes_enabled":true,"jetpack_sharing_enabled":true,"_links":{"self":[{"href":"https:\/\/miradordeatarfe.es\/index.php?rest_route=\/wp\/v2\/posts\/42760","targetHints":{"allow":["GET"]}}],"collection":[{"href":"https:\/\/miradordeatarfe.es\/index.php?rest_route=\/wp\/v2\/posts"}],"about":[{"href":"https:\/\/miradordeatarfe.es\/index.php?rest_route=\/wp\/v2\/types\/post"}],"author":[{"embeddable":true,"href":"https:\/\/miradordeatarfe.es\/index.php?rest_route=\/wp\/v2\/users\/1"}],"replies":[{"embeddable":true,"href":"https:\/\/miradordeatarfe.es\/index.php?rest_route=%2Fwp%2Fv2%2Fcomments&post=42760"}],"version-history":[{"count":1,"href":"https:\/\/miradordeatarfe.es\/index.php?rest_route=\/wp\/v2\/posts\/42760\/revisions"}],"predecessor-version":[{"id":42761,"href":"https:\/\/miradordeatarfe.es\/index.php?rest_route=\/wp\/v2\/posts\/42760\/revisions\/42761"}],"wp:attachment":[{"href":"https:\/\/miradordeatarfe.es\/index.php?rest_route=%2Fwp%2Fv2%2Fmedia&parent=42760"}],"wp:term":[{"taxonomy":"category","embeddable":true,"href":"https:\/\/miradordeatarfe.es\/index.php?rest_route=%2Fwp%2Fv2%2Fcategories&post=42760"},{"taxonomy":"post_tag","embeddable":true,"href":"https:\/\/miradordeatarfe.es\/index.php?rest_route=%2Fwp%2Fv2%2Ftags&post=42760"}],"curies":[{"name":"wp","href":"https:\/\/api.w.org\/{rel}","templated":true}]}}