{"id":42804,"date":"2020-11-02T09:45:11","date_gmt":"2020-11-02T08:45:11","guid":{"rendered":"http:\/\/miradordeatarfe.es\/?p=42804"},"modified":"2020-11-01T13:29:07","modified_gmt":"2020-11-01T12:29:07","slug":"los-maltratadores-no-tienen-conflictos-morales-en-las-decisiones-sobre-sus-parejas-segun-una-investigacion-de-la-ugr","status":"publish","type":"post","link":"https:\/\/miradordeatarfe.es\/?p=42804","title":{"rendered":"Los maltratadores no tienen conflictos morales en las decisiones sobre sus parejas, seg\u00fan una investigaci\u00f3n de la UGR"},"content":{"rendered":"<div class=\"cuerpo\">\n<h3 style=\"text-align: justify;\">Un estudio realizado por un equipo de investigaci\u00f3n de la Universidad de Granada (UGR) y publicado en la revista Journal of Interpersonal Violence ha analizado la activaci\u00f3n cerebral de hombres maltratadores ante dilemas de violencia de g\u00e9nero.<\/h3>\n<p style=\"text-align: justify;\">Los investigadores\/as concluyen que los maltratadores activan las mismas \u00e1reas que otros delincuentes ante dilemas de violencia general, pero no ante dilemas morales sobre violencia de g\u00e9nero, indicando que las decisiones sobre sus parejas\/exparejas no les supone un conflicto moral.<\/p>\n<p style=\"text-align: justify;\">Este grupo de investigadores\/as, pertenecientes al Centro de Investigaci\u00f3n Mente, Cerebro y Comportamiento (CIMCYC), ha comparado el funcionamiento cerebral ante dilemas morales de violencia de g\u00e9nero (situaciones de violencia f\u00edsica y psicol\u00f3gica dirigidas a controlar la conducta de sus parejas) y dilemas morales de violencia general (situaciones de violencia entre hermanos, amigos, etc.) en dos grupos de hombres delincuentes: unos condenados por violencia de g\u00e9nero (maltratadores) y otros condenados por violar otras normas legales sin violencia contra las personas (otros delincuentes). Todos ellos se sometieron a una sesi\u00f3n de resonancia magn\u00e9tica funcional para analizar las \u00e1reas de su cerebro que se activaban mientras procesaban estos dilemas.<\/p>\n<p style=\"text-align: justify;\">En primer lugar, el equipo de investigaci\u00f3n dise\u00f1\u00f3 una serie de dilemas relacionados con situaciones de violencia de g\u00e9nero y de violencia general que compararon con los dilemas morales cl\u00e1sicos (por ejemplo, \u201c\u00bfEmpujar\u00eda a una persona a la v\u00eda de un tren para detenerlo y evitar que atropelle a cinco personas?\u201d). Los resultados mostraron que estos nuevos dilemas de violencia de g\u00e9nero y violencia general activaban las mismas \u00e1reas cerebrales que los dilemas cl\u00e1sicos, es decir, las de la Default Mode Network (DMN) o red cerebral por defecto, una red implicada entre otras funciones en la empat\u00eda y la cognici\u00f3n social, el pensamiento interno o el procesamiento de juicios morales.<\/p>\n<p style=\"text-align: justify;\">En segundo lugar, compararon las activaciones cerebrales de un grupo de maltratadores y otro de delincuentes ante estos nuevos dilemas. Los resultados mostraron que el grupo de \u2018otros delincuentes\u2019 activ\u00f3 las \u00e1reas cerebrales del DMN durante ambos tipos de dilemas. Sin embargo, los maltratadores no activaron las \u00e1reas del DMN cuando procesaban los dilemas de violencia de g\u00e9nero, pero s\u00ed ante los dilemas de violencia general, lo que sugiere que las decisiones sobre sus parejas no implican un conflicto moral para ellos.<\/p>\n<p style=\"text-align: justify;\">As\u00ed, \u201cprohibir a sus parejas o exparejas ir en minifalda a una fiesta parece que no les supone un conflicto moral con respecto a la libertad de la mujer\u201d, explica Agar Mar\u00edn Morales, investigadora principal de este trabajo. Estos resultados preliminares parecen mostrar que la activaci\u00f3n de las \u00e1reas cerebrales involucradas en la toma de decisiones morales no es universal, y su activaci\u00f3n ante determinados dilemas -como los relacionados con la violencia- es espec\u00edfica de los valores morales de la persona.<\/p>\n<p style=\"text-align: justify;\">Este estudio se enmarca dentro de la l\u00ednea de investigaci\u00f3n en violencia de g\u00e9nero del grupo de investigaci\u00f3n \u2018CTS581-Neuropsicolog\u00eda y psiconeuroinmunolog\u00eda aplicadas a la infancia, adultos y mayores\u2019, que investiga tanto a los hombres maltratadores como a las mujeres y ni\u00f1os\/as supervivientes de esta violencia.<\/p>\n<p style=\"text-align: justify;\">Este grupo lleva a\u00f1os aportando evidencia desde el campo de la neuropsicolog\u00eda al estudio multifactorial de la conducta de los maltratadores, del mismo modo que se ha aplicado a otros tipos de conductas delictivas, con el objetivo de conocer el perfil del hombre maltratador y ayudar en la prevenci\u00f3n de esta violencia. Resultados previos de este grupo han mostrado que los maltratadores, si bien tienen un funcionamiento neuropsicol\u00f3gico diferente, no presentan ning\u00fan tipo de da\u00f1o cerebral<\/p>\n<\/div>\n<p style=\"text-align: justify;\">EL INDEPENDIENTE DE GRANADA<\/p>\n<p>https:\/\/www.elindependientedegranada.es\/economia\/maltratadores-no-tienen-conflictos-morales-decisiones-sobre-parejas-segun-investigacion-ugr<\/p>\n<p style=\"text-align: justify;\">FOTO: quipo investigador que ha realizado el trabajo<\/p>\n","protected":false},"excerpt":{"rendered":"<p>Un estudio realizado por un equipo de investigaci\u00f3n de la Universidad de Granada (UGR) y&#8230;<\/p>\n","protected":false},"author":1,"featured_media":42805,"comment_status":"closed","ping_status":"closed","sticky":false,"template":"","format":"standard","meta":{"_coblocks_attr":"","_coblocks_dimensions":"","_coblocks_responsive_height":"","_coblocks_accordion_ie_support":"","jetpack_post_was_ever_published":false,"_jetpack_newsletter_access":"","_jetpack_dont_email_post_to_subs":false,"_jetpack_newsletter_tier_id":0,"_jetpack_memberships_contains_paywalled_content":false,"_jetpack_memberships_contains_paid_content":false,"footnotes":"","jetpack_publicize_message":"","jetpack_publicize_feature_enabled":true,"jetpack_social_post_already_shared":false,"jetpack_social_options":{"image_generator_settings":{"template":"highway","default_image_id":0,"enabled":false},"version":2}},"categories":[1161,14,44,6937,15],"tags":[7766,214],"class_list":["post-42804","post","type-post","status-publish","format-standard","has-post-thumbnail","hentry","category-ciudadania","category-feminismo","category-noticias-de-hoy","category-sociedad","category-ultimas-noticias","tag-femonismo","tag-violencia-de-genero"],"jetpack_publicize_connections":[],"jetpack_featured_media_url":"https:\/\/i0.wp.com\/miradordeatarfe.es\/wp-content\/uploads\/2020\/10\/ugr_malt.jpg?fit=658%2C395&ssl=1","jetpack_likes_enabled":true,"jetpack_sharing_enabled":true,"_links":{"self":[{"href":"https:\/\/miradordeatarfe.es\/index.php?rest_route=\/wp\/v2\/posts\/42804","targetHints":{"allow":["GET"]}}],"collection":[{"href":"https:\/\/miradordeatarfe.es\/index.php?rest_route=\/wp\/v2\/posts"}],"about":[{"href":"https:\/\/miradordeatarfe.es\/index.php?rest_route=\/wp\/v2\/types\/post"}],"author":[{"embeddable":true,"href":"https:\/\/miradordeatarfe.es\/index.php?rest_route=\/wp\/v2\/users\/1"}],"replies":[{"embeddable":true,"href":"https:\/\/miradordeatarfe.es\/index.php?rest_route=%2Fwp%2Fv2%2Fcomments&post=42804"}],"version-history":[{"count":1,"href":"https:\/\/miradordeatarfe.es\/index.php?rest_route=\/wp\/v2\/posts\/42804\/revisions"}],"predecessor-version":[{"id":42806,"href":"https:\/\/miradordeatarfe.es\/index.php?rest_route=\/wp\/v2\/posts\/42804\/revisions\/42806"}],"wp:featuredmedia":[{"embeddable":true,"href":"https:\/\/miradordeatarfe.es\/index.php?rest_route=\/wp\/v2\/media\/42805"}],"wp:attachment":[{"href":"https:\/\/miradordeatarfe.es\/index.php?rest_route=%2Fwp%2Fv2%2Fmedia&parent=42804"}],"wp:term":[{"taxonomy":"category","embeddable":true,"href":"https:\/\/miradordeatarfe.es\/index.php?rest_route=%2Fwp%2Fv2%2Fcategories&post=42804"},{"taxonomy":"post_tag","embeddable":true,"href":"https:\/\/miradordeatarfe.es\/index.php?rest_route=%2Fwp%2Fv2%2Ftags&post=42804"}],"curies":[{"name":"wp","href":"https:\/\/api.w.org\/{rel}","templated":true}]}}