{"id":4287,"date":"2015-11-03T09:04:59","date_gmt":"2015-11-03T09:04:59","guid":{"rendered":"http:\/\/miradordeatarfe.es\/?p=4287"},"modified":"2015-11-04T09:25:44","modified_gmt":"2015-11-04T09:25:44","slug":"nueve-mujeres-inician-en-sol-una-huelga-de-hambre-contra-la-violencia-machista","status":"publish","type":"post","link":"https:\/\/miradordeatarfe.es\/?p=4287","title":{"rendered":"Nueve mujeres inician en Sol una huelga de hambre contra la violencia machista"},"content":{"rendered":"<p>En octubre de 2013 las mujeres de la asociaci\u00f3n de v\u00edctimas de la violencia de g\u00e9nero Ve-la Luz \u00a0realizaron una huelga de hambre en A Coru\u00f1a. Desde <strong>cuartopoder.es<\/strong> seguimos la acci\u00f3n que iniciaron 10 mujeres, de las que s\u00f3lo la mitad llegaron al final, un mes despu\u00e9s.<!--more--><span id=\"more-567\"><\/span><\/p>\n<p>Ahora, tras el incumplimiento sistem\u00e1tico de los acuerdos por parte de la <strong>Xunta de Galicia<\/strong>, la desprotecci\u00f3n que viven las v\u00edctimas, la falta de recursos para la atenci\u00f3n y reparaci\u00f3n, las 7 mujeres asesinadas por sus parejas o exparejas, sin olvidar las dos ni\u00f1as asesinadas por su padre han llevado a que Galicia sea la segunda comunidad con m\u00e1s asesinatos en este a\u00f1o\u2013las cifras son comparables a las de\u00a02005\u2013, 9 mujeres gallegas iniciaron anoche\u00a0una nueva protesta en plena Puerta del Sol de Madrid, con una vigilia transmutada en huelga de hambre indefinida.<\/p>\n<p>Las reivindicaciones de las mujeres Ve-la Luz se contienen en un manifiesto de 22 puntos, muchos de ellos coincidentes con las reivindicaciones de la Marcha 7N contra las Violencias Machistas, como el reconocimiento de la violencia de g\u00e9nero como \u201cTerrorismo\u201d \u00a0y de las afectadas dentro de la Ley de Reconocimiento y Protecci\u00f3n Integral a las V\u00edctimas del Terrorismo.<\/p>\n<p>Una buena parte de las reclamaciones de las mujeres Ve-la Luz est\u00e1 en la protecci\u00f3n de los menores, con la retirada de la guarda y custodia y el r\u00e9gimen de visitas a los padres inmersos en procesos de violencia de g\u00e9nero, condenados o en espera de juicio. Un punto importante para esta asociaci\u00f3n est\u00e1 en la modificaci\u00f3n del <strong>C\u00f3digo Penal<\/strong>, con la desaparici\u00f3n de las faltas por desobediencia, por lo que aquellas mujeres que incumplan el r\u00e9gimen de visitas de sus hijos e hijas pueden tener una condena mayor que sus maltratadores. Lo mismo ocurre con la custodia compartida, que deber\u00eda anularse o no concederse en casos de violencia de g\u00e9nero, como se\u00f1ala en Convenio de Estambul y reclama tambi\u00e9n el 7N. Y ante el impago de pensiones alimenticias de los menores, que es otra herramienta para mantener la tensi\u00f3n de la violencia psicol\u00f3gica, exigen que el estado se haga cargo del abono de las pensiones, en calidad de agencia mediadora, reclamando las cuant\u00edas no abonadas por los maltratadores y utlizando todos recursos necesarios para el pago de las mismas.<\/p>\n<p><a title=\"\" href=\"https:\/\/i0.wp.com\/www.cuartopoder.es\/islamujeres\/files\/2015\/11\/velal.jpg\" data-rel=\"lightbox-1\"><img data-recalc-dims=\"1\" loading=\"lazy\" decoding=\"async\" class=\"wp-image-573\" src=\"https:\/\/i0.wp.com\/www.cuartopoder.es\/islamujeres\/files\/2015\/11\/velal.jpg?resize=340%2C255\" alt=\"Huelga_Hambre_mujeres\" width=\"340\" height=\"255\" \/><\/a><\/p>\n<p>Dentro de las peticiones se encuentran las dirigidas a la judicatura, con el cese de lo que denominan \u201cMaltrato Institucional\u201d, la profesionalizaci\u00f3n de las personas que intervienen en el \u201ccircuito judicial en violencia\u201d, la creaci\u00f3n de m\u00e1s juzgados de violencia\u00a0 y la rotaci\u00f3n bianual del personal de dichos juzgados.<\/p>\n<p>En cuanto a las fuerzas y cuerpos de seguridad (polic\u00edas nacional y municipal, guardia civil), reclaman la dotaci\u00f3n inmediata de personal y medios, para una protecci\u00f3n \u201clas 24 horas del d\u00eda, y los 365 d\u00edas del a\u00f1o\u201d.<\/p>\n<p>Para la recuperaci\u00f3n de las v\u00edctimas, una de las medidas que demandan las mujeres Ve-la Luz en esta huelga de hambre est\u00e1 en las ayudas econ\u00f3micas y las terapias, para que se mantengan mientras no finalice su recuperaci\u00f3n. La firma de acuerdos con Colegios de Psic\u00f3logos, con hoteles para situaciones de tr\u00e1nsito, con la Banca para el acceso a viviendas y con empresas, para la incorporaci\u00f3n al mundo laboral constituye otra de sus exigencias en el \u00e1mbito de la recuperaci\u00f3n.<\/p>\n<p>A nivel pol\u00edtico piden la creaci\u00f3n inmediata en el Congreso de los Diputados de una <strong>Comisi\u00f3n de Parlamentaria<\/strong> \u201cespec\u00edfica en violencia de g\u00e9nero\u201d donde se las escuche en su condici\u00f3n de v\u00edctimas, abierta a los medios y con presencia de todas las instituciones implicadas en la atenci\u00f3n a la violencia de g\u00e9nero (representantes del \u00a0CGPJ, Ministerio Fiscal, Ministerios de Justicia,\u00a0 Cuerpos de Seguridad del Estado, Consejo General de abogac\u00eda, Equipos forenses, Colegios Psicolog\u00eda, Medios de Comunicaci\u00f3n\u2026). Y que se comprometan a firmar un <strong>Pacto de Estado<\/strong>.<\/p>\n<p>Todos estos puntos, junto con las incidencias de cada jornada, ser\u00e1n presentadas diariamente a los medios de comunicaci\u00f3n y en una asamblea p\u00fablica en su espacio de vigilia.<\/p>\n<p>La instalaci\u00f3n Zapatos Rojos acompa\u00f1ar\u00e1n sus movimientos, reuniones y vigilia para dar visibilidad al episodio m\u00e1s brutal de la violencia de g\u00e9nero.<\/p>\n<p>No estar\u00e1n solas. Otras v\u00edctimas han manifestado ya su apoyo y las acompa\u00f1ar\u00e1n durante esta huelga, esta hambre de justicia que<strong> confluir\u00e1 el s\u00e1bado 7 con la Marcha contra las Violencias Machistas, para recorrer Madrid.<\/strong><\/p>\n<p>&nbsp;<\/p>\n","protected":false},"excerpt":{"rendered":"<p>En octubre de 2013 las mujeres de la asociaci\u00f3n de v\u00edctimas de la violencia de&#8230;<\/p>\n","protected":false},"author":1,"featured_media":4288,"comment_status":"closed","ping_status":"closed","sticky":false,"template":"","format":"standard","meta":{"_coblocks_attr":"","_coblocks_dimensions":"","_coblocks_responsive_height":"","_coblocks_accordion_ie_support":"","jetpack_post_was_ever_published":false,"_jetpack_newsletter_access":"","_jetpack_dont_email_post_to_subs":false,"_jetpack_newsletter_tier_id":0,"_jetpack_memberships_contains_paywalled_content":false,"_jetpack_memberships_contains_paid_content":false,"footnotes":"","jetpack_publicize_message":"","jetpack_publicize_feature_enabled":true,"jetpack_social_post_already_shared":false,"jetpack_social_options":{"image_generator_settings":{"template":"highway","default_image_id":0,"enabled":false},"version":2}},"categories":[1161,14,15],"tags":[562,1531,214],"class_list":["post-4287","post","type-post","status-publish","format-standard","has-post-thumbnail","hentry","category-ciudadania","category-feminismo","category-ultimas-noticias","tag-machismo","tag-pacto-estatal","tag-violencia-de-genero"],"jetpack_publicize_connections":[],"jetpack_featured_media_url":"https:\/\/i0.wp.com\/miradordeatarfe.es\/wp-content\/uploads\/2015\/11\/Ve_la_Luz_Huelga_de_Hambre.jpg?fit=1024%2C768&ssl=1","jetpack_likes_enabled":true,"jetpack_sharing_enabled":true,"_links":{"self":[{"href":"https:\/\/miradordeatarfe.es\/index.php?rest_route=\/wp\/v2\/posts\/4287","targetHints":{"allow":["GET"]}}],"collection":[{"href":"https:\/\/miradordeatarfe.es\/index.php?rest_route=\/wp\/v2\/posts"}],"about":[{"href":"https:\/\/miradordeatarfe.es\/index.php?rest_route=\/wp\/v2\/types\/post"}],"author":[{"embeddable":true,"href":"https:\/\/miradordeatarfe.es\/index.php?rest_route=\/wp\/v2\/users\/1"}],"replies":[{"embeddable":true,"href":"https:\/\/miradordeatarfe.es\/index.php?rest_route=%2Fwp%2Fv2%2Fcomments&post=4287"}],"version-history":[{"count":1,"href":"https:\/\/miradordeatarfe.es\/index.php?rest_route=\/wp\/v2\/posts\/4287\/revisions"}],"predecessor-version":[{"id":4289,"href":"https:\/\/miradordeatarfe.es\/index.php?rest_route=\/wp\/v2\/posts\/4287\/revisions\/4289"}],"wp:featuredmedia":[{"embeddable":true,"href":"https:\/\/miradordeatarfe.es\/index.php?rest_route=\/wp\/v2\/media\/4288"}],"wp:attachment":[{"href":"https:\/\/miradordeatarfe.es\/index.php?rest_route=%2Fwp%2Fv2%2Fmedia&parent=4287"}],"wp:term":[{"taxonomy":"category","embeddable":true,"href":"https:\/\/miradordeatarfe.es\/index.php?rest_route=%2Fwp%2Fv2%2Fcategories&post=4287"},{"taxonomy":"post_tag","embeddable":true,"href":"https:\/\/miradordeatarfe.es\/index.php?rest_route=%2Fwp%2Fv2%2Ftags&post=4287"}],"curies":[{"name":"wp","href":"https:\/\/api.w.org\/{rel}","templated":true}]}}