{"id":42925,"date":"2020-11-06T10:48:24","date_gmt":"2020-11-06T09:48:24","guid":{"rendered":"http:\/\/miradordeatarfe.es\/?p=42925"},"modified":"2020-11-03T20:47:07","modified_gmt":"2020-11-03T19:47:07","slug":"los-48-folios-del-maleficio-de-federico-garcia-lorca","status":"publish","type":"post","link":"https:\/\/miradordeatarfe.es\/?p=42925","title":{"rendered":"Los 48 folios del &#8216;maleficio&#8217; de Federico Garc\u00eda Lorca"},"content":{"rendered":"<h3 class=\"voc-reportage voc-reportage-plus\" style=\"text-align: justify;\">Este 2020 se cumplen cien a\u00f1os del estreno de &#8216;El maleficio de la mariposa&#8217;, cuyo manuscrito se conserva en la c\u00e1mara acorazada del Centro Lorca<\/h3>\n<p style=\"text-align: justify;\"><a href=\"blob:https:\/\/www.ideal.es\/81d1182f-d9da-41b5-b266-d29ecf33341d\">blob:https:\/\/www.ideal.es\/81d1182f-d9da-41b5-b266-d29ecf33341d<\/a><\/p>\n<p style=\"text-align: justify;\">Fue hace algo m\u00e1s de un siglo. El 22 de marzo de 1920. Un jovenc\u00edsimo Federico Garc\u00eda Lorca (21 a\u00f1os), que hab\u00eda llegado a Madrid dos a\u00f1os antes desde Granada, rend\u00eda cuentas por primera vez ante el &#8216;gran p\u00fablico&#8217; con el estreno de &#8216;El maleficio de la mariposa&#8217;.\u00a0<strong>Lo hac\u00eda, nada m\u00e1s y nada menos, que en el Teatro de Arte<\/strong>, emplazado en el mismo lugar donde se halla hoy d\u00eda la discoteca Joy Eslava, en la c\u00e9ntrica calle Arenal. Un espacio emblem\u00e1tico, gestionado por el matrimonio formado por Gregorio Mart\u00ednez y Mar\u00eda de la O Lej\u00e1rraga, donde se programaban propuestas comerciales y &#8216;lo que no cab\u00eda en ninguna parte&#8217;. Y ah\u00ed es donde entraba un Garc\u00eda Lorca nada conocido y que hasta la fecha s\u00f3lo hab\u00eda publicado &#8216;Impresiones y paisajes&#8217; gracias al patrocinio de su padre.<\/p>\n<p style=\"text-align: justify;\">&#8216;El maleficio de la mariposa&#8217;, una &#8216;comedia&#8217; dividida en dos actos y un pr\u00f3logo protagonizada por personajes que representaban a insectos hablando en verso sobre temas trascendentales como el amor o la muerte, fue un absoluto fracaso.\u00a0<strong>Las cr\u00edticas de la prensa de la \u00e9poca fueron demoledoras<\/strong>, aunque, como explica Emilio Peral, profesor de la Universidad Complutense de Madrid, tambi\u00e9n hubo quien vio algo m\u00e1s \u00aby dijo, cuidado que aqu\u00ed hay un poeta\u00bb. El tiempo les dio la raz\u00f3n.<\/p>\n<div class=\"voc-photo-combo-three\" style=\"text-align: justify;\">\n<figure class=\"voc-figure-big\"><\/figure>\n<figure class=\"voc-figure-medium\"><\/figure>\n<figure class=\"voc-figure-small\"><\/figure>\n<p><span class=\"figure-caption\"><span class=\"voc-photo-caption\">Arriba, detalle de uno de los folios del manuscrito con tachaduras. Debajo, caja de transporte y archivera manipulando el documento. \/\u00a0<\/span><span class=\"voc-photo-author\">ALFREDO AGUILAR<\/span><\/span><\/div>\n<p style=\"text-align: justify;\">En este 2020 se cumplen cien a\u00f1os de aquel momento amargo para Garc\u00eda Lorca \u2013tuvo que escuchar incluso los abucheos del respetable en las cuatro representaciones que se programaron\u2013, pero que tiene una enorme importancia en la literatura del propio Federico y, en consecuencia, en la literatura espa\u00f1ola por un motivo: porque &#8216;El maleficio de la mariposa&#8217;\u00a0<strong>permite entender de d\u00f3nde viene el teatro de Lorca y, por tanto, los or\u00edgenes del teatro espa\u00f1ol moderno<\/strong>. Por esta raz\u00f3n, la Fundaci\u00f3n Federico Garc\u00eda Lorca plante\u00f3 una exposici\u00f3n, coorganizada por el Consorcio Centro Garc\u00edaLorca, que se podr\u00e1 disfrutar a partir de esta semana y que gira en torno \u00aba una de las piezas menos conocidas y estudiadas de Federico\u00bb, como se\u00f1ala la directora del Centro Lorca, Sara Navarro.<\/p>\n<p style=\"text-align: justify;\">El manuscrito de &#8216;El maleficio de la mariposa&#8217;, compuesto por cuarenta y ocho folios, es una de las grandes joyas que se guardan en la c\u00e1mara acorazada del edificio de la plaza de la Romanilla. Emilio Peral, que tambi\u00e9n ejerce como comisario de esta nueva muestra del Centro Lorca, conoce perfectamente de la primera a la \u00faltima letra de este documento. \u00abEs limpio, se ha conservado bien\u00bb, asegura. El manuscrito se perdi\u00f3 durante muchos a\u00f1os.\u00a0<strong>Una vez aparecido, se comprob\u00f3 que estaba incompleto. Le faltaban las \u00faltimas hojas, lo que oblig\u00f3 a presuponer el desenlace<\/strong>. Seg\u00fan Francisco Garc\u00eda Lorca, termina con el suicidio del protagonista, una hip\u00f3tesis que parece deducirse tambi\u00e9n de los comentarios aparecidos en los peri\u00f3dicos. La f\u00e1bula transcurre entre cucarachas \u2013&#8217;curianas&#8217; en el lenguaje lorquiano\u2013. Curianito, que sufre el desprecio por su vocaci\u00f3n po\u00e9tica, se enamora de una mariposa con un ala rota que acaba de llegar a la colonia, un amor que nunca fue correspondido. Cuando Curianito se declara, mariposa inicia una danza que agotar\u00e1 sus fuerzas y acaba con su fallecimiento.<\/p>\n<section class=\"voc-ficha-detail\">\n<h4>CONTEXTO<\/h4>\n<dl>\n<dt>Marzo de 2020.<\/dt>\n<dd>&#8216;El maleficio de la mariposa&#8217;, la primera obra de teatro de Federico Garc\u00eda Lorca, se estren\u00f3 el 22 de marzo del a\u00f1o 1920 en el madrile\u00f1o Teatro del Arte, en la calle Arenal.<\/dd>\n<dt>Un Lorca joven y reci\u00e9n llegado de Granada.<\/dt>\n<dd>Garc\u00eda Lorca ten\u00eda tan s\u00f3lo 21 a\u00f1os y era un desconocido en Madrid. Sus avales eran Francisco de los R\u00edos y los miembros del Rinconcillo.<\/dd>\n<\/dl>\n<\/section>\n<p style=\"text-align: justify;\">\u00abLlama la atenci\u00f3n \u2013explica Emilio Peral\u2013 la letra de Lorca, que evolucion\u00f3 con el paso del tiempo\u00bb. \u00ab<strong>Una letra joven, n\u00edtida y legible, muy redonda<\/strong>, que evidencia el deseo de que se le entienda bien, pero donde tambi\u00e9n se observa un modo de escritura que no era constante\u00bb, dice Peral. \u00abCuando se pon\u00eda, lo hac\u00eda de forma muy pulsional y con trazo violento, con tachaduras cuando algo no le gustaba o no le sal\u00eda bien, reescribiendo encima todo lo que pretend\u00eda decir\u00bb.<\/p>\n<figure class=\"voc-inner-figure\" style=\"text-align: justify;\">\n<div class=\"voc-height-auto\"><img data-recalc-dims=\"1\" decoding=\"async\" class=\"alignleft\" src=\"https:\/\/i0.wp.com\/static.ideal.es\/www\/multimedia\/202010\/31\/media\/cortadas\/maleficio%20%2828%29-kCtB--624x385%40Ideal.jpg?w=640&#038;ssl=1\" alt=\"Transporte de 'El manuscrito de la mariposa' desde la c\u00e1mara acorazada. \" \/><\/div><figcaption class=\"figure-caption\"><span class=\"voc-photo-caption\">Transporte de &#8216;El manuscrito de la mariposa&#8217; desde la c\u00e1mara acorazada. \/\u00a0<\/span><span class=\"voc-photo-author\">ALFREDO AGUILAR<\/span><\/figcaption><\/figure>\n<p style=\"text-align: justify;\">Respecto a aquella puesta de largo de &#8216;El maleficio de la mariposa&#8217;, redactado en cuatro momentos creativos, Emilio Peral aclara que Federico sopes\u00f3 previamente dos t\u00edtulos, primero &#8216;La estrella del prado&#8217; y posteriormente &#8216;La \u00ednfima comedia&#8217;.\u00a0<strong>\u00abLorca no era nadie entonces, s\u00f3lo contaba con el aval de Fernando de los R\u00edos y de los miembros de la tertulia del Rinconcillo\u00bb<\/strong>, comenta Peral. Gregorio Mart\u00ednez qued\u00f3 cautivado por una poes\u00eda de Lorca y le pidi\u00f3 que elaborara un texto completo. La intenci\u00f3n de Federico era hacer algo para t\u00edteres, que en ese momento no se asociaban a ni\u00f1os sino a adultos y vanguardia, y al final, a instancias del propio Gregorio Mart\u00ednez, que era empresario y que buscaba los mayores r\u00e9ditos, tuvo que plantearlo para actores convencionales disfrazados de animales.<\/p>\n<div class=\"voc-detail-summary\" style=\"text-align: justify;\">\u00a0<\/div>\n<div class=\"voc-detail-summary\" style=\"text-align: justify;\">\n<p>\u00abCada vez que ponemos la lupa en la c\u00e1mara del Centro Lorca encontramos una historia nueva\u00bbLAURA GARC\u00cdA-LORCA, PRESIDENTA DE LA FUNDACI\u00d3N LORCA<\/p>\n<\/div>\n<p style=\"text-align: justify;\">Actores que, adem\u00e1s, no eran precisamente unos cualquiera. Entre ellos,\u00a0<strong>Catalina B\u00e1rcena, primera actriz del Teatro de Arte, una de las grandes damas de la escena nacional<\/strong>\u00a0junto a Margarita Xirg\u00fa y una mujer bell\u00edsima. B\u00e1rcena encarn\u00f3 el papel masculino de &#8216;Curianito el Nene&#8217;. Tambi\u00e9n actu\u00f3 la Argentinita como la &#8216;Mariposa&#8217;. \u00ab&#8217;Curianito el Nene muere, que es el final perseguido por Federico, pero no el final que se ve en el escenario\u00bb, resume Emilio Peral. \u00c9ste fue otro de los grandes motivos del fiasco.<\/p>\n<p style=\"text-align: justify;\">El original de &#8216;El maleficio de la mariposa&#8217; est\u00e1 sometido a unas \u00abestrictas condiciones de conservaci\u00f3n\u00bb, indica Sara Navarro. Se guarda en una c\u00e1mara para que\u00a0<strong>mantenga un grado de humedad relativa del cincuenta por ciento<\/strong>, una temperatura de veinte grados y unos par\u00e1metros de calidad de aire garantizados gracias a unos filtros especiales \u2013hay dos para que, en caso de que uno se aver\u00ede, comience a funcionar el segundo de forma autom\u00e1tica\u2013.<\/p>\n<figure class=\"voc-inner-figure\" style=\"text-align: justify;\">\n<div class=\"voc-height-auto\"><img data-recalc-dims=\"1\" decoding=\"async\" class=\"alignleft\" src=\"https:\/\/i0.wp.com\/static2.ideal.es\/www\/multimedia\/202010\/31\/media\/cortadas\/maleficio%20%285%29-kCtB--624x385%40Ideal.jpg?w=640&#038;ssl=1\" alt=\"Observando el manuscrito en la vitrina donde se podr\u00e1 ver en la exposici\u00f3n. \" \/><\/div><figcaption class=\"figure-caption\"><span class=\"voc-photo-caption\">Observando el manuscrito en la vitrina donde se podr\u00e1 ver en la exposici\u00f3n. \/\u00a0<\/span><span class=\"voc-photo-author\">ALFREDO AGUILAR<\/span><\/figcaption><\/figure>\n<p style=\"text-align: justify;\">La particularidad de los archivos en papel, seg\u00fan Sara Navarro, es que \u00abson materiales muy fr\u00e1giles y sensibles\u00bb.\u00a0<strong>Si la luz incide directamente sobre ellos, se queman<\/strong>. Si el grado de humedad es superior al aconsejado, se generan mohos. Y si no se emplean guantes de algod\u00f3n, se manchan de grasas. \u00abLa incidencia de estos agentes puede provocar que se pierda el documento en poco tiempo\u00bb, advierte Navarro.<\/p>\n<h3 style=\"text-align: justify;\">Manipulaci\u00f3n y traslado<\/h3>\n<p style=\"text-align: justify;\">Igual de importante es la manipulaci\u00f3n y el traslado desde la segunda planta, donde est\u00e1 la c\u00e1mara, hasta la sala de exposiciones, en el s\u00f3tano. En el caso de la exposici\u00f3n que se inaugurar\u00e1 el mi\u00e9rcoles que viene, este proceso lo llevan a cabo tres personas: Roc\u00edo Li\u00f1\u00e1n, archivera del Centro Lorca; Javier \u00c1lvarez, director de la Biblioteca de Andaluc\u00eda; y Sonia Manganell, conservadora del Ayuntamiento de Granada y eventualmente adscrita al Centro Lorca para este tipo de cometidos. \u00abTodos los movimientos los hacemos con todo el cuidado del mundo y siempre provistos de guantes\u00bb, explican. Lo normal es que se espere hasta que todas las vitrinas est\u00e9n instaladas para hacer el dep\u00f3sito.\u00a0<strong>La superficie de estos expositores tiene PH neutro para evitar que el contacto con el papel produzca reacciones qu\u00edmicas<\/strong>\u00a0que puedan da\u00f1arlos. En el interior tambi\u00e9n hay unos sensores que informan, en tiempo real, de que las condiciones ambientales son \u00f3ptimas.<\/p>\n<figure class=\"voc-inner-figure\" style=\"text-align: justify;\">\n<div class=\"voc-height-auto\"><img data-recalc-dims=\"1\" decoding=\"async\" class=\"alignright\" src=\"https:\/\/i0.wp.com\/static3.ideal.es\/www\/multimedia\/202010\/31\/media\/cortadas\/maleficio%20%287%29-kCtB--624x385%40Ideal.jpg?w=640&#038;ssl=1\" alt=\"La exposici\u00f3n quedar\u00e1 inaugurada la semana que viene.\" \/><\/div><figcaption class=\"figure-caption\"><span class=\"voc-photo-caption\">La exposici\u00f3n quedar\u00e1 inaugurada la semana que viene. \/\u00a0<\/span><span class=\"voc-photo-author\">ALFREDO AGUILAR<\/span><\/figcaption><\/figure>\n<p style=\"text-align: justify;\">Con esta exposici\u00f3n, con la que se conmemora los cien a\u00f1os de &#8216;El maleficio de la mariposa&#8217;,\u00a0<strong>el Centro Lorca pondr\u00e1 fin a su programa expositivo para este 2020<\/strong>. \u00abPara nosotros \u2013dice Sara Navarro\u2013 esta actividad es clave porque es la manera de poner el &#8216;zoom&#8217; sobre una obra y que los granadinos puedan aproximarse hasta un legado que, por su enorme relevancia y la necesidad de mantenerlo siempre en perfectas condiciones, es de acceso limitado para investigadores\u00bb.<\/p>\n<p style=\"text-align: justify;\">La presidenta de la Fundaci\u00f3n Garc\u00eda Lorca, Laura Garc\u00eda-Lorca, se\u00f1ala que \u00abcada vez que acercamos la lupa a esa c\u00e1mara del Centro Lorca llena de papeles encontramos una historia nueva;\u00a0<strong>es un fondo que no tiene fondo<\/strong>\u00bb. Un legado impresionante, catalogado como Bien de Inter\u00e9s Cultural (BIC), que est\u00e1 conformado b\u00e1sicamente por manuscritos como &#8216;El maleficio de la mariposa&#8217; y por otros elementos de enorme relevancia como la biblioteca personal de Federico Garc\u00eda Lorca con sus anotaciones personales, fotos, partituras, dibujos y tambi\u00e9n elementos de vestuario.<\/p>\n<p>JORGE PASTOR<\/p>\n<p>https:\/\/www.ideal.es\/culturas\/granada-folios-maleficio-federico-garcia-lorca-20201031161717-nt.html?ref=https:%2F%2Fwww.ideal.es%2Fculturas%2Fgranada-folios-maleficio-federico-garcia-lorca-20201031161717-nt.html<\/p>\n","protected":false},"excerpt":{"rendered":"<p>Este 2020 se cumplen cien a\u00f1os del estreno de &#8216;El maleficio de la mariposa&#8217;, cuyo&#8230;<\/p>\n","protected":false},"author":1,"featured_media":42926,"comment_status":"closed","ping_status":"closed","sticky":false,"template":"","format":"standard","meta":{"_coblocks_attr":"","_coblocks_dimensions":"","_coblocks_responsive_height":"","_coblocks_accordion_ie_support":"","jetpack_post_was_ever_published":false,"_jetpack_newsletter_access":"","_jetpack_dont_email_post_to_subs":false,"_jetpack_newsletter_tier_id":0,"_jetpack_memberships_contains_paywalled_content":false,"_jetpack_memberships_contains_paid_content":false,"footnotes":"","jetpack_publicize_message":"","jetpack_publicize_feature_enabled":true,"jetpack_social_post_already_shared":false,"jetpack_social_options":{"image_generator_settings":{"template":"highway","default_image_id":0,"enabled":false},"version":2}},"categories":[1161,44,6937,15],"tags":[6414,2016,4488,7776],"class_list":["post-42925","post","type-post","status-publish","format-standard","has-post-thumbnail","hentry","category-ciudadania","category-noticias-de-hoy","category-sociedad","category-ultimas-noticias","tag-centro-federico-garcia-lorca","tag-documentacion","tag-federico-garcia-lorca","tag-maleficio"],"jetpack_publicize_connections":[],"jetpack_featured_media_url":"https:\/\/i0.wp.com\/miradordeatarfe.es\/wp-content\/uploads\/2020\/11\/maleficio-20-kCtB-396x282%40Ideal.jpg?fit=396%2C282&ssl=1","jetpack_likes_enabled":true,"jetpack_sharing_enabled":true,"_links":{"self":[{"href":"https:\/\/miradordeatarfe.es\/index.php?rest_route=\/wp\/v2\/posts\/42925","targetHints":{"allow":["GET"]}}],"collection":[{"href":"https:\/\/miradordeatarfe.es\/index.php?rest_route=\/wp\/v2\/posts"}],"about":[{"href":"https:\/\/miradordeatarfe.es\/index.php?rest_route=\/wp\/v2\/types\/post"}],"author":[{"embeddable":true,"href":"https:\/\/miradordeatarfe.es\/index.php?rest_route=\/wp\/v2\/users\/1"}],"replies":[{"embeddable":true,"href":"https:\/\/miradordeatarfe.es\/index.php?rest_route=%2Fwp%2Fv2%2Fcomments&post=42925"}],"version-history":[{"count":2,"href":"https:\/\/miradordeatarfe.es\/index.php?rest_route=\/wp\/v2\/posts\/42925\/revisions"}],"predecessor-version":[{"id":42928,"href":"https:\/\/miradordeatarfe.es\/index.php?rest_route=\/wp\/v2\/posts\/42925\/revisions\/42928"}],"wp:featuredmedia":[{"embeddable":true,"href":"https:\/\/miradordeatarfe.es\/index.php?rest_route=\/wp\/v2\/media\/42926"}],"wp:attachment":[{"href":"https:\/\/miradordeatarfe.es\/index.php?rest_route=%2Fwp%2Fv2%2Fmedia&parent=42925"}],"wp:term":[{"taxonomy":"category","embeddable":true,"href":"https:\/\/miradordeatarfe.es\/index.php?rest_route=%2Fwp%2Fv2%2Fcategories&post=42925"},{"taxonomy":"post_tag","embeddable":true,"href":"https:\/\/miradordeatarfe.es\/index.php?rest_route=%2Fwp%2Fv2%2Ftags&post=42925"}],"curies":[{"name":"wp","href":"https:\/\/api.w.org\/{rel}","templated":true}]}}