{"id":42943,"date":"2020-11-06T11:48:20","date_gmt":"2020-11-06T10:48:20","guid":{"rendered":"http:\/\/miradordeatarfe.es\/?p=42943"},"modified":"2020-11-04T12:52:31","modified_gmt":"2020-11-04T11:52:31","slug":"la-necesidad-de-propiciar-un-urbanismo-que-favorezca-la-salud-de-la-ciudadania-por-juan-carlos-garcia-de-los-reyes","status":"publish","type":"post","link":"https:\/\/miradordeatarfe.es\/?p=42943","title":{"rendered":"\u00abLa necesidad de propiciar un urbanismo que favorezca la salud de la ciudadan\u00eda\u00bb Por: Juan Carlos Garc\u00eda de los Reyes"},"content":{"rendered":"<header class=\"entry-header\"><\/header>\n<div class=\"entry-content clearfix\">\n<h3 style=\"text-align: justify;\">Tiene gracia, porque ha tenido que llegar una pandemia global para que, aparte de quitarnos el hipo, la salud o la vida, empecemos a tomarnos en serio (pero\u2026 \u00bfpor cu\u00e1nto tiempo?) que nuestra salud individual y colectiva guarda una estrech\u00edsima relaci\u00f3n con el modo de vida y con las caracter\u00edsticas del lugar donde habitamos.<\/h3>\n<p style=\"text-align: justify;\">Resulta que la sociedad cient\u00edfica lleva a\u00f1os <em>gritando<\/em> sobre la cat\u00e1strofe que se nos avecina a cuenta del calentamiento global, y los gobernantes (al igual que la ciudadan\u00eda) poni\u00e9ndose de perfil porque, en realidad, ni unos ni otros cre\u00edamos que de verdad fuese posible cambiar los h\u00e1bitos de la humanidad. Al igual que hace unos a\u00f1os desde las instancias internacionales fueron definidos los objetivos de la <a href=\"https:\/\/www.un.org\/sustainabledevelopment\/es\/development-agenda\/\" target=\"_blank\" rel=\"noopener noreferrer\">Agenda 2030 para el Desarrollo Sostenible<\/a>; y sin embargo, a las ciudades les cuesta asumirlos e integrarlos en sus pol\u00edticas de desarrollo urbano. Porque cambiar la inercia de las cosas no es nada sencillo.<\/p>\n<p style=\"text-align: justify;\">Pero ha llegado el COVID y de repente hemos descubierto, at\u00f3nitos, que no era irremediable convivir con tanto humo, con tanto ruido, ni con ese ritmo de vida trepidante. Ya que apenas bastaron unas semanas de confinamiento para que los niveles de contaminaci\u00f3n, no digo ya urbanos sino incluso planetarios, se recuperaran volviendo a \u00edndices inimaginables, y que unos y otros pudi\u00e9ramos sentir de nuevo la fuerza de la naturaleza con toda su expresividad, incluso en el seno de las ciudades.<\/p>\n<p style=\"text-align: justify;\">Por eso, a todos nos ha parecido maravilloso comprobar que, de verdad, las cosas podr\u00edan llegar a ser diferentes, lo cual ya de por s\u00ed ha significado una gran lecci\u00f3n que podr\u00eda precipitar muchas de las acciones relacionadas de una u otra manera con la salud que, hasta el momento, la sociedad actual no terminaba de considerar. Porque si bien las ciudades constituyen espacios de gran vitalidad y dinamismo, tambi\u00e9n son fiel reflejo de las tremendas contradicciones que se derivan de un modo de vida que, por ejemplo, exige a diario grandes desplazamientos desde la residencia al trabajo, nocivos para el medio ambiente, y por tanto para la salud, pero tambi\u00e9n nocivos para que los ciudadanos y ciudadanas puedan vivir una vida plena.<\/p>\n<p style=\"text-align: justify;\">\u00a0<\/p>\n<p style=\"text-align: justify;\"><img data-recalc-dims=\"1\" loading=\"lazy\" decoding=\"async\" class=\"alignnone size-full wp-image-1481\" src=\"https:\/\/i0.wp.com\/www.easp.es\/web\/coronavirusysaludpublica\/wp-content\/uploads\/sites\/17\/2020\/11\/Urbanismo3.jpg?resize=640%2C409&#038;ssl=1\" sizes=\"auto, (max-width: 1000px) 100vw, 1000px\" srcset=\"https:\/\/www.easp.es\/web\/coronavirusysaludpublica\/wp-content\/uploads\/sites\/17\/2020\/11\/Urbanismo3.jpg 1000w, https:\/\/www.easp.es\/web\/coronavirusysaludpublica\/wp-content\/uploads\/sites\/17\/2020\/11\/Urbanismo3-300x192.jpg 300w, https:\/\/www.easp.es\/web\/coronavirusysaludpublica\/wp-content\/uploads\/sites\/17\/2020\/11\/Urbanismo3-768x491.jpg 768w\" alt=\"\" width=\"640\" height=\"409\" \/><\/p>\n<p style=\"text-align: justify;\"><img data-recalc-dims=\"1\" loading=\"lazy\" decoding=\"async\" class=\"alignnone wp-image-1483\" src=\"https:\/\/i0.wp.com\/www.easp.es\/web\/coronavirusysaludpublica\/wp-content\/uploads\/sites\/17\/2020\/11\/Grarquitectos_-150x44.jpg?resize=100%2C27&#038;ssl=1\" alt=\"\" width=\"100\" height=\"27\" \/><\/p>\n<p style=\"text-align: justify;\">\u00a0<\/p>\n<p style=\"text-align: justify;\">Han pasado much\u00edsimos a\u00f1os ya desde que la Organizaci\u00f3n Mundial de la Salud (Nueva York, 1946) definiese que <em>\u201cLa salud es un estado de completo bienestar f\u00edsico, mental y social, y no solamente la ausencia de afecciones o enfermedades\u201d<\/em> y as\u00ed surgi\u00f3 el concepto de los determinantes de salud, que se definen como \u201cel conjunto de factores personales, sociales, econ\u00f3micos y ambientales que determinan el estado de salud individual y colectiva\u201d. Es decir, que bajo este t\u00e9rmino se engloba un conjunto de factores que influencian y encuadran el estado de bienestar y calidad de vida de individuos y poblaciones:<\/p>\n<ul style=\"text-align: justify;\">\n<li>\n<ul>\n<li>Factores individuales que no pueden ser modificados como la edad, el sexo y los factores gen\u00e9ticos.<\/li>\n<li>Y otros factores que s\u00ed pueden modificarse como son: los h\u00e1bitos o estilos de vida (alimentaci\u00f3n, actividad f\u00edsica, etc.); las condiciones ambientales del entorno; y las pol\u00edticas sectoriales de distintos \u00e1mbitos (trasporte, vivienda, planificaci\u00f3n urbana, etc.).<\/li>\n<\/ul>\n<\/li>\n<\/ul>\n<p style=\"text-align: justify;\">As\u00ed pues, mientras que los primeros factores, los cl\u00e1sicos, tienen efectos directos en la salud, los segundos inciden e impactan sobre ella. Por eso, al hablar de las ciudades surge <strong>la<\/strong><strong> necesidad de propiciar un urbanismo que favorezca la salud de la ciudadan\u00eda<\/strong>. Son muchos los estudios que evidencian que en pa\u00edses con cobertura asistencial universal, como ser\u00eda el caso de Espa\u00f1a, m\u00e1s del 40% de carga de enfermedad es atribuible a dos grandes determinantes de salud como son los factores ambientales y los h\u00e1bitos y estilos de vida. \u00a0Dos cuestiones que guardan una estrech\u00edsima relaci\u00f3n con las decisiones pol\u00edticas que se adoptan en el seno de las ciudades: educaci\u00f3n, vivienda, trabajo, econom\u00eda, medio ambiente\u2026 esto es, la planificaci\u00f3n urbana.<\/p>\n<p style=\"text-align: justify;\">Podemos afirmar por tanto que la planificaci\u00f3n urbana as\u00ed concebida, podr\u00e1 propiciar acciones que impacten en los h\u00e1bitos y estilos de vida, que mejoren los factores ambientales y reduzcan la contaminaci\u00f3n. As\u00ed, por ejemplo, mejorar la movilidad, reducir las distancias residencia-trabajo, acercar los equipamientos y los servicios a los barrios, prever mayores y mejores \u00e1reas verdes, fomentar la peatonalizaci\u00f3n y los modos de transporte no motorizados\u2026 ser\u00e1n acciones que sin duda alguna van a impactar en los h\u00e1bitos y estilos de vida ciudadanos, y en definitiva en la salud.<\/p>\n<p style=\"text-align: justify;\">Por eso es tan importante que en la planificaci\u00f3n urban\u00edstica se incorporen pol\u00edticas espec\u00edficas tales como:<\/p>\n<ul style=\"text-align: justify;\">\n<li>\n<ul>\n<li>Mejora de la calidad ambiental (agua, aire, residuos, movilidad, contaminaci\u00f3n ac\u00fastica, contaminaci\u00f3n atmosf\u00e9rica, revegetaci\u00f3n de espacios verdes, etc.).<\/li>\n<li>Minimizaci\u00f3n de la exposici\u00f3n de la poblaci\u00f3n a fuentes contaminantes.<\/li>\n<li>Asegurar el acceso equitativo a espacios libres y equipamientos p\u00fablicos y sociales.<\/li>\n<li>Especial atenci\u00f3n a la integraci\u00f3n de colectivos vulnerables.<\/li>\n<\/ul>\n<\/li>\n<\/ul>\n<p style=\"text-align: justify;\">Lamentablemente, las bondades de una buena planificaci\u00f3n dif\u00edcilmente ser\u00e1n inmediatas sino que llegar\u00e1n a medio plazo, ya que muchos de esos cambios van a requerir nuevas infraestructuras, remodelaciones f\u00edsicas o gestiones administrativas generalmente complejas y costosas. Por eso es tan importante dotarse de instrumentos de planificaci\u00f3n que definan un modelo urbano asumido social y pol\u00edticamente, que pueda ser llevado a cabo en el tiempo, y que asuma estrategias de sostenibilidad urbana.<\/p>\n<p style=\"text-align: justify;\">\u00a0<\/p>\n<p style=\"text-align: justify;\"><img data-recalc-dims=\"1\" loading=\"lazy\" decoding=\"async\" class=\"alignnone wp-image-1480 size-full\" src=\"https:\/\/i0.wp.com\/www.easp.es\/web\/coronavirusysaludpublica\/wp-content\/uploads\/sites\/17\/2020\/11\/Urbanismo2-e1604298736276.jpg?resize=640%2C332&#038;ssl=1\" sizes=\"auto, (max-width: 886px) 100vw, 886px\" srcset=\"https:\/\/www.easp.es\/web\/coronavirusysaludpublica\/wp-content\/uploads\/sites\/17\/2020\/11\/Urbanismo2-e1604298736276.jpg 886w, https:\/\/www.easp.es\/web\/coronavirusysaludpublica\/wp-content\/uploads\/sites\/17\/2020\/11\/Urbanismo2-e1604298736276-300x156.jpg 300w, https:\/\/www.easp.es\/web\/coronavirusysaludpublica\/wp-content\/uploads\/sites\/17\/2020\/11\/Urbanismo2-e1604298736276-768x399.jpg 768w\" alt=\"\" width=\"640\" height=\"332\" \/><\/p>\n<p style=\"text-align: justify;\"><img data-recalc-dims=\"1\" loading=\"lazy\" decoding=\"async\" class=\"alignnone wp-image-1483\" src=\"https:\/\/i0.wp.com\/www.easp.es\/web\/coronavirusysaludpublica\/wp-content\/uploads\/sites\/17\/2020\/11\/Grarquitectos_-150x44.jpg?resize=100%2C27&#038;ssl=1\" alt=\"\" width=\"100\" height=\"27\" \/><\/p>\n<p style=\"text-align: justify;\">\u00a0<\/p>\n<p style=\"text-align: justify;\">Pero nada de esto es nuevo, en absoluto, y en realidad la sociedad actual ya tiene trazado un buen camino y ahora de lo que se tratar\u00eda es de recorrerlo. Por eso recomiendo visitar por ejemplo:<\/p>\n<p style=\"text-align: justify;\">La <strong><a href=\"https:\/\/www.juntadeandalucia.es\/organismos\/fomentoinfraestructurasyordenaciondelterritorio\/areas\/urbanismo\/sostenibilidad\/paginas\/estrategia-andaluza-ordenacion-urbana.html\" target=\"_blank\" rel=\"noopener noreferrer\">Estrategia Andaluza de Sostenibilidad Urbana<\/a><\/strong><em><strong>, <\/strong><\/em>que constituye una referencia marco de las pol\u00edticas con mayor implicaci\u00f3n en los procesos de desarrollo urbano: \u201cLa ordenaci\u00f3n territorial, la urban\u00edstica, la planificaci\u00f3n y gesti\u00f3n de la movilidad, el uso que nuestras ciudades hacen de los recursos naturales y energ\u00e9ticos, constituyen elementos claves en la construcci\u00f3n de la ciudad sostenible\u201d que considerar\u00e1, entre otras, las siguientes l\u00edneas estrat\u00e9gicas:<\/p>\n<ul style=\"text-align: justify;\">\n<li>\n<ul>\n<li>\n<ul>\n<li>Promover el modelo de ciudad compacta, diversa, eficiente y cohesionada socialmente.<\/li>\n<li>Uso razonable y sostenible de recursos.<\/li>\n<li>Mejorar la calidad urbana y la calidad de vida de la ciudadan\u00eda.<\/li>\n<li>Cumplimiento de los objetivos de emisi\u00f3n fijados en los diferentes protocolos y acuerdos internacionales.<\/li>\n<li>Impulsar la innovaci\u00f3n tecnol\u00f3gica y especialmente en procedimientos de gesti\u00f3n, planificaci\u00f3n y organizaci\u00f3n de instituciones.<\/li>\n<li>Ofrecer criterios de sostenibilidad a las pol\u00edticas sectoriales para incorporarlos a trav\u00e9s de instrumentos normativos, de desarrollo o estrat\u00e9gicos.<\/li>\n<li>Impulsar una nueva cultura de la movilidad y accesibilidad.<\/li>\n<li>Fomentar las acciones transversales de coordinaci\u00f3n entre todos los departamentos y administraciones.<\/li>\n<\/ul>\n<\/li>\n<\/ul>\n<\/li>\n<\/ul>\n<p style=\"text-align: justify;\">La definici\u00f3n del <strong>modelo de ciudad<\/strong> que se recoge en el <strong><a href=\"https:\/\/www.juntadeandalucia.es\/organismos\/fomentoinfraestructurasyordenaciondelterritorio\/areas\/ordenacion\/planes\/paginas\/plan-pota.html\" target=\"_blank\" rel=\"noopener noreferrer\">Plan de Ordenaci\u00f3n del Territorio de Andaluc\u00eda<\/a><\/strong>, vigente desde 2006:<\/p>\n<p style=\"text-align: justify;\">\u00ab[\u2026] El planeamiento tendr\u00e1 entre sus objetivos la consecuci\u00f3n de un modelo de ciudad compacta, funcional y econ\u00f3micamente diversificada, evitando procesos de expansi\u00f3n indiscriminada y de consumo innecesario de recursos naturales y de suelo. Este modelo de ciudad compacta es la versi\u00f3n f\u00edsica de la ciudad mediterr\u00e1nea, permeable y diversificada en su totalidad y en cada una de sus partes, y que evita en lo posible la excesiva especializaci\u00f3n funcional y de usos para reducir desplazamientos obligados, as\u00ed como la segregaci\u00f3n social del espacio urbano.<\/p>\n<p style=\"text-align: justify;\">\u00bbEl desarrollo urbano debe sustentarse en un modelo basado en la creaci\u00f3n de ciudad que genere proximidad y una movilidad asegurada por altos niveles de dotaciones de infraestructuras, equipamientos y servicios de transporte p\u00fablico\u2026\u00bb<\/p>\n<p style=\"text-align: justify;\">\u00a0<\/p>\n<p style=\"text-align: justify;\">\u201cS\u00ed, s\u00ed\u201d, me dir\u00e9is, \u201ctodo eso est\u00e1 muy bien, pero\u2026 <strong>\u00bfAhora con el COVID qu\u00e9 hacemos?<\/strong>\u201d. Yo creo que esta pandemia est\u00e1 empezando a acelerar procesos que de una u otra manera est\u00e1bamos abocados a hacer, es decir, que nos est\u00e1 acercando a pasos agigantados a acciones que los pa\u00edses, las regiones y las ciudades irremediablemente ten\u00edamos que realizar. Haci\u00e9ndonos ver con toda su crudeza la enorme fragilidad del ser humano y por tanto de la humanidad. Y se ha hecho evidente en algunas cuestiones sobre las que lo que se hab\u00eda avanzado suficientemente, como, por ejemplo:<\/p>\n<p style=\"text-align: justify;\">Redescubriendo las bondades de vivir en ciudades de tama\u00f1o medio y en el mundo rural, poniendo sobre la palestra la necesidad de que las pol\u00edticas de ordenaci\u00f3n territorial fomenten urgentemente su \u00f3ptima conectividad digital y f\u00edsica, y les doten de mejores servicios a todos los niveles \u2014de manera insospechada y de golpe ya le hemos perdido el miedo al teletrabajo\u2014.<\/p>\n<p style=\"text-align: justify;\">O acelerando las pol\u00edticas de movilidad urbana sostenible, por lo que ahora m\u00e1s que nunca se habla de peatonalizar, de modos de transporte no motorizados, de dar espacio a la bicicleta\u2026 Los alcaldes ya sab\u00edan desde hace tiempo que con las pol\u00edticas de movilidad se visibilizan en muy poco tiempo mejoras en la calidad de vida en los barrios, por eso el COVID est\u00e1 precipitando la toma de decisiones en dicho sentido.<\/p>\n<p style=\"text-align: justify;\">\u00a0<\/p>\n<p style=\"text-align: justify;\"><img data-recalc-dims=\"1\" loading=\"lazy\" decoding=\"async\" class=\"alignnone size-full wp-image-1479\" src=\"https:\/\/i0.wp.com\/www.easp.es\/web\/coronavirusysaludpublica\/wp-content\/uploads\/sites\/17\/2020\/11\/Urbanismo1.jpg?resize=640%2C359&#038;ssl=1\" sizes=\"auto, (max-width: 1108px) 100vw, 1108px\" srcset=\"https:\/\/www.easp.es\/web\/coronavirusysaludpublica\/wp-content\/uploads\/sites\/17\/2020\/11\/Urbanismo1.jpg 1108w, https:\/\/www.easp.es\/web\/coronavirusysaludpublica\/wp-content\/uploads\/sites\/17\/2020\/11\/Urbanismo1-300x168.jpg 300w, https:\/\/www.easp.es\/web\/coronavirusysaludpublica\/wp-content\/uploads\/sites\/17\/2020\/11\/Urbanismo1-1024x575.jpg 1024w, https:\/\/www.easp.es\/web\/coronavirusysaludpublica\/wp-content\/uploads\/sites\/17\/2020\/11\/Urbanismo1-768x431.jpg 768w, https:\/\/www.easp.es\/web\/coronavirusysaludpublica\/wp-content\/uploads\/sites\/17\/2020\/11\/Urbanismo1-135x75.jpg 135w\" alt=\"\" width=\"640\" height=\"359\" \/><\/p>\n<p style=\"text-align: justify;\"><img data-recalc-dims=\"1\" loading=\"lazy\" decoding=\"async\" class=\"alignnone wp-image-1483\" src=\"https:\/\/i0.wp.com\/www.easp.es\/web\/coronavirusysaludpublica\/wp-content\/uploads\/sites\/17\/2020\/11\/Grarquitectos_-150x44.jpg?resize=100%2C27&#038;ssl=1\" alt=\"\" width=\"100\" height=\"27\" \/><\/p>\n<p style=\"text-align: justify;\">\u00a0<\/p>\n<p style=\"text-align: justify;\">As\u00ed pues, llegados a este punto, ya s\u00e9 que la pregunta sigue sobre la mesa: pero\u2026 <strong><em>\u00bfcu\u00e1les ser\u00e1n los efectos que tendr\u00e1 la pandemia del COVID sobre las ciudades actuales y los modos de vida de las personas?<\/em><\/strong> Como os dec\u00eda, creo que su principal virtualidad (por llamarlo de alguna manera) ya est\u00e1 siendo la de precipitar procesos de cambio a los que de una u otra manera ya est\u00e1bamos abocados. As\u00ed, por ejemplo, hoy en d\u00eda es f\u00e1cil encontrar en los medios de comunicaci\u00f3n reflexiones que si bien no son nuevas, ahora suenan con mucha m\u00e1s pertinencia:<\/p>\n<p style=\"text-align: justify;\">Como la del urbanista <a href=\"https:\/\/retina.elpais.com\/retina\/2020\/10\/23\/tendencias\/1603477590_170753.html\" target=\"_blank\" rel=\"noopener noreferrer\">Carlos Moreno<\/a> que desde Par\u00eds auspicia \u201cLa ciudad de los 15 minutos\u201d: barrios densos y diversos, edificios con distintos usos, y movilidad reducida porque todos los servicios b\u00e1sicos est\u00e1n como m\u00e1ximo a 15\u2019 desde casa, ya que \u201clos tiempos del transporte deterioran considerablemente la calidad de vida y se est\u00e1n convirtiendo en una amenaza para la salud urbana\u201d. Afirmando que no podemos seguir viviendo como si no hubiese cambio clim\u00e1tico: \u201cNo es una crisis nueva. El cambio clim\u00e1tico la puso sobre la mesa y ahora la pandemia la ha amplificado\u201d.<\/p>\n<p style=\"text-align: justify;\">Y la de <a href=\"https:\/\/retina.elpais.com\/retina\/2020\/10\/23\/tendencias\/1603436726_369676.html\" target=\"_blank\" rel=\"noopener noreferrer\">In\u00e9s Saban\u00e9s<\/a>, Exdelegada de Medio Ambiente y Movilidad en Ayuntamiento de Madrid, y su apuesta por \u201ccaminar, vivir la proximidad, teletrabajo, aire limpio\u2026 recuperar espacio para el peat\u00f3n, los patinetes el\u00e9ctricos, las bicicletas y los \u00e1rboles\u201d aunque tambi\u00e9n pone el dedo en la llaga de un nuevo problema que acaba de llegar: \u201cEl teletrabajo es una buena noticia para los transportes insostenibles medioambientalmente; pero mala noticia para la sostenibilidad financiera del transporte p\u00fablico\u201d. Para concluir reflexionando sobre la necesidad de propiciar la gobernanza, ya que \u201clas ciudades no pueden dejarse en manos del mercado. Hay que regular pensando en el bien com\u00fan\u2026 La sobreoferta puede deshumanizar las ciudades, lo hemos visto con la oferta residencial y Airbnb\u201d.<\/p>\n<p style=\"text-align: justify;\">\u00a0<\/p>\n<p style=\"text-align: justify;\">Aunque ahora se abra una singular oportunidad para anticipar los retos, yo tengo muy claro que la misi\u00f3n de todos aquellos que tengan responsabilidades p\u00fablicas sobre la ciudad y el territorio, debe seguir siendo la de propiciar el desarrollo de ciudades comprometidas que, para el caso, no viene a ser diferente de la necesidad de propiciar un urbanismo que favorezca la salud de la poblaci\u00f3n.<\/p>\n<p style=\"text-align: justify;\">Ciudades socialmente integradoras, ambientalmente sostenibles y econ\u00f3micamente activas y emprendedoras, que utilizan racionalmente los recursos territoriales, sin esquilmarlos, para fomentar su crecimiento econ\u00f3mico y la mejora socioecon\u00f3mica y cultural de su poblaci\u00f3n; que protege su patrimonio cultural y natural como herencia recibida de sus antecesores, que debe ser legada a sus sucesores; y que mantiene las caracter\u00edsticas propias que la diferencian de otras ciudades o territorios.<\/p>\n<p style=\"text-align: justify;\">Ciudades en donde reine la armon\u00eda, se incorpore la inclusi\u00f3n, la eficiencia, el respeto al medio ambiente y en las que las personas puedan vivir con dignidad y desarrollarse como ciudadanos. Ciudades y barrios que sean espacios de convivencia. Dise\u00f1ados a escala humana, con buenos servicios, que se puedan caminar y que no est\u00e9n contaminados. Que mimen a sus ciudadanos\u2026<\/p>\n<p style=\"text-align: justify;\">En definitiva, \u201c<strong>Ciudades comprometidas<\/strong>\u201d, como a m\u00ed me gusta denomina<\/p>\n<p style=\"text-align: justify;\"><em>Por: <strong>Juan Carlos Garc\u00eda de los Reyes<\/strong><\/em><\/p>\n<p style=\"text-align: justify;\">https:\/\/www.easp.es\/web\/coronavirusysaludpublica\/la-necesidad-de-propiciar-un-urbanismo-que-favorezca-la-salud-de-la-ciudadania\/<\/p>\n<\/div>\n","protected":false},"excerpt":{"rendered":"<p>Tiene gracia, porque ha tenido que llegar una pandemia global para que, aparte de quitarnos&#8230;<\/p>\n","protected":false},"author":1,"featured_media":42944,"comment_status":"closed","ping_status":"closed","sticky":false,"template":"","format":"standard","meta":{"_coblocks_attr":"","_coblocks_dimensions":"","_coblocks_responsive_height":"","_coblocks_accordion_ie_support":"","jetpack_post_was_ever_published":false,"_jetpack_newsletter_access":"","_jetpack_dont_email_post_to_subs":false,"_jetpack_newsletter_tier_id":0,"_jetpack_memberships_contains_paywalled_content":false,"_jetpack_memberships_contains_paid_content":false,"footnotes":"","jetpack_publicize_message":"","jetpack_publicize_feature_enabled":true,"jetpack_social_post_already_shared":false,"jetpack_social_options":{"image_generator_settings":{"template":"highway","default_image_id":0,"enabled":false},"version":2}},"categories":[7725,1161,186,44,6937,15],"tags":[1735,7778,2075],"class_list":["post-42943","post","type-post","status-publish","format-standard","has-post-thumbnail","hentry","category-atarfe-sostenible","category-ciudadania","category-instituciones","category-noticias-de-hoy","category-sociedad","category-ultimas-noticias","tag-ciudades","tag-garcia-de-los-reyes","tag-urbanismo"],"jetpack_publicize_connections":[],"jetpack_featured_media_url":"https:\/\/i0.wp.com\/miradordeatarfe.es\/wp-content\/uploads\/2020\/11\/tb-w230-h160-crop-int-4c1211b1d5c3d82051826d0bc1142466.jpg?fit=230%2C160&ssl=1","jetpack_likes_enabled":true,"jetpack_sharing_enabled":true,"_links":{"self":[{"href":"https:\/\/miradordeatarfe.es\/index.php?rest_route=\/wp\/v2\/posts\/42943","targetHints":{"allow":["GET"]}}],"collection":[{"href":"https:\/\/miradordeatarfe.es\/index.php?rest_route=\/wp\/v2\/posts"}],"about":[{"href":"https:\/\/miradordeatarfe.es\/index.php?rest_route=\/wp\/v2\/types\/post"}],"author":[{"embeddable":true,"href":"https:\/\/miradordeatarfe.es\/index.php?rest_route=\/wp\/v2\/users\/1"}],"replies":[{"embeddable":true,"href":"https:\/\/miradordeatarfe.es\/index.php?rest_route=%2Fwp%2Fv2%2Fcomments&post=42943"}],"version-history":[{"count":2,"href":"https:\/\/miradordeatarfe.es\/index.php?rest_route=\/wp\/v2\/posts\/42943\/revisions"}],"predecessor-version":[{"id":42946,"href":"https:\/\/miradordeatarfe.es\/index.php?rest_route=\/wp\/v2\/posts\/42943\/revisions\/42946"}],"wp:featuredmedia":[{"embeddable":true,"href":"https:\/\/miradordeatarfe.es\/index.php?rest_route=\/wp\/v2\/media\/42944"}],"wp:attachment":[{"href":"https:\/\/miradordeatarfe.es\/index.php?rest_route=%2Fwp%2Fv2%2Fmedia&parent=42943"}],"wp:term":[{"taxonomy":"category","embeddable":true,"href":"https:\/\/miradordeatarfe.es\/index.php?rest_route=%2Fwp%2Fv2%2Fcategories&post=42943"},{"taxonomy":"post_tag","embeddable":true,"href":"https:\/\/miradordeatarfe.es\/index.php?rest_route=%2Fwp%2Fv2%2Ftags&post=42943"}],"curies":[{"name":"wp","href":"https:\/\/api.w.org\/{rel}","templated":true}]}}