{"id":42966,"date":"2020-11-09T11:20:34","date_gmt":"2020-11-09T10:20:34","guid":{"rendered":"http:\/\/miradordeatarfe.es\/?p=42966"},"modified":"2021-01-28T13:19:37","modified_gmt":"2021-01-28T12:19:37","slug":"sebastian-y-el-silencio-por-remedios-sanchez","status":"publish","type":"post","link":"https:\/\/miradordeatarfe.es\/?p=42966","title":{"rendered":"\u00abSEBASTI\u00c1N Y EL SILENCIO\u00bb por Remedios S\u00e1nchez"},"content":{"rendered":"<h3 align=\"JUSTIFY\"><span style=\"font-family: Times New Roman, serif;\"><span style=\"font-size: medium;\"><span lang=\"es-ES\">En Granada el tiempo transcurre siempre con un suspiro de hojas amarillas que son a\u00f1oranza de lo que pudimos ser y no fuimos. Y, de fondo, los murmullos de caf\u00e9 y el silencio en las tribunas, que es lo que nos frena, este miedo a nombrarlo todo. <\/span><\/span><\/span><\/h3>\n<p align=\"JUSTIFY\"><span style=\"font-family: Times New Roman, serif;\"><span style=\"font-size: medium;\"><span lang=\"es-ES\">Dieciocho a\u00f1os hace que veo pasar la vida desde este mirador ma\u00f1anero y sigo sin comprender esos silencios de los que Cicer\u00f3n afirm\u00f3 que corrompen tanto como una mentira. Por eso parece surrealista que se responda a la renuncia de Sebasti\u00e1n P\u00e9rez a su cargo como primer teniente de alcalde por parte de sus compa\u00f1eros de lista -la que \u00e9l encabez\u00f3- y de partido (ese mismo partido que ha dirigido quince a\u00f1os y al que le ha dado victorias tan significativas como la de Diputaci\u00f3n en 2011) con un silencio tan rotundo. <\/span><\/span><\/span><\/p>\n<p align=\"JUSTIFY\"><span style=\"font-family: Times New Roman, serif;\"><span style=\"font-size: medium;\"><span lang=\"es-ES\">Sebasti\u00e1n ha ejercido como relaciones p\u00fablicas y fontanero -dependiendo del momento- de un Partido Popular que, en Granada, ha tenido que batirse el cobre para ganarse los apoyos de muchos ciudadanos alejados de la centroderecha. Y, mientras, tambi\u00e9n sac\u00f3 tiempo para buscar personas valiosas capaces de conformar una nueva generaci\u00f3n de gestores p\u00fablicos con voluntad de compromiso verdadero con Granada; esos que precisamente ahora mismo est\u00e1n dando la dimensi\u00f3n de su capacidad, como Marifran Carazo en Fomento o Roc\u00edo D\u00edaz en La Alhambra, por poner dos ejemplos. Evidentemente, con otros se equivoc\u00f3 rotundamente.<\/span><\/span><\/span><\/p>\n<p align=\"JUSTIFY\"><span style=\"font-family: Times New Roman, serif;\"><span style=\"font-size: medium;\"><span lang=\"es-ES\">Porque al anterior l\u00edder del PP, se coincida o no con \u00e9l, podr\u00e1n ech\u00e1rsele en cara algunas cosas pero nunca la de no estar entusiasmado con Granada y pensarla a lo grande<\/span><\/span><\/span> <span style=\"font-family: Times New Roman, serif;\"><span style=\"font-size: medium;\"><span lang=\"es-ES\">sin ignorar nuestras se\u00f1as de identidad. Y cuando las urnas le dieron la posibilidad de desarrollar el proyecto con el que se comprometi\u00f3 en campa\u00f1a, no lo han dejado. El equipo de gobierno ha preferido menospreciar y colocar en una estanter\u00eda a quien capitane\u00f3 hace diecisiete meses la candidatura mayoritaria de los que hoy ocupan la zona noble en Plaza del Carmen. Como si fuera un jarr\u00f3n chino. Pero resulta que Sebasti\u00e1n ha mostrado tener esas cosas tan infrecuentes en esta \u00e9poca que se llaman dignidad y pundonor. Lo cual que no ha entrado por el aro de callar y seguir cobrando mientras se le preter\u00eda en la tarea para el que le hab\u00edan elegido. Era, obviamente, la \u00fanica manera de salvarse del descr\u00e9dito personal. Desde hace meses sus declaraciones evidenciaban que tal decisi\u00f3n era probable, pero parece que las consideraciones del nuevo presidente del PP, Francis Rodr\u00edguez, acus\u00e1ndole de dejaci\u00f3n de funciones han rebosado el vaso. O que no le cojan el tel\u00e9fono desde que Garc\u00eda Egea mueve los hilos del PP granad\u00ed. <\/span><\/span><\/span><\/p>\n<p align=\"JUSTIFY\"><span style=\"font-family: Times New Roman, serif;\"><span style=\"font-size: medium;\"><span lang=\"es-ES\">No me imagino yo al PSOE esquinando a Paco Cuenca, Teresa Jim\u00e9nez o Mar\u00eda Jos\u00e9 S\u00e1nchez Rubio, porque ser\u00eda vergonzante no respetar lo que representan para los votantes. Mientras, a Sebasti\u00e1n P\u00e9rez lo desde\u00f1an con un intento de ostracismo que oscila entre lo absurdo y lo temerario para cualquiera que entienda que, en la tierra del chavico, nunca ha sido lo mismo trece m\u00e1s uno que catorce. Parecen olvidarse de que, en ocasiones, el silencio puede acabar resonando con la fuerza inmensa de la que avisaba Federico: \u201coye, hijo m\u00edo, el silencio.\/Es un silencio ondulado,\/un silencio,\/donde resbalan valles y ecos\/y que inclina las frentes\/hacia el suelo\u201d. Y, ya puestos, la semana que viene hablaremos del gobierno.<\/span><\/span><\/span><\/p>\n","protected":false},"excerpt":{"rendered":"<p>En Granada el tiempo transcurre siempre con un suspiro de hojas amarillas que son a\u00f1oranza&#8230;<\/p>\n","protected":false},"author":1,"featured_media":42967,"comment_status":"closed","ping_status":"closed","sticky":false,"template":"","format":"standard","meta":{"_coblocks_attr":"","_coblocks_dimensions":"","_coblocks_responsive_height":"","_coblocks_accordion_ie_support":"","jetpack_post_was_ever_published":false,"_jetpack_newsletter_access":"","_jetpack_dont_email_post_to_subs":false,"_jetpack_newsletter_tier_id":0,"_jetpack_memberships_contains_paywalled_content":false,"_jetpack_memberships_contains_paid_content":false,"footnotes":"","jetpack_publicize_message":"","jetpack_publicize_feature_enabled":true,"jetpack_social_post_already_shared":false,"jetpack_social_options":{"image_generator_settings":{"template":"highway","default_image_id":0,"enabled":false},"version":2}},"categories":[1161,44,7671,6914,6937,15],"tags":[349,2629],"class_list":["post-42966","post","type-post","status-publish","format-standard","has-post-thumbnail","hentry","category-ciudadania","category-noticias-de-hoy","category-politica","category-opinion-de-reme-sanchez","category-sociedad","category-ultimas-noticias","tag-pp","tag-sebastian-perez"],"jetpack_publicize_connections":[],"jetpack_featured_media_url":"https:\/\/i0.wp.com\/miradordeatarfe.es\/wp-content\/uploads\/2020\/11\/Sebastian-Perez-PP-Pablo-Iglesias_1426367732_114897841_667x375.jpg?fit=667%2C375&ssl=1","jetpack_likes_enabled":true,"jetpack_sharing_enabled":true,"_links":{"self":[{"href":"https:\/\/miradordeatarfe.es\/index.php?rest_route=\/wp\/v2\/posts\/42966","targetHints":{"allow":["GET"]}}],"collection":[{"href":"https:\/\/miradordeatarfe.es\/index.php?rest_route=\/wp\/v2\/posts"}],"about":[{"href":"https:\/\/miradordeatarfe.es\/index.php?rest_route=\/wp\/v2\/types\/post"}],"author":[{"embeddable":true,"href":"https:\/\/miradordeatarfe.es\/index.php?rest_route=\/wp\/v2\/users\/1"}],"replies":[{"embeddable":true,"href":"https:\/\/miradordeatarfe.es\/index.php?rest_route=%2Fwp%2Fv2%2Fcomments&post=42966"}],"version-history":[{"count":1,"href":"https:\/\/miradordeatarfe.es\/index.php?rest_route=\/wp\/v2\/posts\/42966\/revisions"}],"predecessor-version":[{"id":42968,"href":"https:\/\/miradordeatarfe.es\/index.php?rest_route=\/wp\/v2\/posts\/42966\/revisions\/42968"}],"wp:featuredmedia":[{"embeddable":true,"href":"https:\/\/miradordeatarfe.es\/index.php?rest_route=\/wp\/v2\/media\/42967"}],"wp:attachment":[{"href":"https:\/\/miradordeatarfe.es\/index.php?rest_route=%2Fwp%2Fv2%2Fmedia&parent=42966"}],"wp:term":[{"taxonomy":"category","embeddable":true,"href":"https:\/\/miradordeatarfe.es\/index.php?rest_route=%2Fwp%2Fv2%2Fcategories&post=42966"},{"taxonomy":"post_tag","embeddable":true,"href":"https:\/\/miradordeatarfe.es\/index.php?rest_route=%2Fwp%2Fv2%2Ftags&post=42966"}],"curies":[{"name":"wp","href":"https:\/\/api.w.org\/{rel}","templated":true}]}}