{"id":42969,"date":"2020-11-07T11:26:59","date_gmt":"2020-11-07T10:26:59","guid":{"rendered":"http:\/\/miradordeatarfe.es\/?p=42969"},"modified":"2020-11-07T18:31:33","modified_gmt":"2020-11-07T17:31:33","slug":"atarfe-en-la-ampliacion-del-metro","status":"publish","type":"post","link":"https:\/\/miradordeatarfe.es\/?p=42969","title":{"rendered":"ATARFE EN LA AMPLIACI\u00d3N DEL METRO"},"content":{"rendered":"<h3 class=\"pg-bkn-headline\">La Junta apuesta por la ampliaci\u00f3n del Metro por el Norte y el Sur del \u00c1rea Metropolitana y financiar\u00e1 las obras con fondos Covid de Europa.<\/h3>\n<p>ART\u00cdCULO DE GRANADA HOY:<\/p>\n<p><em>\u00abAparca por el momento la ampliaci\u00f3n por el Centro de la capital.<\/em><\/p>\n<div class=\"mce-body \">\n<p class=\"mce\"><em>La Junta de Andaluc\u00eda pretende financiar la ampliaci\u00f3n del Metro de Granada con los fondos Covid de la Uni\u00f3n Europea porque \u00abencajan en los criterios medioambientales de <strong class=\"mce\">reducir los desplazamientos en los coches<\/strong> y las emisiones de CO2&#8243;, seg\u00fan ha anunciado esta ma\u00f1ana la consejera de Fomento, <strong class=\"mce\">Marifr\u00e1n Carazo<\/strong>. Adem\u00e1s, la consejera ha adelantado que el Gobierno andaluz <strong class=\"mce\">licitar\u00e1 <\/strong>los <strong class=\"mce\">proyectos de construcci\u00f3n de la ampliaci\u00f3n del Metro por el Norte y el Sur del \u00c1rea Metropolitana<\/strong>, que tendr\u00e1n un presupuesto de 3,5 millones, que est\u00e1n recogidos en el presupuesto de la Junta para 2021, con la intenci\u00f3n de poder optar a esta financiaci\u00f3n europea de cara a la ampliaci\u00f3n del metropolitano. Eso s\u00ed, por el momento se <a class=\"mce\" title=\"Metro\" href=\"https:\/\/www.granadahoy.com\/granada\/Metro-Granada-ampliacion-proyecto_0_1503449891.html\">aparca la ampliaci\u00f3n del Metro<\/a> por el Centro de Granada por las dificultades t\u00e9cnicas que tendr\u00eda un proyecto de esta envergadura.<\/em><\/p>\n<div id=\"sm-it-main-container-1604770005144\" class=\"sm-it-main-container\" data-it=\"ab31bd4b-8504-478f-9cb5-f24e2f71b994\" data-device=\"desktop\">\n<div id=\"sm-reference-1604770005144\" class=\"sm-reference\">\u00a0<\/div>\n<\/div>\n<h3 class=\"mce\"><em>La l\u00ednea Norte abarcar\u00e1, como m\u00ednimo, hasta\u00a0<strong class=\"mce\">Atarfe,<\/strong>\u00a0mientras que el proyecto de ampliaci\u00f3n por el Sur del \u00c1rea Metropolitana llegar\u00e1 a\u00a0<strong class=\"mce\">Las Gabias, Churriana y Alhend\u00edn.<\/strong><\/em><\/h3>\n<p class=\"mce\"><em>Fue el 11 de marzo cuando la consejera anunci\u00f3 la partida de 823.529 euros para la<strong class=\"mce\">\u00a0licitaci\u00f3n\u00a0\u00a0del estudio informativo<\/strong> de las futuras\u00a0ampliaciones\u00a0\u00a0del trazado del\u00a0Metro\u00a0\u00a0de\u00a0Granada\u00a0, para se dio un plazo a las empresas de hasta el 2 de abril para presentar sus ofertas, con la condici\u00f3n de tener un plazo de ejecuci\u00f3n de diez meses una vez se produjese la adjudicaci\u00f3n. Sin embargo, la declaraci\u00f3n del estado de alarma dej\u00f3 en suspenso todos los plazos de tramitaci\u00f3n de los contratos de las entidades del sector p\u00fablico que, una vez con el inicio de la desescalada se reactivaron el pasado mes de mayo y est\u00e1 previsto que se adjudiquen en febrero.<\/em><\/p>\n<p class=\"mce\"><em>Pero el anuncio realizado hoy por la consejera supone un trabajo en paralelo a este estudio con el fin de poder optar a los fondos New Generation de la Uni\u00f3n Europea.<\/em><\/p>\n<\/div>\n<h3><strong><small><small class=\"author\">M. Zugasti<\/small><\/small><\/strong><\/h3>\n<p>FOTO: La Junta apuesta por la ampliaci\u00f3n del Metro por el Norte y el Sur del \u00c1rea Metropolitana y financiar\u00e1 las obras con fondos Covid de Europa <wbr \/><\/p>\n","protected":false},"excerpt":{"rendered":"<p>La Junta apuesta por la ampliaci\u00f3n del Metro por el Norte y el Sur del&#8230;<\/p>\n","protected":false},"author":1,"featured_media":42970,"comment_status":"closed","ping_status":"closed","sticky":false,"template":"","format":"standard","meta":{"_coblocks_attr":"","_coblocks_dimensions":"","_coblocks_responsive_height":"","_coblocks_accordion_ie_support":"","jetpack_post_was_ever_published":false,"_jetpack_newsletter_access":"","_jetpack_dont_email_post_to_subs":false,"_jetpack_newsletter_tier_id":0,"_jetpack_memberships_contains_paywalled_content":false,"_jetpack_memberships_contains_paid_content":false,"footnotes":"","jetpack_publicize_message":"","jetpack_publicize_feature_enabled":true,"jetpack_social_post_already_shared":false,"jetpack_social_options":{"image_generator_settings":{"template":"highway","default_image_id":0,"enabled":false},"version":2}},"categories":[2,1161,44,15],"tags":[7780,2136,7781],"class_list":["post-42969","post","type-post","status-publish","format-standard","has-post-thumbnail","hentry","category-atarfe","category-ciudadania","category-noticias-de-hoy","category-ultimas-noticias","tag-asmpliacion","tag-metro","tag-zona-norte"],"jetpack_publicize_connections":[],"jetpack_featured_media_url":"https:\/\/i0.wp.com\/miradordeatarfe.es\/wp-content\/uploads\/2020\/11\/Junta-Metro-Norte-Metropolitana-Europa_1517258429_127764736_667x375.jpg?fit=667%2C375&ssl=1","jetpack_likes_enabled":true,"jetpack_sharing_enabled":true,"_links":{"self":[{"href":"https:\/\/miradordeatarfe.es\/index.php?rest_route=\/wp\/v2\/posts\/42969","targetHints":{"allow":["GET"]}}],"collection":[{"href":"https:\/\/miradordeatarfe.es\/index.php?rest_route=\/wp\/v2\/posts"}],"about":[{"href":"https:\/\/miradordeatarfe.es\/index.php?rest_route=\/wp\/v2\/types\/post"}],"author":[{"embeddable":true,"href":"https:\/\/miradordeatarfe.es\/index.php?rest_route=\/wp\/v2\/users\/1"}],"replies":[{"embeddable":true,"href":"https:\/\/miradordeatarfe.es\/index.php?rest_route=%2Fwp%2Fv2%2Fcomments&post=42969"}],"version-history":[{"count":1,"href":"https:\/\/miradordeatarfe.es\/index.php?rest_route=\/wp\/v2\/posts\/42969\/revisions"}],"predecessor-version":[{"id":42971,"href":"https:\/\/miradordeatarfe.es\/index.php?rest_route=\/wp\/v2\/posts\/42969\/revisions\/42971"}],"wp:featuredmedia":[{"embeddable":true,"href":"https:\/\/miradordeatarfe.es\/index.php?rest_route=\/wp\/v2\/media\/42970"}],"wp:attachment":[{"href":"https:\/\/miradordeatarfe.es\/index.php?rest_route=%2Fwp%2Fv2%2Fmedia&parent=42969"}],"wp:term":[{"taxonomy":"category","embeddable":true,"href":"https:\/\/miradordeatarfe.es\/index.php?rest_route=%2Fwp%2Fv2%2Fcategories&post=42969"},{"taxonomy":"post_tag","embeddable":true,"href":"https:\/\/miradordeatarfe.es\/index.php?rest_route=%2Fwp%2Fv2%2Ftags&post=42969"}],"curies":[{"name":"wp","href":"https:\/\/api.w.org\/{rel}","templated":true}]}}