{"id":42973,"date":"2020-11-08T10:33:19","date_gmt":"2020-11-08T09:33:19","guid":{"rendered":"http:\/\/miradordeatarfe.es\/?p=42973"},"modified":"2020-11-07T18:44:14","modified_gmt":"2020-11-07T17:44:14","slug":"atarfe-apuesta-por-el-comercio-local-por-las-compras-de-navidad","status":"publish","type":"post","link":"https:\/\/miradordeatarfe.es\/?p=42973","title":{"rendered":"ATARFE: APUESTA POR EL COMERCIO LOCAL POR LAS COMPRAS DE NAVIDAD"},"content":{"rendered":"<h3 dir=\"auto\" style=\"text-align: justify;\">Las compras navide\u00f1as ser\u00e1n extra\u00f1as este a\u00f1o&#8230; \u2018Tus compras de Navidad \u2019, destinada a fomentar la actividad de tejido empresarial del municipio con motivo de la llegada de las fiestas navide\u00f1as.<\/h3>\n<div dir=\"auto\" style=\"text-align: justify;\">Se ha puesto en marcha una ambiciosa campa\u00f1a especial en las redes sociales para fomentar las compras navide\u00f1as en la localidad, y evitar que los vecinos\u00a0 tengan que comprar en las grandes y multimillonarias empresas internacionales de compra online.<\/div>\n<div dir=\"auto\" style=\"text-align: justify;\">\u00a0<\/div>\n<div dir=\"auto\" style=\"text-align: justify;\"><a href=\"https:\/\/i0.wp.com\/miradordeatarfe.es\/wp-content\/uploads\/2020\/11\/Almacenes-de-Amazon-en-Espana.jpg?ssl=1\"><img data-recalc-dims=\"1\" loading=\"lazy\" decoding=\"async\" class=\"alignleft wp-image-42975 size-medium\" src=\"https:\/\/i0.wp.com\/miradordeatarfe.es\/wp-content\/uploads\/2020\/11\/Almacenes-de-Amazon-en-Espana-300x175.jpg?resize=300%2C175&#038;ssl=1\" alt=\"\" width=\"300\" height=\"175\" srcset=\"https:\/\/i0.wp.com\/miradordeatarfe.es\/wp-content\/uploads\/2020\/11\/Almacenes-de-Amazon-en-Espana.jpg?resize=300%2C175&amp;ssl=1 300w, https:\/\/i0.wp.com\/miradordeatarfe.es\/wp-content\/uploads\/2020\/11\/Almacenes-de-Amazon-en-Espana.jpg?resize=768%2C447&amp;ssl=1 768w, https:\/\/i0.wp.com\/miradordeatarfe.es\/wp-content\/uploads\/2020\/11\/Almacenes-de-Amazon-en-Espana.jpg?w=944&amp;ssl=1 944w\" sizes=\"auto, (max-width: 300px) 100vw, 300px\" \/><\/a>En lugar de aumentar los beneficios de plataformas online podr\u00edamos pedir a los reyes magos que nos trajesen los regalos de los comercios locales que puede que est\u00e9n en riesgo de desaparecer. Librer\u00edas, restaurantes, peluquer\u00eda, artesanos, peque\u00f1os comercios de ropa, cualquier cosa que interese, una cena en el restaurante de tu calle, un corte de pelo\u00a0 en la peluquer\u00eda del barrio, ese detalle \u00fanico de un artesano local&#8230; Ser\u00eda un doble regalo pues a ellos les dar\u00edamos la posibilidad de seguir abiertos el a\u00f1o que viene.\u00a0<\/div>\n<div dir=\"auto\" style=\"text-align: justify;\">\u00a0<\/div>\n<div dir=\"auto\" style=\"text-align: justify;\">Bonos de fisioterapia, belleza, matr\u00edcula de gimnasios, Esas gafas que tanto necesita, esa reparaci\u00f3n de electrodom\u00e9sticos, cualquier aportaci\u00f3n en el pueblo o en tu barrio ser\u00e1 una forma de mantener nuestro comercio vivo. <strong>*Ayudemos a la econom\u00eda local*<\/strong><\/div>\n<div dir=\"auto\" style=\"text-align: justify;\">\u00a0<\/div>\n<div dir=\"auto\" style=\"text-align: justify;\">Es un momento hist\u00f3rico tanto econ\u00f3mico como social. Imaginemos nuestras calles con los\u00a0 escaparates vac\u00edos y las luces apagadas&#8230;\u00a0<\/div>\n<div dir=\"auto\" style=\"text-align: justify;\">\u00a0<\/div>\n<div dir=\"auto\" style=\"text-align: justify;\">Pasar un poquito de Amazon_ y *ayudar al peque\u00f1o comercio*.<\/div>\n<div dir=\"auto\" style=\"text-align: justify;\">\u00a0<\/div>\n<div dir=\"auto\">foto: clases de periodismo.com<\/div>\n","protected":false},"excerpt":{"rendered":"<p>Las compras navide\u00f1as ser\u00e1n extra\u00f1as este a\u00f1o&#8230; \u2018Tus compras de Navidad \u2019, destinada a fomentar&#8230;<\/p>\n","protected":false},"author":1,"featured_media":42974,"comment_status":"closed","ping_status":"closed","sticky":false,"template":"","format":"standard","meta":{"_coblocks_attr":"","_coblocks_dimensions":"","_coblocks_responsive_height":"","_coblocks_accordion_ie_support":"","jetpack_post_was_ever_published":false,"_jetpack_newsletter_access":"","_jetpack_dont_email_post_to_subs":false,"_jetpack_newsletter_tier_id":0,"_jetpack_memberships_contains_paywalled_content":false,"_jetpack_memberships_contains_paid_content":false,"footnotes":"","jetpack_publicize_message":"","jetpack_publicize_feature_enabled":true,"jetpack_social_post_already_shared":false,"jetpack_social_options":{"image_generator_settings":{"template":"highway","default_image_id":0,"enabled":false},"version":2}},"categories":[2,7725,1161,186,44,15],"tags":[7782,2847,1826],"class_list":["post-42973","post","type-post","status-publish","format-standard","has-post-thumbnail","hentry","category-atarfe","category-atarfe-sostenible","category-ciudadania","category-instituciones","category-noticias-de-hoy","category-ultimas-noticias","tag-comercio-local","tag-compras","tag-navidad"],"jetpack_publicize_connections":[],"jetpack_featured_media_url":"https:\/\/i0.wp.com\/miradordeatarfe.es\/wp-content\/uploads\/2020\/11\/Amazon.jpg?fit=960%2C480&ssl=1","jetpack_likes_enabled":true,"jetpack_sharing_enabled":true,"_links":{"self":[{"href":"https:\/\/miradordeatarfe.es\/index.php?rest_route=\/wp\/v2\/posts\/42973","targetHints":{"allow":["GET"]}}],"collection":[{"href":"https:\/\/miradordeatarfe.es\/index.php?rest_route=\/wp\/v2\/posts"}],"about":[{"href":"https:\/\/miradordeatarfe.es\/index.php?rest_route=\/wp\/v2\/types\/post"}],"author":[{"embeddable":true,"href":"https:\/\/miradordeatarfe.es\/index.php?rest_route=\/wp\/v2\/users\/1"}],"replies":[{"embeddable":true,"href":"https:\/\/miradordeatarfe.es\/index.php?rest_route=%2Fwp%2Fv2%2Fcomments&post=42973"}],"version-history":[{"count":2,"href":"https:\/\/miradordeatarfe.es\/index.php?rest_route=\/wp\/v2\/posts\/42973\/revisions"}],"predecessor-version":[{"id":42977,"href":"https:\/\/miradordeatarfe.es\/index.php?rest_route=\/wp\/v2\/posts\/42973\/revisions\/42977"}],"wp:featuredmedia":[{"embeddable":true,"href":"https:\/\/miradordeatarfe.es\/index.php?rest_route=\/wp\/v2\/media\/42974"}],"wp:attachment":[{"href":"https:\/\/miradordeatarfe.es\/index.php?rest_route=%2Fwp%2Fv2%2Fmedia&parent=42973"}],"wp:term":[{"taxonomy":"category","embeddable":true,"href":"https:\/\/miradordeatarfe.es\/index.php?rest_route=%2Fwp%2Fv2%2Fcategories&post=42973"},{"taxonomy":"post_tag","embeddable":true,"href":"https:\/\/miradordeatarfe.es\/index.php?rest_route=%2Fwp%2Fv2%2Ftags&post=42973"}],"curies":[{"name":"wp","href":"https:\/\/api.w.org\/{rel}","templated":true}]}}