{"id":43148,"date":"2020-11-14T11:11:48","date_gmt":"2020-11-14T10:11:48","guid":{"rendered":"http:\/\/miradordeatarfe.es\/?p=43148"},"modified":"2020-12-29T21:41:19","modified_gmt":"2020-12-29T20:41:19","slug":"gumersindo-fernandez-povedano-por-jose-enrique-granados","status":"publish","type":"post","link":"https:\/\/miradordeatarfe.es\/?p=43148","title":{"rendered":"\u00abGUMERSINDO FERN\u00c1NDEZ POVEDANO\u00bb por Jos\u00e9 Enrique Granados"},"content":{"rendered":"<div class=\"kvgmc6g5 cxmmr5t8 oygrvhab hcukyx3x c1et5uql ii04i59q\">\n<h3 dir=\"auto\">\u201cHay hombres que luchan un d\u00eda y son buenos. Hay otros que luchan un a\u00f1o y son mejores. Hay quienes luchan muchos a\u00f1os, y son muy buenos. Pero los hay que luchan toda la vida: esos son los imprescindibles.\u201d (Bertolt Brecht)<\/h3>\n<div dir=\"auto\"><a href=\"https:\/\/i0.wp.com\/miradordeatarfe.es\/wp-content\/uploads\/2020\/11\/123453697_3536960699723253_5487919745982602217_o.jpg?ssl=1\"><img data-recalc-dims=\"1\" loading=\"lazy\" decoding=\"async\" class=\"wp-image-43149 size-full aligncenter\" src=\"https:\/\/i0.wp.com\/miradordeatarfe.es\/wp-content\/uploads\/2020\/11\/123453697_3536960699723253_5487919745982602217_o.jpg?resize=526%2C901&#038;ssl=1\" alt=\"\" width=\"526\" height=\"901\" srcset=\"https:\/\/i0.wp.com\/miradordeatarfe.es\/wp-content\/uploads\/2020\/11\/123453697_3536960699723253_5487919745982602217_o.jpg?w=526&amp;ssl=1 526w, https:\/\/i0.wp.com\/miradordeatarfe.es\/wp-content\/uploads\/2020\/11\/123453697_3536960699723253_5487919745982602217_o.jpg?resize=175%2C300&amp;ssl=1 175w\" sizes=\"auto, (max-width: 526px) 100vw, 526px\" \/><\/a><\/div>\n<\/div>\n<div class=\"o9v6fnle cxmmr5t8 oygrvhab hcukyx3x c1et5uql ii04i59q\">\n<div dir=\"auto\">Durante la historia ha habido personalidades que han realizado cambios, dedicando esfuerzos e incluso su vida en mejorar las condiciones sociales, laborales y econ\u00f3micas de sus semejantes. Algunos de estos personajes tuvieron que dejar atr\u00e1s sus vidas para ayudar a los m\u00e1s necesitados y reclamar los derechos de estos. Muchos de ellos son conocidos y gozan de reconocimiento; pero la gran mayor\u00eda de los cambios conseguidos lo han realizado gentes an\u00f3nimas que han luchado para mejorar este mundo.<\/div>\n<div dir=\"auto\">\u00a0<\/div>\n<\/div>\n<div class=\"o9v6fnle cxmmr5t8 oygrvhab hcukyx3x c1et5uql ii04i59q\">\n<div dir=\"auto\">Uno de ellos fue Gumersindo Fern\u00e1ndez Povedano, destacado miembro del partido socialista y concejal de mayor edad en el primer ayuntamiento democr\u00e1tico, tras las elecciones de 1979. Su labor fue reconocida por el presidente andaluz por su entrega a la causa de la libertad y la democracia.<\/div>\n<div dir=\"auto\">\u00a0<\/div>\n<div dir=\"auto\">Vaya en \u00e9l, un reconocimiento a todos los atarfe\u00f1os que a lo largo de la historia han puesto su granito de arena por construir un mundo mejor.<\/div>\n<div dir=\"auto\">\u00a0<\/div>\n<\/div>\n<div class=\"o9v6fnle cxmmr5t8 oygrvhab hcukyx3x c1et5uql ii04i59q\">\n<div dir=\"auto\">\u00a0<\/div>\n<div dir=\"auto\">Curiosidades elvirenses<\/div>\n<\/div>\n<div dir=\"auto\">\u00a0<\/div>\n<div dir=\"auto\">FOTO: PRIMER AYUNTAMIENTO DEMOCRATICO\u00a0 TRAS EL FRANQUISMO ( EN ROJO SE\u00d1ALADO D. GUMERSINDO)<\/div>\n","protected":false},"excerpt":{"rendered":"<p>\u201cHay hombres que luchan un d\u00eda y son buenos. Hay otros que luchan un a\u00f1o&#8230;<\/p>\n","protected":false},"author":1,"featured_media":43150,"comment_status":"closed","ping_status":"closed","sticky":false,"template":"","format":"standard","meta":{"_coblocks_attr":"","_coblocks_dimensions":"","_coblocks_responsive_height":"","_coblocks_accordion_ie_support":"","jetpack_post_was_ever_published":false,"_jetpack_newsletter_access":"","_jetpack_dont_email_post_to_subs":false,"_jetpack_newsletter_tier_id":0,"_jetpack_memberships_contains_paywalled_content":false,"_jetpack_memberships_contains_paid_content":false,"footnotes":"","jetpack_publicize_message":"","jetpack_publicize_feature_enabled":true,"jetpack_social_post_already_shared":false,"jetpack_social_options":{"image_generator_settings":{"template":"highway","default_image_id":0,"enabled":false},"version":2}},"categories":[2,6916,1161,38,44,6539,7671,15],"tags":[81,7807,42],"class_list":["post-43148","post","type-post","status-publish","format-standard","has-post-thumbnail","hentry","category-atarfe","category-ayuntamiento-de-atarfe","category-ciudadania","category-opinion-de-jose-enrique-granados","category-noticias-de-hoy","category-personajes-de-ataref","category-politica","category-ultimas-noticias","tag-atarfe","tag-gumersindo-fernandez","tag-politica"],"jetpack_publicize_connections":[],"jetpack_featured_media_url":"https:\/\/i0.wp.com\/miradordeatarfe.es\/wp-content\/uploads\/2020\/11\/timthumb.php_-1.jpg?fit=660%2C519&ssl=1","jetpack_likes_enabled":true,"jetpack_sharing_enabled":true,"_links":{"self":[{"href":"https:\/\/miradordeatarfe.es\/index.php?rest_route=\/wp\/v2\/posts\/43148","targetHints":{"allow":["GET"]}}],"collection":[{"href":"https:\/\/miradordeatarfe.es\/index.php?rest_route=\/wp\/v2\/posts"}],"about":[{"href":"https:\/\/miradordeatarfe.es\/index.php?rest_route=\/wp\/v2\/types\/post"}],"author":[{"embeddable":true,"href":"https:\/\/miradordeatarfe.es\/index.php?rest_route=\/wp\/v2\/users\/1"}],"replies":[{"embeddable":true,"href":"https:\/\/miradordeatarfe.es\/index.php?rest_route=%2Fwp%2Fv2%2Fcomments&post=43148"}],"version-history":[{"count":1,"href":"https:\/\/miradordeatarfe.es\/index.php?rest_route=\/wp\/v2\/posts\/43148\/revisions"}],"predecessor-version":[{"id":43151,"href":"https:\/\/miradordeatarfe.es\/index.php?rest_route=\/wp\/v2\/posts\/43148\/revisions\/43151"}],"wp:featuredmedia":[{"embeddable":true,"href":"https:\/\/miradordeatarfe.es\/index.php?rest_route=\/wp\/v2\/media\/43150"}],"wp:attachment":[{"href":"https:\/\/miradordeatarfe.es\/index.php?rest_route=%2Fwp%2Fv2%2Fmedia&parent=43148"}],"wp:term":[{"taxonomy":"category","embeddable":true,"href":"https:\/\/miradordeatarfe.es\/index.php?rest_route=%2Fwp%2Fv2%2Fcategories&post=43148"},{"taxonomy":"post_tag","embeddable":true,"href":"https:\/\/miradordeatarfe.es\/index.php?rest_route=%2Fwp%2Fv2%2Ftags&post=43148"}],"curies":[{"name":"wp","href":"https:\/\/api.w.org\/{rel}","templated":true}]}}