{"id":43372,"date":"2020-12-03T11:36:49","date_gmt":"2020-12-03T10:36:49","guid":{"rendered":"http:\/\/miradordeatarfe.es\/?p=43372"},"modified":"2021-02-23T18:15:23","modified_gmt":"2021-02-23T17:15:23","slug":"el-solitario-de-la-sierra-de-elvira-por-jose-enrique-granados","status":"publish","type":"post","link":"https:\/\/miradordeatarfe.es\/?p=43372","title":{"rendered":"\u00abEL SOLITARIO DE LA SIERRA DE ELVIRA\u00bb por Jos\u00e9 Enrique Granados"},"content":{"rendered":"<div class=\"\" dir=\"auto\">\n<div id=\"jsc_c_ej\" class=\"ecm0bbzt hv4rvrfc ihqw7lf3 dati1w0a\" data-ad-comet-preview=\"message\" data-ad-preview=\"message\">\n<div class=\"j83agx80 cbu4d94t ew0dbk1b irj2b8pg\">\n<div class=\"qzhwtbm6 knvmm38d\">\n<div class=\"o9v6fnle cxmmr5t8 oygrvhab hcukyx3x c1et5uql ii04i59q\">\n<h3 dir=\"auto\" style=\"text-align: justify;\">El 20 de enero de 1654 se bautizaba en la iglesia de San Ildefonso de Granada una ni\u00f1a que, seg\u00fan consta en el archivo parroquial, era hija de los honrados tejedores, habitantes en aquel barrio, Juan de la Rosa y Mar\u00eda Li\u00f1\u00e1n, y a la que, por indicaci\u00f3n de los padrinos, se le puso por nombre Mar\u00eda Catalina.<\/h3>\n<\/div>\n<div class=\"o9v6fnle cxmmr5t8 oygrvhab hcukyx3x c1et5uql ii04i59q\" style=\"text-align: justify;\">\n<div dir=\"auto\">Yendo mal sus padres en el oficio, tuvieron que <strong>trasladarse al inmediato pueblo de Atarfe<\/strong>, dedic\u00e1ndose a la labranza de unas tierras que les dieron en arrendamiento. All\u00ed fue creciendo en a\u00f1os su hija, cuya belleza era tambi\u00e9n cada vez m\u00e1s deslumbradora.<\/div>\n<div dir=\"auto\">\u00a0<\/div>\n<\/div>\n<div class=\"o9v6fnle cxmmr5t8 oygrvhab hcukyx3x c1et5uql ii04i59q\" style=\"text-align: justify;\">\n<div dir=\"auto\">Si\u00e9ndole imposible subsistir en aquel peque\u00f1o lugar por la escasez de recursos de sus padres, vino a Granada para procurarse con su trabajo lo que estos no pod\u00edan proporcionarle. Entr\u00f3 a servir en casa de unos honrados comerciantes, y all\u00ed hubiera continuado largo tiempo si la desgracia no la hubiera perseguido desde la llegada a la ciudad.Por el pueblo no volvi\u00f3 m\u00e1s la joven Mar\u00eda Catalina. En cambio, sus paisanos la vieron a los dos a\u00f1os luciendo por las calles de Granada trajes y adornos de un deslumbrador, conquistados solo a costa de la honra.<\/div>\n<\/div>\n<div class=\"o9v6fnle cxmmr5t8 oygrvhab hcukyx3x c1et5uql ii04i59q\" style=\"text-align: justify;\">\n<div dir=\"auto\">\u00a0<\/div>\n<\/div>\n<div class=\"o9v6fnle cxmmr5t8 oygrvhab hcukyx3x c1et5uql ii04i59q\" style=\"text-align: justify;\">\n<div dir=\"auto\">Las murmuraciones comenzaron en Atarfe. El buen p\u00e1rroco Mateo Garc\u00eda Melgarejo tuvo que calmarlos m\u00e1s de una vez, y los pobres padres de la infeliz muchacha murieron bien pronto de pesar, no pudiendo resistir las continuas noticias que diariamente recib\u00edan de la conducta de su hija.<\/div>\n<div dir=\"auto\">\u00a0<\/div>\n<\/div>\n<div class=\"o9v6fnle cxmmr5t8 oygrvhab hcukyx3x c1et5uql ii04i59q\" style=\"text-align: justify;\">\n<div dir=\"auto\">Un honrado labrador, Pedro Jim\u00e9nez, prometido esposo de Mar\u00eda Catalina, desapareci\u00f3 tambi\u00e9n de su casa, avergonzado de la conducta de la que iba a ser su esposa.De vez en cuando se recib\u00edan en la parroquia an\u00f3nimos donativos con la sola recomendaci\u00f3n de pedir a Dios por un alma que estaba en pecado. Pasaron seis a\u00f1os de estos sucesos. De pronto los pastores de Sierra Elvira notaron que una cueva se hallaba habitada por un anacoreta con el rostro cubierto. Viv\u00eda en espantosa soledad, e infund\u00eda tal respeto a todos los del pueblo que de continuo iba a consultarle en todas sus aflicciones.A la puerta de la misma gruta hab\u00eda plantados unos sarmientos. Con sus l\u00e1grimas pretend\u00eda regarlos, diciendo que el d\u00eda que florecieran estar\u00eda salvada su alma, que hasta entonces permanec\u00eda en pecado.El p\u00e1rroco, don Mateo, conferenci\u00f3 con el anacoreta, y es lo cierto que conmovido por su confesi\u00f3n pon\u00eda siempre como ejemplo de arrepentimiento sincero el del solitario de la Sierra de Elvira.<\/div>\n<div dir=\"auto\">\u00a0<\/div>\n<\/div>\n<div class=\"o9v6fnle cxmmr5t8 oygrvhab hcukyx3x c1et5uql ii04i59q\" style=\"text-align: justify;\">\n<div dir=\"auto\">Pas\u00f3 alg\u00fan tiempo, y un cierto d\u00eda, avisado por un pastorcillo, lleg\u00f3 a la gruta nuestro p\u00e1rroco, y una vez que confes\u00f3 a la penitente, volvi\u00f3 al pueblo por el Vi\u00e1tico, y todo el vecindario lo acompa\u00f1\u00f3 a tan solemne acto. En el camino se les incorpor\u00f3 todos los que encontraron, entre ellos un pobre fraile mendicante, que acertaba a atravesar la sierra. Llegaron a la gruta, y observaron floridos y hermosos los sarmientos plantados en la puerta.<\/div>\n<div dir=\"auto\">\u00a0<\/div>\n<div dir=\"auto\">El solitario tuvo que descubrirse, y ante la expectaci\u00f3n de todo el pueblo y del fraile, que no era otro que el desaparecido hac\u00eda tiempo Pedro Jim\u00e9nez, se vio que el tosco sayal y el capuch\u00f3n ocultaban a la pobre Mar\u00eda Catalina, que durante siete a\u00f1os hab\u00eda expiado sus faltas en aquella cueva.<\/div>\n<div dir=\"auto\">\u00a0<\/div>\n<\/div>\n<div class=\"o9v6fnle cxmmr5t8 oygrvhab hcukyx3x c1et5uql ii04i59q\" style=\"text-align: justify;\">\n<div dir=\"auto\">Muri\u00f3 la penitente en loor de santidad, no sin antes haber obtenido por petici\u00f3n suya el perd\u00f3n de Pedro y de todo el pueblo. Desde entonces a quien acierte a atravesar la sierra, le ense\u00f1ar\u00e1n con gran respeto la que todav\u00eda llaman \u201cla cueva del solitario\u201d.<\/div>\n<\/div>\n<div class=\"o9v6fnle cxmmr5t8 oygrvhab hcukyx3x c1et5uql ii04i59q\" style=\"text-align: justify;\">\n<div dir=\"auto\">\u00a0<\/div>\n<div dir=\"auto\">(Del libro Tradiciones de Granada, de Francisco de Paula Valladar y Valdivia.)<\/div>\n<\/div>\n<div class=\"o9v6fnle cxmmr5t8 oygrvhab hcukyx3x c1et5uql ii04i59q\" style=\"text-align: justify;\">\n<div dir=\"auto\">Fotograf\u00eda de la plaza de San Miguel o del \u00c1lamo Gordo, cortes\u00eda de Antonio S\u00e1nchez.<\/div>\n<\/div>\n<div class=\"o9v6fnle cxmmr5t8 oygrvhab hcukyx3x c1et5uql ii04i59q\">\n<div dir=\"auto\" style=\"text-align: justify;\">\u00a0<\/div>\n<div dir=\"auto\" style=\"text-align: justify;\">Curiosidades elvirenses.<\/div>\n<\/div>\n<\/div>\n<\/div>\n<\/div>\n<\/div>\n","protected":false},"excerpt":{"rendered":"<p>El 20 de enero de 1654 se bautizaba en la iglesia de San Ildefonso de&#8230;<\/p>\n","protected":false},"author":1,"featured_media":43373,"comment_status":"closed","ping_status":"closed","sticky":false,"template":"","format":"standard","meta":{"_coblocks_attr":"","_coblocks_dimensions":"","_coblocks_responsive_height":"","_coblocks_accordion_ie_support":"","jetpack_post_was_ever_published":false,"_jetpack_newsletter_access":"","_jetpack_dont_email_post_to_subs":false,"_jetpack_newsletter_tier_id":0,"_jetpack_memberships_contains_paywalled_content":false,"_jetpack_memberships_contains_paid_content":false,"footnotes":"","jetpack_publicize_message":"","jetpack_publicize_feature_enabled":true,"jetpack_social_post_already_shared":false,"jetpack_social_options":{"image_generator_settings":{"template":"highway","default_image_id":0,"enabled":false},"version":2}},"categories":[2,38,44,6539,15],"tags":[81,7838,1125],"class_list":["post-43372","post","type-post","status-publish","format-standard","has-post-thumbnail","hentry","category-atarfe","category-opinion-de-jose-enrique-granados","category-noticias-de-hoy","category-personajes-de-ataref","category-ultimas-noticias","tag-atarfe","tag-fraile","tag-historia"],"jetpack_publicize_connections":[],"jetpack_featured_media_url":"https:\/\/i0.wp.com\/miradordeatarfe.es\/wp-content\/uploads\/2020\/11\/125213024_3573413132744676_995014599124251479_o.jpg?fit=1640%2C1092&ssl=1","jetpack_likes_enabled":true,"jetpack_sharing_enabled":true,"_links":{"self":[{"href":"https:\/\/miradordeatarfe.es\/index.php?rest_route=\/wp\/v2\/posts\/43372","targetHints":{"allow":["GET"]}}],"collection":[{"href":"https:\/\/miradordeatarfe.es\/index.php?rest_route=\/wp\/v2\/posts"}],"about":[{"href":"https:\/\/miradordeatarfe.es\/index.php?rest_route=\/wp\/v2\/types\/post"}],"author":[{"embeddable":true,"href":"https:\/\/miradordeatarfe.es\/index.php?rest_route=\/wp\/v2\/users\/1"}],"replies":[{"embeddable":true,"href":"https:\/\/miradordeatarfe.es\/index.php?rest_route=%2Fwp%2Fv2%2Fcomments&post=43372"}],"version-history":[{"count":1,"href":"https:\/\/miradordeatarfe.es\/index.php?rest_route=\/wp\/v2\/posts\/43372\/revisions"}],"predecessor-version":[{"id":43374,"href":"https:\/\/miradordeatarfe.es\/index.php?rest_route=\/wp\/v2\/posts\/43372\/revisions\/43374"}],"wp:featuredmedia":[{"embeddable":true,"href":"https:\/\/miradordeatarfe.es\/index.php?rest_route=\/wp\/v2\/media\/43373"}],"wp:attachment":[{"href":"https:\/\/miradordeatarfe.es\/index.php?rest_route=%2Fwp%2Fv2%2Fmedia&parent=43372"}],"wp:term":[{"taxonomy":"category","embeddable":true,"href":"https:\/\/miradordeatarfe.es\/index.php?rest_route=%2Fwp%2Fv2%2Fcategories&post=43372"},{"taxonomy":"post_tag","embeddable":true,"href":"https:\/\/miradordeatarfe.es\/index.php?rest_route=%2Fwp%2Fv2%2Ftags&post=43372"}],"curies":[{"name":"wp","href":"https:\/\/api.w.org\/{rel}","templated":true}]}}