{"id":43397,"date":"2020-11-23T11:30:52","date_gmt":"2020-11-23T10:30:52","guid":{"rendered":"http:\/\/miradordeatarfe.es\/?p=43397"},"modified":"2020-11-22T21:08:22","modified_gmt":"2020-11-22T20:08:22","slug":"celaa-y-los-intereses-creados-por-remedios-sanchez","status":"publish","type":"post","link":"https:\/\/miradordeatarfe.es\/?p=43397","title":{"rendered":"\u00abCELA\u00c1 Y LOS INTERESES CREADOS\u00bb por Remedios S\u00e1nchez"},"content":{"rendered":"<h3 align=\"JUSTIFY\"><span style=\"font-family: Times New Roman, serif;\"><span style=\"font-size: medium;\"><span lang=\"es-ES\">En este tiempo de Espa\u00f1a, los p\u00edcaros (literarios o no) son los que dicen las verdades de la conducta humana, los que dan la dimensi\u00f3n de la miseria moral y de los juegos sem\u00e1nticos que difuminan la falta de valor o el encubrimiento de la realidad, que al final vienen a ser la misma cosa.<\/span><\/span><\/span><\/h3>\n<p align=\"JUSTIFY\"><span style=\"font-family: Times New Roman, serif;\"><span style=\"font-size: medium;\"><span lang=\"es-ES\"> Estaba yo leyendo la Ley Cela\u00e1 cuando me ha venido a la cabeza aquello que dec\u00eda Crisp\u00edn, el personaje de don Jacinto Benavente -un premio Nobel olvidado- en \u2018Los intereses creados\u2019, de que, para salir adelante con todo, mejor que crear afectos es crear intereses. <\/span><\/span><\/span><\/p>\n<p align=\"JUSTIFY\"><span style=\"font-family: Times New Roman, serif;\"><span style=\"font-size: medium;\"><span lang=\"es-ES\">Exactamente eso es lo que viene pasando con los sucesivos ministros de Educaci\u00f3n de este pa\u00eds, que han preferido venderse a los intereses nacionalistas que los mantienen en el poder promoviendo leyes que vienen a empeorar, cada una, el vergonzante trabajo que se ha hecho con la anterior en vez de crear el afecto de la ciudadan\u00eda en plural y del sector educativo. Tengo escrito que un pa\u00eds con siete leyes educativas en cuarenta a\u00f1os es un pa\u00eds que no se toma en serio la educaci\u00f3n. Si a esas siete le sumamos la octava, que nos llega de la mano de Isabel Cela\u00e1 y nuevamente sin consenso, no podemos m\u00e1s que aventurar que en un par de a\u00f1os ser\u00e1 papel mojado y otro mal recuerdo de la incapacidad de los pol\u00edticos para llegar a acuerdos en cuestiones de alt\u00edsima sensibilidad ciudadana escud\u00e1ndose en ideolog\u00edas. De la manipulaci\u00f3n de los \u201chunos y los hotros\u201d, que dir\u00eda Miguel de Unamuno, en \u00e1mbitos esenciales que debieran trascender a intereses partidistas deviene todo. <\/span><\/span><\/span><\/p>\n<p align=\"JUSTIFY\"><span style=\"font-family: Times New Roman, serif;\"><span style=\"font-size: medium;\"><span lang=\"es-ES\">Porque, en lo que toca a educaci\u00f3n, es irracional que se pongan a experimentar con algo tan trascendental como es la formaci\u00f3n de un alumnado que cada d\u00eda se constata que est\u00e1 m\u00e1s incapacitado para enfrentarse al mundo, a esa realidad santa que es la vida, despu\u00e9s de haber pasado por diferentes etapas formativas en las que el profesorado est\u00e1 atado de pies y manos para ejercer su imprescindible labor de abrirles los ojos al conocimiento. Esto no es opini\u00f3n, basta ir al dato: seg\u00fan el \u00faltimo Informe PISA, nuestros estudiantes han ca\u00eddo catorce a\u00f1os en competencia lectora. Es decir, catorce a\u00f1os desperdiciados (o lo que es lo mismo, una generaci\u00f3n perdida) de personas incapaces de comprender un texto en espa\u00f1ol, de j\u00f3venes que no conocen que la lengua es una patria, un refugio del alma que no se puede manosear a pesar de que lo hagan los pol\u00edticos. Tampoco existe justificaci\u00f3n a sostener este arrinconamiento de las Humanidades (filosof\u00eda, lat\u00edn y griego, etc.), tan denostadas en un mundo que muchos tratan torpemente de interpretar s\u00f3lo con cifras. O esa barbaridad que supone pasar de curso a alumnos con asignaturas suspensas. As\u00ed las nuevas generaciones llegan a sentarse en aulas universitarias escribiendo burro con \u2018uve\u2019, creyendo que el Ebro es una marca de leche o que Murillo es una pared peque\u00f1a. Este nivel de gravedad hemos alcanzado por la ausencia de gestores p\u00fablicos comprometidos, por la incapacidad manifiesta para escuchar la verdad cotidiana de los docentes, por jugar con las prioridades del Estado. Isabel Cela\u00e1 ha fracaso estrepitosamente por eso: porque perpet\u00faa esa actitud de malbaratar el porvenir de nuestros ni\u00f1os pudiendo salvarlos de la ignorancia con medidas eficaces. Y eso es imperdonable. <\/span><\/span><\/span><\/p>\n<p align=\"JUSTIFY\">\u00a0<\/p>\n","protected":false},"excerpt":{"rendered":"<p>En este tiempo de Espa\u00f1a, los p\u00edcaros (literarios o no) son los que dicen las&#8230;<\/p>\n","protected":false},"author":1,"featured_media":43398,"comment_status":"closed","ping_status":"closed","sticky":false,"template":"","format":"standard","meta":{"_coblocks_attr":"","_coblocks_dimensions":"","_coblocks_responsive_height":"","_coblocks_accordion_ie_support":"","jetpack_post_was_ever_published":false,"_jetpack_newsletter_access":"","_jetpack_dont_email_post_to_subs":false,"_jetpack_newsletter_tier_id":0,"_jetpack_memberships_contains_paywalled_content":false,"_jetpack_memberships_contains_paid_content":false,"footnotes":"","jetpack_publicize_message":"","jetpack_publicize_feature_enabled":true,"jetpack_social_post_already_shared":false,"jetpack_social_options":{"image_generator_settings":{"template":"highway","default_image_id":0,"enabled":false},"version":2}},"categories":[187,44,6914,15],"tags":[27,725,1550],"class_list":["post-43397","post","type-post","status-publish","format-standard","has-post-thumbnail","hentry","category-centros-educativos","category-noticias-de-hoy","category-opinion-de-reme-sanchez","category-ultimas-noticias","tag-educacion","tag-espana","tag-leyes"],"jetpack_publicize_connections":[],"jetpack_featured_media_url":"https:\/\/i0.wp.com\/miradordeatarfe.es\/wp-content\/uploads\/2020\/11\/191f06b295ae78230ab7f950c98b7306.jpg?fit=750%2C420&ssl=1","jetpack_likes_enabled":true,"jetpack_sharing_enabled":true,"_links":{"self":[{"href":"https:\/\/miradordeatarfe.es\/index.php?rest_route=\/wp\/v2\/posts\/43397","targetHints":{"allow":["GET"]}}],"collection":[{"href":"https:\/\/miradordeatarfe.es\/index.php?rest_route=\/wp\/v2\/posts"}],"about":[{"href":"https:\/\/miradordeatarfe.es\/index.php?rest_route=\/wp\/v2\/types\/post"}],"author":[{"embeddable":true,"href":"https:\/\/miradordeatarfe.es\/index.php?rest_route=\/wp\/v2\/users\/1"}],"replies":[{"embeddable":true,"href":"https:\/\/miradordeatarfe.es\/index.php?rest_route=%2Fwp%2Fv2%2Fcomments&post=43397"}],"version-history":[{"count":1,"href":"https:\/\/miradordeatarfe.es\/index.php?rest_route=\/wp\/v2\/posts\/43397\/revisions"}],"predecessor-version":[{"id":43399,"href":"https:\/\/miradordeatarfe.es\/index.php?rest_route=\/wp\/v2\/posts\/43397\/revisions\/43399"}],"wp:featuredmedia":[{"embeddable":true,"href":"https:\/\/miradordeatarfe.es\/index.php?rest_route=\/wp\/v2\/media\/43398"}],"wp:attachment":[{"href":"https:\/\/miradordeatarfe.es\/index.php?rest_route=%2Fwp%2Fv2%2Fmedia&parent=43397"}],"wp:term":[{"taxonomy":"category","embeddable":true,"href":"https:\/\/miradordeatarfe.es\/index.php?rest_route=%2Fwp%2Fv2%2Fcategories&post=43397"},{"taxonomy":"post_tag","embeddable":true,"href":"https:\/\/miradordeatarfe.es\/index.php?rest_route=%2Fwp%2Fv2%2Ftags&post=43397"}],"curies":[{"name":"wp","href":"https:\/\/api.w.org\/{rel}","templated":true}]}}