{"id":43426,"date":"2020-11-25T11:31:16","date_gmt":"2020-11-25T10:31:16","guid":{"rendered":"http:\/\/miradordeatarfe.es\/?p=43426"},"modified":"2020-11-24T16:07:20","modified_gmt":"2020-11-24T15:07:20","slug":"primera-popular-en-asfalto-tras-la-declaracion-del-estado-de-alarma-por-manuel-jimenez","status":"publish","type":"post","link":"https:\/\/miradordeatarfe.es\/?p=43426","title":{"rendered":"\u00abPRIMERA POPULAR EN ASFALTO TRAS LA DECLARACI\u00d3N DEL ESTADO DE ALARMA.\u00bb por Manuel Jim\u00e9nez"},"content":{"rendered":"<h3 style=\"text-align: justify;\">La atl\u00e9tica localidad madrile\u00f1a de Alcobendas ha sido testigo de la reanudaci\u00f3n de las pruebas de ruta en asfalto de car\u00e1cter popular tras el par\u00f3n obligado por la declaraci\u00f3n del estado de alarma a mediados de marzo.<\/h3>\n<p style=\"text-align: justify;\">El reto de ser pionera en esta reentrada ha sido salvado con sobresaliente por los organizadores de estos 10K ALCOBENDAS pues adem\u00e1s de dar la posibilidad de competir a los runners ha puesto en liza al mejor atleta de fondo del momento, Fernando Carro, que pugnaba por batir la mejor marca espa\u00f1ola de la historia en la distancia.<\/p>\n<p style=\"text-align: justify;\">El resultado final fue m\u00e1s que positivo pues Carro consigui\u00f3 bajar la marca que ostentaba y oficialmente sigue ostentando Toni Abad\u00eda (27.48 en Laredo 2019) al parar el crono en 27.46 si bien es una marca no homologable por no reunir dos de los requisitos exigidos por el Reglamento para reconocer la val\u00eda de una marca realizada en ruta:<\/p>\n<p style=\"text-align: justify;\">a) que la distancia entre la salida y la llegada, medida en l\u00ednea recta, no ser\u00e1 mayor del 50 % de la distancia total de la carrera;<\/p>\n<p style=\"text-align: justify;\">b) que la disminuci\u00f3n de la altitud entre la salida y la llegada no exceder\u00e1 del 1\/1000 (1 m por km).<\/p>\n<p>&nbsp;<\/p>\n<p style=\"text-align: justify;\">En todo caso el espect\u00e1culo fue may\u00fasculo, retransmitido en directo por youtube, se dispusieron varias liebres para asegurar los pasos intermedios. El otrora plusmarquista nacional de tres mil obst\u00e1culos Luismi Mart\u00edn Berlanas pas\u00f3 el mil en 2.45 (sigui\u00f3 en carrera para cerrar en 30.08), le secund\u00f3 el gran Jes\u00fas Espa\u00f1a que asegur\u00f3 un paso por el 5k en 13.39 (tambi\u00e9n termin\u00f3 la prueba en 5\u00ba posici\u00f3n en 28.14), Yago Rojo pas\u00f3 el seis mil en 16.26 (lo recogi\u00f3 Berlanas y ambos llegaron juntitos a meta). Los \u00faltimos cuatro kil\u00f3metros se los tuvo que currar Carro en solitario manteniendo el ritmo y forzando hasta el \u00faltimo metro con un sprint de esc\u00e1ndalo para rebajar el tope fijado en 27.48.<\/p>\n<p style=\"text-align: justify;\">Espectacular tambi\u00e9n la carrera de Jorge Blanco del Playas de Castell\u00f3n con 27.51 y Jes\u00fas Ramos con 27.56.<\/p>\n<p style=\"text-align: justify;\">La prueba femenina fue ganada por la mediofondista del FC Barcelona Marta Garc\u00eda con un gran crono de 32.38, sexta mejor marca espa\u00f1ola de siempre. Completaron el podio Clara Vi\u00f1ar\u00e1s, con 32:42, y Laura Luengo (32:43).\u00a0<\/p>\n<p style=\"text-align: justify;\">Por poner un pero a la organizaci\u00f3n rese\u00f1ar el poco apoyo medi\u00e1tico dado a la prueba femenina que no se pudo seguir on line y de la que se habl\u00f3 m\u00e1s bien poco tanto antes como durante y despu\u00e9s de la prueba.<a href=\"https:\/\/i0.wp.com\/miradordeatarfe.es\/wp-content\/uploads\/2020\/11\/IMG_9146.jpg?ssl=1\"><img data-recalc-dims=\"1\" loading=\"lazy\" decoding=\"async\" class=\"alignnone wp-image-43429 size-full\" src=\"https:\/\/i0.wp.com\/miradordeatarfe.es\/wp-content\/uploads\/2020\/11\/IMG_9146.jpg?resize=640%2C435&#038;ssl=1\" alt=\"\" width=\"640\" height=\"435\" srcset=\"https:\/\/i0.wp.com\/miradordeatarfe.es\/wp-content\/uploads\/2020\/11\/IMG_9146.jpg?w=1125&amp;ssl=1 1125w, https:\/\/i0.wp.com\/miradordeatarfe.es\/wp-content\/uploads\/2020\/11\/IMG_9146.jpg?resize=300%2C204&amp;ssl=1 300w, https:\/\/i0.wp.com\/miradordeatarfe.es\/wp-content\/uploads\/2020\/11\/IMG_9146.jpg?resize=1024%2C696&amp;ssl=1 1024w, https:\/\/i0.wp.com\/miradordeatarfe.es\/wp-content\/uploads\/2020\/11\/IMG_9146.jpg?resize=768%2C522&amp;ssl=1 768w\" sizes=\"auto, (max-width: 640px) 100vw, 640px\" \/><\/a><\/p>\n<p style=\"text-align: justify;\">Varios granadinos fueron de la salida en estos 10 k destacando la motrile\u00f1a en las filas del Playas de Castell\u00f3n Claudia Est\u00e9vez que realiz\u00f3 una carrera grandiosa aguantando en el grupo de cabeza hasta pr\u00e1cticamente el final de la misma llegando 4\u00aa con un marc\u00f3n de 32.48. Sin duda que habr\u00e1 sido un aldabonazo para Claudia de la que esperamos vuelva por sus fueros.<\/p>\n<p style=\"text-align: justify;\">En la prueba masculina el \u201cpeligroso\u201d Esteban Milena Cuesta aprovech\u00f3 su segundo apellido para terminar el 19\u00ba en la prueba popular con un meritorio crono de 31.27 y Benam\u00ed Barros del Todo Suma fue el 51\u00ba marcando 33.04. \u00a0\u00a0\u00a0\u00a0<\/p>\n<p><a href=\"https:\/\/i0.wp.com\/miradordeatarfe.es\/wp-content\/uploads\/2020\/11\/IMG_9147.jpg?ssl=1\"><img data-recalc-dims=\"1\" loading=\"lazy\" decoding=\"async\" class=\"alignnone wp-image-43427 size-full\" src=\"https:\/\/i0.wp.com\/miradordeatarfe.es\/wp-content\/uploads\/2020\/11\/IMG_9147.jpg?resize=640%2C666&#038;ssl=1\" alt=\"\" width=\"640\" height=\"666\" srcset=\"https:\/\/i0.wp.com\/miradordeatarfe.es\/wp-content\/uploads\/2020\/11\/IMG_9147.jpg?w=1069&amp;ssl=1 1069w, https:\/\/i0.wp.com\/miradordeatarfe.es\/wp-content\/uploads\/2020\/11\/IMG_9147.jpg?resize=288%2C300&amp;ssl=1 288w, https:\/\/i0.wp.com\/miradordeatarfe.es\/wp-content\/uploads\/2020\/11\/IMG_9147.jpg?resize=984%2C1024&amp;ssl=1 984w, https:\/\/i0.wp.com\/miradordeatarfe.es\/wp-content\/uploads\/2020\/11\/IMG_9147.jpg?resize=768%2C800&amp;ssl=1 768w\" sizes=\"auto, (max-width: 640px) 100vw, 640px\" \/><\/a><\/p>\n","protected":false},"excerpt":{"rendered":"<p>La atl\u00e9tica localidad madrile\u00f1a de Alcobendas ha sido testigo de la reanudaci\u00f3n de las pruebas&#8230;<\/p>\n","protected":false},"author":1,"featured_media":43428,"comment_status":"closed","ping_status":"closed","sticky":false,"template":"","format":"standard","meta":{"_coblocks_attr":"","_coblocks_dimensions":"","_coblocks_responsive_height":"","_coblocks_accordion_ie_support":"","jetpack_post_was_ever_published":false,"_jetpack_newsletter_access":"","_jetpack_dont_email_post_to_subs":false,"_jetpack_newsletter_tier_id":0,"_jetpack_memberships_contains_paywalled_content":false,"_jetpack_memberships_contains_paid_content":false,"footnotes":"","jetpack_publicize_message":"","jetpack_publicize_feature_enabled":true,"jetpack_social_post_already_shared":false,"jetpack_social_options":{"image_generator_settings":{"template":"highway","default_image_id":0,"enabled":false},"version":2}},"categories":[182,6915,44,15],"tags":[],"class_list":["post-43426","post","type-post","status-publish","format-standard","has-post-thumbnail","hentry","category-deportes","category-opinion-de-manuel-jimenez","category-noticias-de-hoy","category-ultimas-noticias"],"jetpack_publicize_connections":[],"jetpack_featured_media_url":"https:\/\/i0.wp.com\/miradordeatarfe.es\/wp-content\/uploads\/2020\/11\/IMG_9145.jpg?fit=977%2C836&ssl=1","jetpack_likes_enabled":true,"jetpack_sharing_enabled":true,"_links":{"self":[{"href":"https:\/\/miradordeatarfe.es\/index.php?rest_route=\/wp\/v2\/posts\/43426","targetHints":{"allow":["GET"]}}],"collection":[{"href":"https:\/\/miradordeatarfe.es\/index.php?rest_route=\/wp\/v2\/posts"}],"about":[{"href":"https:\/\/miradordeatarfe.es\/index.php?rest_route=\/wp\/v2\/types\/post"}],"author":[{"embeddable":true,"href":"https:\/\/miradordeatarfe.es\/index.php?rest_route=\/wp\/v2\/users\/1"}],"replies":[{"embeddable":true,"href":"https:\/\/miradordeatarfe.es\/index.php?rest_route=%2Fwp%2Fv2%2Fcomments&post=43426"}],"version-history":[{"count":1,"href":"https:\/\/miradordeatarfe.es\/index.php?rest_route=\/wp\/v2\/posts\/43426\/revisions"}],"predecessor-version":[{"id":43431,"href":"https:\/\/miradordeatarfe.es\/index.php?rest_route=\/wp\/v2\/posts\/43426\/revisions\/43431"}],"wp:featuredmedia":[{"embeddable":true,"href":"https:\/\/miradordeatarfe.es\/index.php?rest_route=\/wp\/v2\/media\/43428"}],"wp:attachment":[{"href":"https:\/\/miradordeatarfe.es\/index.php?rest_route=%2Fwp%2Fv2%2Fmedia&parent=43426"}],"wp:term":[{"taxonomy":"category","embeddable":true,"href":"https:\/\/miradordeatarfe.es\/index.php?rest_route=%2Fwp%2Fv2%2Fcategories&post=43426"},{"taxonomy":"post_tag","embeddable":true,"href":"https:\/\/miradordeatarfe.es\/index.php?rest_route=%2Fwp%2Fv2%2Ftags&post=43426"}],"curies":[{"name":"wp","href":"https:\/\/api.w.org\/{rel}","templated":true}]}}