{"id":43483,"date":"2020-11-27T11:49:18","date_gmt":"2020-11-27T10:49:18","guid":{"rendered":"http:\/\/miradordeatarfe.es\/?p=43483"},"modified":"2020-11-26T13:06:45","modified_gmt":"2020-11-26T12:06:45","slug":"la-realidad-detras-de-los-datos-la-violencia-de-genero-existe-por-maria-serra","status":"publish","type":"post","link":"https:\/\/miradordeatarfe.es\/?p=43483","title":{"rendered":"\u00abLA REALIDAD DETR\u00c1S DE LOS DATOS: LA VIOLENCIA DE G\u00c9NERO EXISTE\u00bb por Maria Serra"},"content":{"rendered":"<h3>Las v\u00edctimas mortales a causa de violencia de g\u00e9nero ascienden a 41 en lo que va de a\u00f1o, seg\u00fan los datos ofrecidos por el Ministerio de Igualdad.<\/h3>\n<p style=\"text-align: justify;\">Las Naciones Unidas definen la violencia contra la mujer como \u00abtodo acto de violencia de g\u00e9nero que resulte, o pueda tener como resultado un da\u00f1o f\u00edsico, sexual o psicol\u00f3gico para la mujer, inclusive las amenazas de tales actos, la coacci\u00f3n o la privaci\u00f3n arbitraria de libertad, tanto si se producen en la vida p\u00fablica como en la privada\u00bb.<\/p>\n<p style=\"text-align: justify;\">Son muchas las pol\u00e9micas que surgen en d\u00edas como el Dia contra la Violencia de G\u00e9nero o el D\u00eda de la Mujer. Siempre hay gente inoportuna que propone debates absurdos entorno al \u00e1mbito feminista que nada tienen que ver con la realidad que nos afecta diariamente a las mujeres.Lo sensato y racional es, en todo caso, demostrar el porqu\u00e9 de nuestras palabras y el porqu\u00e9 de nuestras reivindicaciones. Cierto es que el feminismo no le debe nada a nadie ni necesita demostrar nada para su posterior \u201caceptaci\u00f3n\u201d. Sin embargo, en vista de la desinformaci\u00f3n y falta de discurso cr\u00edtico existente en nuestros d\u00edas, nunca est\u00e1 de m\u00e1s silenciar argumentos vac\u00edos y llenos de odio con datos oficiales.<a href=\"https:\/\/i0.wp.com\/miradordeatarfe.es\/wp-content\/uploads\/2020\/11\/2.png?ssl=1\"><img data-recalc-dims=\"1\" loading=\"lazy\" decoding=\"async\" class=\"wp-image-43485 size-full alignleft\" src=\"https:\/\/i0.wp.com\/miradordeatarfe.es\/wp-content\/uploads\/2020\/11\/2.png?resize=640%2C200&#038;ssl=1\" alt=\"\" width=\"640\" height=\"200\" srcset=\"https:\/\/i0.wp.com\/miradordeatarfe.es\/wp-content\/uploads\/2020\/11\/2.png?w=671&amp;ssl=1 671w, https:\/\/i0.wp.com\/miradordeatarfe.es\/wp-content\/uploads\/2020\/11\/2.png?resize=300%2C94&amp;ssl=1 300w\" sizes=\"auto, (max-width: 640px) 100vw, 640px\" \/><\/a><\/p>\n<p style=\"text-align: justify;\">Seg\u00fan la Macroencuesta de Violencia contra la Mujer publicada en 2019 por la Delegaci\u00f3n del Gobierno contra la Violencia de G\u00e9nero, el 27,7% de las mujeres sufrieron violencia sexual fuera de la pareja y \u00fanicamente el 8% denunci\u00f3 la situaci\u00f3n. En este caso, los agresores fueron hombres en el 99,6% de los casos. Respecto al 38,2% de las mujeres que sufrieron una violaci\u00f3n fuera de la pareja, solo en 18,8% el agresor era un desconocido.<\/p>\n<p style=\"text-align: justify;\">En cuanto a la violencia en la pareja actual o pasada, la macroencuesta muestra que 3.118.723 mujeres no denunciaron ni acudieron a servicios de ayuda tras episodios de violencia con su pareja. Aqu\u00ed se materializa la gran cantidad de casos, ocultos para las instituciones y autoridades, que carecen de un amparo y protecci\u00f3n para la v\u00edctima. La mejora de recursos y medios para este tipo de casos es una carencia que el sistema espa\u00f1ol lleva arrastrando a\u00f1os.<\/p>\n<p style=\"text-align: justify;\">De las 41 mujeres asesinadas este 2020, en el 14\u20196% de los casos hab\u00eda una o m\u00e1s denuncias previas frente al 85,4% que no ten\u00eda ninguna. Los porcentajes abren as\u00ed un doble debate en el que llegamos a dos conclusiones: No hay ayuda y confianza suficiente en las instituciones para que las v\u00edctimas denuncien y en aquellos casos en los que lo hacen, hay un alto porcentaje en el que las ayudas ofrecidas no son suficientes para acabar con la violencia y proteger a la v\u00edctima.<\/p>\n<p style=\"text-align: justify;\">Los n\u00fameros relacionados con la violencia contra la mujer no cesan y en los \u00faltimos a\u00f1os han experimentado un crecimiento considerable. Seg\u00fan la Estad\u00edstica de Violencia Dom\u00e9stica y Violencia <a href=\"https:\/\/i0.wp.com\/miradordeatarfe.es\/wp-content\/uploads\/2020\/11\/1.png?ssl=1\"><img data-recalc-dims=\"1\" loading=\"lazy\" decoding=\"async\" class=\"wp-image-43484 size-full alignright\" src=\"https:\/\/i0.wp.com\/miradordeatarfe.es\/wp-content\/uploads\/2020\/11\/1.png?resize=640%2C383&#038;ssl=1\" alt=\"\" width=\"640\" height=\"383\" srcset=\"https:\/\/i0.wp.com\/miradordeatarfe.es\/wp-content\/uploads\/2020\/11\/1.png?w=967&amp;ssl=1 967w, https:\/\/i0.wp.com\/miradordeatarfe.es\/wp-content\/uploads\/2020\/11\/1.png?resize=300%2C180&amp;ssl=1 300w, https:\/\/i0.wp.com\/miradordeatarfe.es\/wp-content\/uploads\/2020\/11\/1.png?resize=768%2C460&amp;ssl=1 768w\" sizes=\"auto, (max-width: 640px) 100vw, 640px\" \/><\/a>de G\u00e9nero de 2019 publicada por el INE (Instituto Nacional de Estad\u00edstica), el n\u00famero de mujeres v\u00edctimas de violencia de g\u00e9nero aument\u00f3 un 2% en el 2019, hasta 31.911. Casi la mitad de las v\u00edctimas (47,1%) ten\u00edan entre 25 y 39 a\u00f1os, siendo la edad media de 36,6 a\u00f1os. Por otro lado, el 63,06% eran nacidas en Espa\u00f1a frente al 36,93% extranjeras.<\/p>\n<p style=\"text-align: justify;\">Uno de los argumentos que m\u00e1s gusta arrojar a los m\u00e1s controvertidos (por llamarlos de alguna manera) es la \u201cfalta\u201d de un par\u00e1metro, seg\u00fan ellos, que recoja los hombres asesinados a manos de mujeres.<\/p>\n<p style=\"text-align: justify;\">Lo cierto es que esos datos existen y aparecen incluidos en la \u201cViolencia Dom\u00e9stica\u201d (aquella que se produce entre miembros del n\u00facleo familiar con previa convivencia) donde aparecen las mujeres fallecidas por razones no relacionadas con la violencia de g\u00e9nero as\u00ed como los hombres. Recordemos que la violencia de g\u00e9nero recibe ese nombre por ejercerse expresamente contra una mujer \u201cpor el hecho de serlo\u201d. No podemos comprar y agrupar estas v\u00edctimas con las resultantes del \u00e1mbito dom\u00e9stico, donde la v\u00edctima puede ser tanto una mujer como un hombre.<\/p>\n<p style=\"text-align: justify;\">En este caso, el n\u00famero de mujeres v\u00edctimas en violencia dom\u00e9stica (4.748) sigue siendo mayor que el de hombres (2.906). Pasa justo al contrario con las personas denunciadas, en las que el 72,01% son hombres.<br \/>\nLa OMS (Organizaci\u00f3n Mundial de la Salud) ha instado a los gobiernos a que adopten medidas para reducir la violencia contra las mujeres, con motivo del 25N. Las estimaciones mundiales indican que alrededor del 35% de las mujeres han sufrido violencia f\u00edsica y\/o sexual de pareja o violencia sexual por terceros en alg\u00fan momento de su vida.<br \/>\nLa exigencia de nuevas medidas y una mayor atenci\u00f3n a este \u00e1mbito es el resultado del Informe Mundial sobre la Violencia y la Salud realizado por la OMS. El informe concluye que la violencia contra las mujeres ocasiona afecciones como lesiones f\u00edsicas, s\u00edndromes de dolor cr\u00f3nico, depresi\u00f3n y comportamientos suicidas. En la macroencuesta, el 53% de las mujeres que sufren violencia sexual confiesa haber tenido consecuencias psicol\u00f3gicas, porcentaje que asciende al 78,9% entre las v\u00edctimas de violaci\u00f3n.<\/p>\n<p style=\"text-align: justify;\">Espa\u00f1a, por su lado, ha aprobado un incremento del 15% de ingresos en el cumplimiento del Pacto de Estado de Violencia de G\u00e9nero, con una partida prevista de 180 millones de euros.<br \/>\nNo hay m\u00e1s que analizar estos datos y pararse a sacudirse los prejuicios e ideolog\u00edas para darse cuenta de que la violencia de g\u00e9nero existe y es un problema de grandes<br \/>\ndimensiones. No podemos poner el foco en debates absurdos que solo buscan desvalorizar y ridiculizar un movimiento como el feminismo. Nosotras y nosotros debemos exigir y reivindicar nuestros derechos como ciudadanos, exigir una normativa m\u00e1s eficiente y no aceptar m\u00e1s demagogia pol\u00edtica. El ser humano como sociedad todav\u00eda necesita entender muchas cosas que escapan, en ocasiones, a nuestra critica. Sin embargo, no podemos seguir aceptando razonamientos que niegan este tipo de violencia y ponen en duda lo que sufren miles de mujeres a lo largo de sus vidas.<\/p>\n","protected":false},"excerpt":{"rendered":"<p>Las v\u00edctimas mortales a causa de violencia de g\u00e9nero ascienden a 41 en lo que&#8230;<\/p>\n","protected":false},"author":1,"featured_media":43488,"comment_status":"closed","ping_status":"closed","sticky":false,"template":"","format":"standard","meta":{"_coblocks_attr":"","_coblocks_dimensions":"","_coblocks_responsive_height":"","_coblocks_accordion_ie_support":"","jetpack_post_was_ever_published":false,"_jetpack_newsletter_access":"","_jetpack_dont_email_post_to_subs":false,"_jetpack_newsletter_tier_id":0,"_jetpack_memberships_contains_paywalled_content":false,"_jetpack_memberships_contains_paid_content":false,"footnotes":"","jetpack_publicize_message":"","jetpack_publicize_feature_enabled":true,"jetpack_social_post_already_shared":false,"jetpack_social_options":{"image_generator_settings":{"template":"highway","default_image_id":0,"enabled":false},"version":2}},"categories":[1161,14,7244,44,7671,15],"tags":[41,19,214],"class_list":["post-43483","post","type-post","status-publish","format-standard","has-post-thumbnail","hentry","category-ciudadania","category-feminismo","category-opinion-de-maria-serra","category-noticias-de-hoy","category-politica","category-ultimas-noticias","tag-feminismo","tag-mujeres","tag-violencia-de-genero"],"jetpack_publicize_connections":[],"jetpack_featured_media_url":"https:\/\/i0.wp.com\/miradordeatarfe.es\/wp-content\/uploads\/2020\/11\/a30ac12c-cc59-419e-8c51-63898277dabd-1-225x300-2.jpg?fit=221%2C206&ssl=1","jetpack_likes_enabled":true,"jetpack_sharing_enabled":true,"_links":{"self":[{"href":"https:\/\/miradordeatarfe.es\/index.php?rest_route=\/wp\/v2\/posts\/43483","targetHints":{"allow":["GET"]}}],"collection":[{"href":"https:\/\/miradordeatarfe.es\/index.php?rest_route=\/wp\/v2\/posts"}],"about":[{"href":"https:\/\/miradordeatarfe.es\/index.php?rest_route=\/wp\/v2\/types\/post"}],"author":[{"embeddable":true,"href":"https:\/\/miradordeatarfe.es\/index.php?rest_route=\/wp\/v2\/users\/1"}],"replies":[{"embeddable":true,"href":"https:\/\/miradordeatarfe.es\/index.php?rest_route=%2Fwp%2Fv2%2Fcomments&post=43483"}],"version-history":[{"count":3,"href":"https:\/\/miradordeatarfe.es\/index.php?rest_route=\/wp\/v2\/posts\/43483\/revisions"}],"predecessor-version":[{"id":43489,"href":"https:\/\/miradordeatarfe.es\/index.php?rest_route=\/wp\/v2\/posts\/43483\/revisions\/43489"}],"wp:featuredmedia":[{"embeddable":true,"href":"https:\/\/miradordeatarfe.es\/index.php?rest_route=\/wp\/v2\/media\/43488"}],"wp:attachment":[{"href":"https:\/\/miradordeatarfe.es\/index.php?rest_route=%2Fwp%2Fv2%2Fmedia&parent=43483"}],"wp:term":[{"taxonomy":"category","embeddable":true,"href":"https:\/\/miradordeatarfe.es\/index.php?rest_route=%2Fwp%2Fv2%2Fcategories&post=43483"},{"taxonomy":"post_tag","embeddable":true,"href":"https:\/\/miradordeatarfe.es\/index.php?rest_route=%2Fwp%2Fv2%2Ftags&post=43483"}],"curies":[{"name":"wp","href":"https:\/\/api.w.org\/{rel}","templated":true}]}}