{"id":43506,"date":"2020-12-01T08:54:09","date_gmt":"2020-12-01T07:54:09","guid":{"rendered":"http:\/\/miradordeatarfe.es\/?p=43506"},"modified":"2020-11-28T20:53:48","modified_gmt":"2020-11-28T19:53:48","slug":"la-ugr-advierte-del-mal-uso-del-termino-coronavirus-en-los-medios-de-comunicacion","status":"publish","type":"post","link":"https:\/\/miradordeatarfe.es\/?p=43506","title":{"rendered":"La UGR advierte del mal uso del t\u00e9rmino \u2018coronavirus\u2019 en los medios de comunicaci\u00f3n"},"content":{"rendered":"<header class=\"single-new-header\">\n<h2 class=\"single-subtitle\" style=\"text-align: justify;\">Seg\u00fan las investigadoras de la universidad, el uso correcto ser\u00eda el de &#8216;Covid-19&#8217; para referir a la enfermedad<ins id=\"revive-0-3\" data-revive-zoneid=\"18\" data-revive-id=\"3675e576db6d1cc6cb6554b6e5954dc7\" data-revive-seq=\"3\" data-revive-loaded=\"1\"><\/ins><\/h2>\n<\/header>\n<section>\n<div class=\"row single-new-content\">\n<div class=\"col-md-8 content-left\">\n<div class=\"single-new-content\">\n<p style=\"text-align: justify;\">Investigadoras de la Universidad de Granada (UGR), pertenecientes al grupo de investigaci\u00f3n LEXICON del departamento de Traducci\u00f3n e Interpretaci\u00f3n, han advertido del uso equivocado por parte de la mayor\u00eda de medios de comunicaci\u00f3n del t\u00e9rmino \u2018coronavirus\u2019 en lugar de \u2018COVID-19\u2019 para referirse a la enfermedad, a trav\u00e9s del an\u00e1lisis de cuatro tipos de corpus ling\u00fc\u00edsticos.<ins id=\"revive-0-4\" data-revive-zoneid=\"48\" data-revive-id=\"3675e576db6d1cc6cb6554b6e5954dc7\" data-revive-seq=\"4\" data-revive-loaded=\"1\"><\/ins><\/p>\n<div style=\"text-align: justify;\">Este uso provoca confusi\u00f3n a la hora de hacer llegar los conocimientos al p\u00fablico general, dado que la COVID-19 es tan solo una de las enfermedades producidas por un tipo de coronavirus, pero no la \u00fanica. De hecho, existen otros tipos de enfermedades provocadas por otros coronavirus, como la SARS y la MERS.<ins id=\"revive-0-6\" data-revive-zoneid=\"106\" data-revive-id=\"3675e576db6d1cc6cb6554b6e5954dc7\" data-revive-seq=\"6\" data-revive-loaded=\"1\"><\/ins><\/div>\n<p style=\"text-align: justify;\">\u00a0<\/p>\n<div class=\"code-block code-block-70b1b7fc60ecf882f79eef3c3eb82c3d code-block-76 ai-viewport-1 ai-viewport-2\" style=\"text-align: justify;\">\u00a0<\/div>\n<p style=\"text-align: justify;\">En un art\u00edculo publicado en la revista <em>Journal of Science Communication (JCOM),\u00a0<\/em>las investigadoras de la UGR Amal Haddad Haddad y Silvia Montero Mart\u00ednez recuerdan que la enfermedad de Coronavirus 2019 (COVID-19) es el nombre acu\u00f1ado a la pandemia que sufrimos a nivel mundial.<\/p>\n<h3 style=\"text-align: justify;\"><strong>T\u00e9rmino de la OMS<\/strong><\/h3>\n<p style=\"text-align: justify;\">\u201cLa Organizaci\u00f3n Mundial de la Salud fue la responsable en acu\u00f1ar dicho t\u00e9rmino, y esta denominaci\u00f3n est\u00e1 formada por tres partes: \u2018enfermedad\u2019 que indica que la COVID-19 es un tipo de enfermedad; \u2018Coronavirus\u2019 que indica el tipo de virus que produce dicha enfermedad; y \u20182019\u2019 que indica el a\u00f1o del brote de la enfermedad\u201d, indican.<ins id=\"revive-0-10\" data-revive-zoneid=\"107\" data-revive-id=\"3675e576db6d1cc6cb6554b6e5954dc7\" data-revive-seq=\"10\" data-revive-loaded=\"1\"><\/ins><\/p>\n<div id=\"beacon_5bfeabf399\" style=\"text-align: justify;\">Este art\u00edculo demuestra, por un lado, la base metaf\u00f3rica sobre la cual est\u00e1 construido el t\u00e9rmino \u2018coronavirus\u2019, denominado as\u00ed por la semejanza del coronavirus a una corona solaral visualizarlo bajo el microscopio. \u201cDicha denominaci\u00f3n facilita la comprensi\u00f3n, tanto por parte de especialistas como por el p\u00fablico lego, del modo de actuaci\u00f3n de cualquier tipo de coronavirus para penetrar en las c\u00e9lulas e infectarlas clavando sus prote\u00ednas en ellas\u201d, se\u00f1ala Haddad, que es alumna del programa de doctorado \u2018Lenguas, textos y Contextos\u2019 de la Escuela Internacional de Posgrado de la UGR.<\/div>\n<p style=\"text-align: justify;\">\u00a0<\/p>\n<div class=\"code-block code-block-70b1b7fc60ecf882f79eef3c3eb82c3d code-block-7 ai-viewport-1 ai-viewport-2 ai-viewport-3\" style=\"text-align: justify;\"><ins id=\"revive-0-12\" data-revive-zoneid=\"86\" data-revive-id=\"3675e576db6d1cc6cb6554b6e5954dc7\" data-revive-seq=\"12\" data-revive-loaded=\"1\"><\/p>\n<div id=\"beacon_c9545d7f1c\"><img loading=\"lazy\" decoding=\"async\" src=\"https:\/\/granadadigitaladserver.granadadigital.es\/www\/delivery\/lg.php?bannerid=0&amp;campaignid=0&amp;zoneid=86&amp;loc=https%3A%2F%2Fwww.granadadigital.es%2Fugr-advierte-mal-uso-del-termino-coronavirus-medios-comunicacion%2F&amp;cb=c9545d7f1c\" alt=\"\" width=\"0\" height=\"0\" \/><\/div>\n<p><\/ins><\/div>\n<p style=\"text-align: justify;\">Respecto al uso incorrecto del t\u00e9rmino coronavirus para referirse a la enfermedad, las investigadoras se\u00f1alan que en mitad de una pandemia, \u201cla difusi\u00f3n de informaci\u00f3n precisa por parte de los medios de comunicaci\u00f3n es clave para combatir la enfermedad y limitar su expansi\u00f3n. Por esta raz\u00f3n, este art\u00edculo invita a los medios de comunicaci\u00f3n al correcto uso de los t\u00e9rminos para evitar cualquier tipo de confusi\u00f3n y facilitar la correcta adquisici\u00f3n de conocimientos por parte del p\u00fablico general\u201d.<\/p>\n<h3 style=\"text-align: justify;\"><strong>Funci\u00f3n metaf\u00f3rica de \u2018coronavirus\u2019<\/strong><\/h3>\n<p style=\"text-align: justify;\">Por \u00faltimo, el art\u00edculo destaca la ra\u00edz latina del t\u00e9rmino metaf\u00f3rico \u2018coronavirus\u2019. Esto significa que al trasladar este t\u00e9rmino a otros idiomas que comparten esta ra\u00edz, se conserva la funci\u00f3n metaf\u00f3rica del t\u00e9rmino y facilita su comprensi\u00f3n en aquellos idiomas tambi\u00e9n, como en el caso del espa\u00f1ol, italiano, franc\u00e9s, portugu\u00e9s, etc.<\/p>\n<p style=\"text-align: justify;\">\u201cSin embargo, al trasladar el t\u00e9rmino \u2018coronavirus\u2019 como calco a otros idiomas que no comparten esta ra\u00edz latina, como es la lengua \u00e1rabe por ejemplo, esta utilidad y funci\u00f3n comunicativa del t\u00e9rmino se pierden, lo cual ralentiza la adquisici\u00f3n de conocimientos por parte del p\u00fablico\u201d, apuntan las autoras.<\/p>\n<p style=\"text-align: justify;\">Por esta raz\u00f3n, este art\u00edculo anima a los planificadores ling\u00fc\u00edsticos a acu\u00f1ar t\u00e9rminos basados en la imaginaci\u00f3n propia de cada lengua y cultura para acu\u00f1ar t\u00e9rminos, de modo que se facilitan la comprensi\u00f3n de la informaci\u00f3n tanto entre especialistas como para instruir al p\u00fablico lego, sobre todo cuando estamos ante una pandemia que hay que combatir a todos los niveles, y d\u00f3nde cada esfuerzo de concienciaci\u00f3n cuenta en cualquier lugar del mundo<\/p>\n<p>https:\/\/www.granadadigital.es\/ugr-advierte-mal-uso-del-termino-coronavirus-medios-comunicacion\/<\/p>\n<\/div>\n<\/div>\n<\/div>\n<\/section>\n","protected":false},"excerpt":{"rendered":"<p>Seg\u00fan las investigadoras de la universidad, el uso correcto ser\u00eda el de &#8216;Covid-19&#8217; para referir&#8230;<\/p>\n","protected":false},"author":1,"featured_media":43507,"comment_status":"closed","ping_status":"closed","sticky":false,"template":"","format":"standard","meta":{"_coblocks_attr":"","_coblocks_dimensions":"","_coblocks_responsive_height":"","_coblocks_accordion_ie_support":"","jetpack_post_was_ever_published":false,"_jetpack_newsletter_access":"","_jetpack_dont_email_post_to_subs":false,"_jetpack_newsletter_tier_id":0,"_jetpack_memberships_contains_paywalled_content":false,"_jetpack_memberships_contains_paid_content":false,"footnotes":"","jetpack_publicize_message":"","jetpack_publicize_feature_enabled":true,"jetpack_social_post_already_shared":false,"jetpack_social_options":{"image_generator_settings":{"template":"highway","default_image_id":0,"enabled":false},"version":2}},"categories":[1161,7149,44,6937,15],"tags":[7021,7166,2213],"class_list":["post-43506","post","type-post","status-publish","format-standard","has-post-thumbnail","hentry","category-ciudadania","category-coronavirus","category-noticias-de-hoy","category-sociedad","category-ultimas-noticias","tag-coronavirus","tag-covid-19","tag-ugr"],"jetpack_publicize_connections":[],"jetpack_featured_media_url":"https:\/\/i0.wp.com\/miradordeatarfe.es\/wp-content\/uploads\/2020\/11\/Coronavirus-EMA-Archivo-1010x758-1.jpg?fit=1010%2C758&ssl=1","jetpack_likes_enabled":true,"jetpack_sharing_enabled":true,"_links":{"self":[{"href":"https:\/\/miradordeatarfe.es\/index.php?rest_route=\/wp\/v2\/posts\/43506","targetHints":{"allow":["GET"]}}],"collection":[{"href":"https:\/\/miradordeatarfe.es\/index.php?rest_route=\/wp\/v2\/posts"}],"about":[{"href":"https:\/\/miradordeatarfe.es\/index.php?rest_route=\/wp\/v2\/types\/post"}],"author":[{"embeddable":true,"href":"https:\/\/miradordeatarfe.es\/index.php?rest_route=\/wp\/v2\/users\/1"}],"replies":[{"embeddable":true,"href":"https:\/\/miradordeatarfe.es\/index.php?rest_route=%2Fwp%2Fv2%2Fcomments&post=43506"}],"version-history":[{"count":1,"href":"https:\/\/miradordeatarfe.es\/index.php?rest_route=\/wp\/v2\/posts\/43506\/revisions"}],"predecessor-version":[{"id":43508,"href":"https:\/\/miradordeatarfe.es\/index.php?rest_route=\/wp\/v2\/posts\/43506\/revisions\/43508"}],"wp:featuredmedia":[{"embeddable":true,"href":"https:\/\/miradordeatarfe.es\/index.php?rest_route=\/wp\/v2\/media\/43507"}],"wp:attachment":[{"href":"https:\/\/miradordeatarfe.es\/index.php?rest_route=%2Fwp%2Fv2%2Fmedia&parent=43506"}],"wp:term":[{"taxonomy":"category","embeddable":true,"href":"https:\/\/miradordeatarfe.es\/index.php?rest_route=%2Fwp%2Fv2%2Fcategories&post=43506"},{"taxonomy":"post_tag","embeddable":true,"href":"https:\/\/miradordeatarfe.es\/index.php?rest_route=%2Fwp%2Fv2%2Ftags&post=43506"}],"curies":[{"name":"wp","href":"https:\/\/api.w.org\/{rel}","templated":true}]}}