{"id":43606,"date":"2020-12-05T10:13:06","date_gmt":"2020-12-05T09:13:06","guid":{"rendered":"http:\/\/miradordeatarfe.es\/?p=43606"},"modified":"2020-12-02T11:01:13","modified_gmt":"2020-12-02T10:01:13","slug":"el-proyecto-de-restauracion-y-consolidacion-ha-sido-muy-leve-y-poco-agresivo-la-puerta-de-bib-rambla-luce-como-nueva-en-el-bosque-de-la-alhambra","status":"publish","type":"post","link":"https:\/\/miradordeatarfe.es\/?p=43606","title":{"rendered":"El proyecto de restauraci\u00f3n y consolidaci\u00f3n ha sido muy leve y poco agresivo La Puerta de Bib-Rambla luce como nueva en el bosque de la Alhambra"},"content":{"rendered":"<h3 style=\"text-align: justify;\">Ahora llama m\u00e1s la atenci\u00f3n al haber desaparecido el verd\u00edn que la cubr\u00eda y predominar los tonos color cemento.<\/h3>\n<div class=\"cuerpo\">\n<p style=\"text-align: justify;\">La Puerta de Bib-Rambla luce como nueva en el bosque de la Alhambra. Quiz\u00e1s demasiado nueva y con regusto a cemento porland. Los \u00faltimos d\u00edas han sido retirados los andamios y las lonas que la cubrieron los \u00faltimos meses. Ya se puede volver a ver en toda su magnificencia y preparada para durar por muchos a\u00f1os.<\/p>\n<p style=\"text-align: justify;\">El proyecto de restauraci\u00f3n y consolidaci\u00f3n se puede calificar de muy leve y poco agresivo. Sus promotores lo califican como <em>\u201cuna intervenci\u00f3n de conservaci\u00f3n para devolver a la obra la integridad f\u00edsica necesaria para que perdure en el tiempo, as\u00ed como su integridad est\u00e9tica, para lo cual se sigue el criterio de m\u00ednima intervenci\u00f3n en todo aquello que no est\u00e9 estrictamente enfocado hacia la conservaci\u00f3n, como son las actividades de consolidaci\u00f3n, fijaci\u00f3n y preservaci\u00f3n de los materiales\u201d.<\/em><\/p>\n<p class=\"sumari\" style=\"text-align: justify;\">No obstante, luce flamante y para perdurar, que era lo que al fin se persegu\u00eda. No hay intervenci\u00f3n urban\u00edstica que el tiempo y la vegetaci\u00f3n no acaben por bendecir e integrar<\/p>\n<p style=\"text-align: justify;\">Los \u00faltimos aspectos de consolidaci\u00f3n se han conseguido, pues cuando fue reconstruida hace casi un siglo no se le construy\u00f3 una cimentaci\u00f3n demasiado s\u00f3lida. En cuento al primer aspecto, el est\u00e9tico, queda a gusto de cada cual. Quiz\u00e1s nos hab\u00edamos acostumbrado a ver este Arco de las Orejas en tonos c\u00e1lidos (a pesar del cemento envejecido que ya lo recubr\u00eda), con el verd\u00edn y la yedra d\u00e1ndole la p\u00e1tina del tiempo. Por eso ahora, tras despojarla de las lonas, da la sensaci\u00f3n de que ha sido repintada con una mano de cemento azul-verdoso, como suelen pintarse los z\u00f3calos de los cortijos.<\/p>\n<p style=\"text-align: justify;\">No obstante, luce flamante y para perdurar, que era lo que al fin se persegu\u00eda. No hay intervenci\u00f3n urban\u00edstica que el tiempo y la vegetaci\u00f3n no acaben por bendecir e integrar.<\/p>\n<div class=\"divdest\" style=\"text-align: justify;\">\n<div class=\"media media-element-container media-default\">\n<div id=\"file-59406\" class=\"file file-image file-image-jpeg\">\n<div class=\"content\"><img data-recalc-dims=\"1\" loading=\"lazy\" decoding=\"async\" class=\"media-element file-default\" src=\"https:\/\/i0.wp.com\/www.elindependientedegranada.es\/sites\/default\/files\/obras_puerta_bib-rambla.jpg?resize=600%2C799&#038;ssl=1\" alt=\"\" width=\"600\" height=\"799\" data-delta=\"3\" \/><\/div>\n<\/div>\n<\/div>\n<p><a href=\"https:\/\/www.elindependientedegranada.es\/cultura\/arco-orejas-rehabilitacion\">El Patronato de la Alhambra y el Generalife inicio en julio pasado las obras de rehabilitaci\u00f3n de la Puerta Bib-Rambla<\/a>, conocida tambi\u00e9n como Arco de las con un presupuesto de 95.510 euros, con la intenci\u00f3n de \u00abfrenar el deterioro de esta construcci\u00f3n que tiene un gran valor hist\u00f3rico\u00bb. En la ejecuci\u00f3n del proyecto, seg\u00fan explic\u00f3 la directora del Patronato, Roc\u00edo D\u00edaz, primar\u00edan los trabajos de consolidaci\u00f3n, fijaci\u00f3n y protecci\u00f3n de los elementos materiales de la Puerta Bib-Rambla para devolver al inmueble la integridad f\u00edsica necesaria, as\u00ed como mejorar su imagen exterior. Imagen: Patronato de la Alhambra y Generalife.<\/p>\n<\/div>\n<h4 style=\"text-align: justify;\"><strong>Puerta del siglo XI<\/strong><\/h4>\n<p style=\"text-align: justify;\">Esta puerta del siglo XI era muy parecida en estructura a la Puerta de la Justicia. Se la conoci\u00f3 como Puerta de la Rambla, del Arenal, Bibarrambla o Arco de las Orejas. Estuvo situada en la calle del mismo nombre, en la esquina suroriental de la Plaza de Bibarrambla. El origen de su construcci\u00f3n data de \u00e9poca zir\u00ed, cuando se cerr\u00f3 la cerca de Granada entre la Puerta de Elvira y el r\u00edo Darro. No obstante, fue remodelada en el siglo XII, a ra\u00edz de un desbordamiento del Darro en el oto\u00f1o de 1125 que derrumb\u00f3 un pa\u00f1o de muralla entre esta puerta y la siguiente, la de la Plaza de la Trinidad. Hay una referencia hist\u00f3rica a que fue reconstruida a toda prisa a comienzos de 1126 ante la presencia de la <em>Hueste de Hispania<\/em>, una especie de razzia organizada por el rey aragon\u00e9s Alfonso el Batallador.<\/p>\n<div class=\"divdest\" style=\"text-align: justify;\">\n<div class=\"media media-element-container media-default\">\n<div id=\"file-59404\" class=\"file file-image file-image-jpeg\">\n<h2 class=\"element-invisible\"><a href=\"https:\/\/www.elindependientedegranada.es\/file\/puertaantesjpg\">puertaantes.jpg<\/a><\/h2>\n<div class=\"content\"><img data-recalc-dims=\"1\" loading=\"lazy\" decoding=\"async\" class=\"media-element file-default\" src=\"https:\/\/i0.wp.com\/www.elindependientedegranada.es\/sites\/default\/files\/puertaantes.jpg?resize=640%2C360&#038;ssl=1\" alt=\"\" width=\"640\" height=\"360\" data-delta=\"1\" \/><\/div>\n<\/div>\n<\/div>\n<p>Puerta tal como estaba en 2019, ante de comenzar su restauraci\u00f3n. Imagen: IndeGranada<\/p>\n<\/div>\n<p style=\"text-align: justify;\">A trav\u00e9s del Arco de las Orejas se pod\u00eda ver una parte de la Plaza de Bibarrambla y la calle Zacat\u00edn, ya que estaban alineadas. A mediados del siglo XIX (1857-8) se procedi\u00f3 a realinear esta zona y el Arco de las Orejas qued\u00f3 tapado por las construcciones de enfrente. Hasta entonces hab\u00eda llegado intacto, con una capilla en su interior, habitaciones que lo recorr\u00edan por encima, tiendecillas en sus huecos, etc. Y un progresivo deterioro que no consegu\u00eda ocultar su pintoresquismo. Fue de los monumentos m\u00e1s dibujados y pintados por los viajeros rom\u00e1nticos.<\/p>\n<p class=\"sumari\" style=\"text-align: justify;\">A trav\u00e9s del Arco de las Orejas se pod\u00eda ver una parte de la Plaza de Bibarrambla y la calle Zacat\u00edn, ya que estaban alineadas<\/p>\n<p style=\"text-align: justify;\">En 1873, coincidiendo con el cant\u00f3n regionalista que gobern\u00f3 la comarca, el Ayuntamiento decidi\u00f3 demolerlo para dar empleo a los muchos parados de la ciudad. Se ampar\u00f3 en la solicitud que hab\u00eda cursado el nuevo propietario de las casillas de los alrededores. Los obreros comenzaron a demolerlo por la cara interior, la de la capilla, pero el arquitecto municipal consigui\u00f3 parar su destrucci\u00f3n. Comenz\u00f3 entonces una agria pol\u00e9mica entre el Ayuntamiento y algunos vecinos, partidarios de derribarlo, y la Comisi\u00f3n Provincial de Monumentos y algunos intelectuales, partidarios de conservarlo. La intervenci\u00f3n de la Real Academia de San Fernando consigui\u00f3 que incluso se repusiera parte de lo demolido y fuesen elaborados proyectos para su restauraci\u00f3n.<\/p>\n<p style=\"text-align: justify;\">El Gobierno de Espa\u00f1a declar\u00f3 esta puerta como monumento hist\u00f3rico en 1881, con lo cual se crey\u00f3 salvada la puerta. Pero el deterioro que continuaba sufriendo, a\u00f1adido a la epidemia de c\u00f3lera, aconsejaron al Ayuntamiento derribarlo. Su destrucci\u00f3n se llev\u00f3 a cabo en un santiam\u00e9n. Corr\u00eda el a\u00f1o 1884. Hab\u00eda acabado la pol\u00e9mica.<\/p>\n<p class=\"sumari\" style=\"text-align: justify;\">A la Comisi\u00f3n Provincial de Monumentos \u2013capitaneada por Paula Valladar y G\u00f3mez-Moreno\u2013 no le qued\u00f3 m\u00e1s recurso que guardar los elementos m\u00e1s importantes del Arco de las Orejas en los almacenes del Museo Arqueol\u00f3gico (que por entonces buscaba sede fija). Los sillares y la mayor parte de la piedra que conten\u00eda el arco fueron a rellenar el embovedado del r\u00edo Darro en su tramo del Puente del Carb\u00f3n<\/p>\n<p style=\"text-align: justify;\">A la Comisi\u00f3n Provincial de Monumentos \u2013capitaneada por Paula Valladar y G\u00f3mez-Moreno\u2013 no le qued\u00f3 m\u00e1s recurso que guardar los elementos m\u00e1s importantes del Arco de las Orejas en los almacenes del Museo Arqueol\u00f3gico (que por entonces buscaba sede fija). Los sillares y la mayor parte de la piedra que conten\u00eda el arco fueron a rellenar el embovedado del r\u00edo Darro en su tramo del Puente del Carb\u00f3n.<\/p>\n<p style=\"text-align: justify;\">Casi medio siglo estuvieron las piezas de Arco durmiendo en el Museo Arqueol\u00f3gico. Hasta que en 1930, Manuel G\u00f3mez-Moreno (hijo) propuso al director de la Alhambra, Leopoldo Torres Balb\u00e1s, su reconstrucci\u00f3n en alg\u00fan lugar del conjunto monumental. El primer proyecto para reconstruirlo se hizo en el secano, pero fue desestimado por ser lugar demasiado llano donde quiz\u00e1s no se integrase la puerta ajena y llamase demasiado la atenci\u00f3n. Finalmente, en 1933-5, el lugar elegido fue donde est\u00e1 ahora. La reconstrucci\u00f3n trat\u00f3 de hacerse lo m\u00e1s fiel posible, pero tambi\u00e9n se falsearon dovelas y ladrillos, as\u00ed como sillares nuevos en piedra de Alfacar. Desde entonces, ha sido repellada de cemento al menos en un par de ocasiones.<\/p>\n<p style=\"text-align: justify;\">Se pens\u00f3 iniciar aqu\u00ed una senda peatonal que uniese el Arco de las Orejas con la Puerta de la Justicia, serpenteando por la ladera. Pero nunca se hizo la senda. La Puerta de Bib-Rambla qued\u00f3 varada en un rinc\u00f3n de paseo, a la sombra de la inmensa arboleda, cubierta de verd\u00edn, descontextualizada y sin llamar la atenci\u00f3n.<\/p>\n<p style=\"text-align: justify;\">En 2016, con motivo de una excavaci\u00f3n arqueol\u00f3gica en la calle Arco de las Orejas-esquina de Bibarrambla, fue descubierta una de las zapatas y arranque del tramo de la muralla del Arenal. El Patronato de la Alhambra encarg\u00f3 un libro sobre esta puerta al arque\u00f3logo del proyecto \u2013\u00c1ngel Rodr\u00edguez Aguilera\u2013 y una exposici\u00f3n conmemorativa. La exposici\u00f3n est\u00e1 abierta en estos momentos (hasta mediados de diciembre) en la Casa de los Tiros.<\/p>\n<\/div>\n<p style=\"text-align: justify;\">https:\/\/www.elindependientedegranada.es\/cultura\/puerta-bib-rambla-luce-como-nueva-bosque-alhambra<\/p>\n<h6 style=\"text-align: justify;\">FOTO:La Puerta de Bib-Rambla, reci\u00e9n restaurada, con tonos demasiado tipo porland.INDEGRANADA<\/h6>\n","protected":false},"excerpt":{"rendered":"<p>Ahora llama m\u00e1s la atenci\u00f3n al haber desaparecido el verd\u00edn que la cubr\u00eda y predominar&#8230;<\/p>\n","protected":false},"author":1,"featured_media":43608,"comment_status":"closed","ping_status":"closed","sticky":false,"template":"","format":"standard","meta":{"_coblocks_attr":"","_coblocks_dimensions":"","_coblocks_responsive_height":"","_coblocks_accordion_ie_support":"","jetpack_post_was_ever_published":false,"_jetpack_newsletter_access":"","_jetpack_dont_email_post_to_subs":false,"_jetpack_newsletter_tier_id":0,"_jetpack_memberships_contains_paywalled_content":false,"_jetpack_memberships_contains_paid_content":false,"footnotes":"","jetpack_publicize_message":"","jetpack_publicize_feature_enabled":true,"jetpack_social_post_already_shared":false,"jetpack_social_options":{"image_generator_settings":{"template":"highway","default_image_id":0,"enabled":false},"version":2}},"categories":[44,15],"tags":[1125,7864,2693],"class_list":["post-43606","post","type-post","status-publish","format-standard","has-post-thumbnail","hentry","category-noticias-de-hoy","category-ultimas-noticias","tag-historia","tag-puerta-de-bibrambla","tag-restauracion"],"jetpack_publicize_connections":[],"jetpack_featured_media_url":"https:\/\/i0.wp.com\/miradordeatarfe.es\/wp-content\/uploads\/2020\/12\/puertanueva.jpg?fit=750%2C563&ssl=1","jetpack_likes_enabled":true,"jetpack_sharing_enabled":true,"_links":{"self":[{"href":"https:\/\/miradordeatarfe.es\/index.php?rest_route=\/wp\/v2\/posts\/43606","targetHints":{"allow":["GET"]}}],"collection":[{"href":"https:\/\/miradordeatarfe.es\/index.php?rest_route=\/wp\/v2\/posts"}],"about":[{"href":"https:\/\/miradordeatarfe.es\/index.php?rest_route=\/wp\/v2\/types\/post"}],"author":[{"embeddable":true,"href":"https:\/\/miradordeatarfe.es\/index.php?rest_route=\/wp\/v2\/users\/1"}],"replies":[{"embeddable":true,"href":"https:\/\/miradordeatarfe.es\/index.php?rest_route=%2Fwp%2Fv2%2Fcomments&post=43606"}],"version-history":[{"count":2,"href":"https:\/\/miradordeatarfe.es\/index.php?rest_route=\/wp\/v2\/posts\/43606\/revisions"}],"predecessor-version":[{"id":43609,"href":"https:\/\/miradordeatarfe.es\/index.php?rest_route=\/wp\/v2\/posts\/43606\/revisions\/43609"}],"wp:featuredmedia":[{"embeddable":true,"href":"https:\/\/miradordeatarfe.es\/index.php?rest_route=\/wp\/v2\/media\/43608"}],"wp:attachment":[{"href":"https:\/\/miradordeatarfe.es\/index.php?rest_route=%2Fwp%2Fv2%2Fmedia&parent=43606"}],"wp:term":[{"taxonomy":"category","embeddable":true,"href":"https:\/\/miradordeatarfe.es\/index.php?rest_route=%2Fwp%2Fv2%2Fcategories&post=43606"},{"taxonomy":"post_tag","embeddable":true,"href":"https:\/\/miradordeatarfe.es\/index.php?rest_route=%2Fwp%2Fv2%2Ftags&post=43606"}],"curies":[{"name":"wp","href":"https:\/\/api.w.org\/{rel}","templated":true}]}}