{"id":43627,"date":"2020-12-03T10:13:53","date_gmt":"2020-12-03T09:13:53","guid":{"rendered":"http:\/\/miradordeatarfe.es\/?p=43627"},"modified":"2020-11-30T13:26:14","modified_gmt":"2020-11-30T12:26:14","slug":"sabes-aplicar-realmente-la-economia-circular-en-tu-dia-a-dia-2","status":"publish","type":"post","link":"https:\/\/miradordeatarfe.es\/?p=43627","title":{"rendered":"\u00bfSabes aplicar realmente la econom\u00eda circular en tu d\u00eda a d\u00eda?"},"content":{"rendered":"<div class=\"c-header\">\n<div class=\"news-header\">\n<h2>Lo que necesitas para adaptarte a un nuevo modelo econ\u00f3mico y social que te permita reutilizar los recursos del planeta<\/h2>\n<\/div>\n<\/div>\n<div class=\"content-container col-12 col-lg-8\">\n<div class=\"c-content\">\n<div class=\"partner-wrapper article-page__body-row\">\n<div class=\"second-col\">\n<p class=\"article-text\">La econom\u00eda circular est\u00e1 m\u00e1s presente que nunca pero a\u00fan hay muchas personas que no saben en qu\u00e9 consiste. Lo comprobamos saliendo a la calle y preguntando: casi ning\u00fan entrevistado supo definir la econom\u00eda circular. Y el <strong>objetivo principal de la econom\u00eda circular es muy sencillo: desvincular el crecimiento econ\u00f3mico del consumo continuo de recursos y el deterioro ambiental.<\/strong> <\/p>\n<p class=\"article-text\">Mientras en la econom\u00eda lineal, la que conocemos todos, compramos, usamos y tiramos los productos fabricados produciendo as\u00ed un mayor impacto en el medioambiente,<strong> en la econom\u00eda circular recuperamos, reciclamos, redise\u00f1amos, reducimos, reutilizamos, reparamos y renovamos<\/strong>. Este modelo permite por tanto extender la vida \u00fatil de los productos y dotarlos de una segunda vida.<\/p>\n<p class=\"article-text\">\u00bfY nosotros? \u00bfC\u00f3mo podemos pensar en circular? Este v\u00eddeo analiza las formas pr\u00e1cticas de aplicar la circularidad en nuestra vida diaria: reduciendo, reutilizando y reciclando. <\/p>\n<div class=\"c-header\">\n<div class=\"news-header\">\u00a0<\/div>\n<\/div>\n<div class=\"content-container col-12 col-lg-8\">\n<div class=\"c-content\">\n<div class=\"partner-wrapper article-page__body-row\">\n<div class=\"second-col\">\n<p><div class=\"jetpack-video-wrapper\"><iframe loading=\"lazy\" title=\"La econom\u00eda circular en 4 minutos - Pixtin\" width=\"640\" height=\"360\" src=\"https:\/\/www.youtube.com\/embed\/ZEgLWrMJd2M?feature=oembed\" frameborder=\"0\" allow=\"accelerometer; autoplay; clipboard-write; encrypted-media; gyroscope; picture-in-picture; web-share\" referrerpolicy=\"strict-origin-when-cross-origin\" allowfullscreen><\/iframe><\/div>\n<\/p>\n<\/div>\n<\/div>\n<\/div>\n<\/div>\n<\/div>\n<\/div>\n<\/div>\n<\/div>\n","protected":false},"excerpt":{"rendered":"<p>Lo que necesitas para adaptarte a un nuevo modelo econ\u00f3mico y social que te permita&#8230;<\/p>\n","protected":false},"author":1,"featured_media":43628,"comment_status":"closed","ping_status":"closed","sticky":false,"template":"","format":"standard","meta":{"_coblocks_attr":"","_coblocks_dimensions":"","_coblocks_responsive_height":"","_coblocks_accordion_ie_support":"","jetpack_post_was_ever_published":false,"_jetpack_newsletter_access":"","_jetpack_dont_email_post_to_subs":false,"_jetpack_newsletter_tier_id":0,"_jetpack_memberships_contains_paywalled_content":false,"_jetpack_memberships_contains_paid_content":false,"footnotes":"","jetpack_publicize_message":"","jetpack_publicize_feature_enabled":true,"jetpack_social_post_already_shared":false,"jetpack_social_options":{"image_generator_settings":{"template":"highway","default_image_id":0,"enabled":false},"version":2}},"categories":[7725,1161,44,6937,15],"tags":[6656,561,2691],"class_list":["post-43627","post","type-post","status-publish","format-standard","has-post-thumbnail","hentry","category-atarfe-sostenible","category-ciudadania","category-noticias-de-hoy","category-sociedad","category-ultimas-noticias","tag-economia-circular","tag-empresas","tag-personas"],"jetpack_publicize_connections":[],"jetpack_featured_media_url":"https:\/\/i0.wp.com\/miradordeatarfe.es\/wp-content\/uploads\/2020\/11\/1357340_1.jpg?fit=1200%2C645&ssl=1","jetpack_likes_enabled":true,"jetpack_sharing_enabled":true,"_links":{"self":[{"href":"https:\/\/miradordeatarfe.es\/index.php?rest_route=\/wp\/v2\/posts\/43627","targetHints":{"allow":["GET"]}}],"collection":[{"href":"https:\/\/miradordeatarfe.es\/index.php?rest_route=\/wp\/v2\/posts"}],"about":[{"href":"https:\/\/miradordeatarfe.es\/index.php?rest_route=\/wp\/v2\/types\/post"}],"author":[{"embeddable":true,"href":"https:\/\/miradordeatarfe.es\/index.php?rest_route=\/wp\/v2\/users\/1"}],"replies":[{"embeddable":true,"href":"https:\/\/miradordeatarfe.es\/index.php?rest_route=%2Fwp%2Fv2%2Fcomments&post=43627"}],"version-history":[{"count":1,"href":"https:\/\/miradordeatarfe.es\/index.php?rest_route=\/wp\/v2\/posts\/43627\/revisions"}],"predecessor-version":[{"id":43629,"href":"https:\/\/miradordeatarfe.es\/index.php?rest_route=\/wp\/v2\/posts\/43627\/revisions\/43629"}],"wp:featuredmedia":[{"embeddable":true,"href":"https:\/\/miradordeatarfe.es\/index.php?rest_route=\/wp\/v2\/media\/43628"}],"wp:attachment":[{"href":"https:\/\/miradordeatarfe.es\/index.php?rest_route=%2Fwp%2Fv2%2Fmedia&parent=43627"}],"wp:term":[{"taxonomy":"category","embeddable":true,"href":"https:\/\/miradordeatarfe.es\/index.php?rest_route=%2Fwp%2Fv2%2Fcategories&post=43627"},{"taxonomy":"post_tag","embeddable":true,"href":"https:\/\/miradordeatarfe.es\/index.php?rest_route=%2Fwp%2Fv2%2Ftags&post=43627"}],"curies":[{"name":"wp","href":"https:\/\/api.w.org\/{rel}","templated":true}]}}