{"id":43630,"date":"2020-12-02T11:51:27","date_gmt":"2020-12-02T10:51:27","guid":{"rendered":"http:\/\/miradordeatarfe.es\/?p=43630"},"modified":"2020-11-30T17:57:45","modified_gmt":"2020-11-30T16:57:45","slug":"brotes-verdes-o-espejismo-atletico","status":"publish","type":"post","link":"https:\/\/miradordeatarfe.es\/?p=43630","title":{"rendered":"\u201cBROTES VERDES\u201d O ESPEJISMO ATL\u00c9TICO.-por Manuel Jim\u00e9nez"},"content":{"rendered":"<h3 align=\"JUSTIFY\"><span style=\"font-family: Tahoma, serif;\">Si bien esta temporada se est\u00e1 caracterizando por la cancelaci\u00f3n de eventos atl\u00e9ticos se comienzan a ver brotes verdes con la celebraci\u00f3n de algunas contadas excepciones si bien la mayor\u00eda de ellas son de car\u00e1cter federado y apenas se disputan pruebas populares y las que se atreven lo son con grandes limitaciones de aforo. <\/span><\/h3>\n<p align=\"JUSTIFY\"><span style=\"font-family: Tahoma, serif;\">As\u00ed este fin de semana se ha conseguido celebrar el evento tur\u00edstico-deportivo 3 D\u00cdAS TRAIL DE IBIZA 2020, completo programa de carreras por monta\u00f1a que se inicia el viernes d\u00eda 27 con la Carrera Nocturna sobre una distancia de 10 kms en el municipio de Sant Josep, el grueso de las competiciones se desarrolla durante la ma\u00f1ana del s\u00e1bado comenzando a las 7 de la ma\u00f1ana con la ultra sobre xxx kms, desde las 11 de la ma\u00f1ana se disputa el marat\u00f3n y a partir de las 12 la media marat\u00f3n. El colof\u00f3n se ha tenido en la ma\u00f1ana del domingo con la celebraci\u00f3n de un 10 k. <\/span><\/p>\n<p align=\"JUSTIFY\"><span style=\"font-family: Tahoma, serif;\">La limitaci\u00f3n de participantes se cifra en 150 corredores el viernes y domingo y 150 por prueba el s\u00e1bado. <\/span><\/p>\n<p align=\"JUSTIFY\"><span style=\"font-family: Tahoma, serif;\">Precisamente en Ibiza se va a disputar el pr\u00f3ximo d\u00eda 13 de diciembre el Campeonato de Espa\u00f1a de Carreras por Monta\u00f1a de la RFEA en la localidad de Sant Josep para el que ha sido seleccionado en la categor\u00eda Sub 20 el atarfe\u00f1o Manuel Jim\u00e9nez L\u00f3pez por ser el actual campe\u00f3n de Andalucia de cross. Veremos como se adapta Manu a las especiales caracter\u00edsticas de correr por monta\u00f1a pues su experiencia en la especialidad es nula.<\/span><\/p>\n<p align=\"JUSTIFY\"><span style=\"font-family: Tahoma, serif;\"><a href=\"https:\/\/i0.wp.com\/miradordeatarfe.es\/wp-content\/uploads\/2020\/11\/media-delhi-femenino-scaled.jpg?ssl=1\"><img data-recalc-dims=\"1\" loading=\"lazy\" decoding=\"async\" class=\"wp-image-43631 size-large alignleft\" src=\"https:\/\/i0.wp.com\/miradordeatarfe.es\/wp-content\/uploads\/2020\/11\/media-delhi-femenino.jpg?resize=618%2C412&#038;ssl=1\" alt=\"\" width=\"618\" height=\"412\" srcset=\"https:\/\/i0.wp.com\/miradordeatarfe.es\/wp-content\/uploads\/2020\/11\/media-delhi-femenino-scaled.jpg?resize=1024%2C682&amp;ssl=1 1024w, https:\/\/i0.wp.com\/miradordeatarfe.es\/wp-content\/uploads\/2020\/11\/media-delhi-femenino-scaled.jpg?resize=300%2C200&amp;ssl=1 300w, https:\/\/i0.wp.com\/miradordeatarfe.es\/wp-content\/uploads\/2020\/11\/media-delhi-femenino-scaled.jpg?resize=768%2C512&amp;ssl=1 768w, https:\/\/i0.wp.com\/miradordeatarfe.es\/wp-content\/uploads\/2020\/11\/media-delhi-femenino-scaled.jpg?resize=1536%2C1024&amp;ssl=1 1536w, https:\/\/i0.wp.com\/miradordeatarfe.es\/wp-content\/uploads\/2020\/11\/media-delhi-femenino-scaled.jpg?resize=2048%2C1365&amp;ssl=1 2048w, https:\/\/i0.wp.com\/miradordeatarfe.es\/wp-content\/uploads\/2020\/11\/media-delhi-femenino-scaled.jpg?resize=1320%2C880&amp;ssl=1 1320w, https:\/\/i0.wp.com\/miradordeatarfe.es\/wp-content\/uploads\/2020\/11\/media-delhi-femenino-scaled.jpg?w=1920&amp;ssl=1 1920w\" sizes=\"auto, (max-width: 618px) 100vw, 618px\" \/><\/a>Buceando por el territorio nacional comprobamos que en algunas autonom\u00edas se apuesta por disputar determinadas pruebas con estrictos protocolos sanitarios. As\u00ed en Navarra se ha celebrado este domingo el Campeonato de Navarra de 5k, disputado en el circuito de motos de Los Arcos ha sido ganado por Iker Digest en 15.09 y Alicia Carrera con 17.41. La prueba se ha disputado en dos series en categor\u00eda masculina con 50 participantes en cada una de ellas y una serie de 30 participantes en la femenina. Adem\u00e1s ha habido otra serie para populares que ha contado con otros 40 corredores. <\/span><\/p>\n<p align=\"JUSTIFY\"><span style=\"font-family: Tahoma, serif;\">En Extremadura se ha disputado una competici\u00f3n de Campo a Trav\u00e9s desde la categor\u00eda Sub 14 a Master con participaciones de hasta 55 corredores en algunas de las pruebas. Las carreras se han celebrado en Torrejoncillo y es la primera etapa del Circuito de Cross que mantendr\u00e1 en activo a los atletas hasta la primavera.<\/span><\/p>\n<p align=\"JUSTIFY\"><span style=\"font-family: Tahoma, serif;\">A nivel internacional ha llamado la atenci\u00f3n el debut en \u201cpista\u201d en prueba de ultrarresistencia del mejor corredor mundial de la historia en carreras de monta\u00f1a, Kilian Jornet, que se atrevi\u00f3 con intentar batir el record mundial de las 24 horas en poder del griego<\/span><span style=\"color: #202124; font-family: tahoma, arial, helvetica, sans-serif; font-size: 12pt;\">Yiannis Kouros, que en el Adelaide <\/span><span style=\"font-family: tahoma, arial, helvetica, sans-serif; font-size: 12pt;\"><span style=\"color: #202124;\"><b>24-hour<\/b><\/span><span style=\"color: #202124;\"> run de 1997 complet\u00f3 303,506 kil\u00f3metros, a una media de 12,646 km\/<\/span><span style=\"color: #202124;\"><b>h<\/b><\/span><\/span><span style=\"font-family: Tahoma, serif;\"><span style=\"font-family: tahoma, arial, helvetica, sans-serif; font-size: 12pt;\">.<\/span> El envite dur\u00f3 10 h y media cuando el bueno de Jornet opt\u00f3 por la retirada tras notar dos pinchazos en el pecho y un mareo. Llevaba acumulado 134 kms con cierto retraso sobre la media del record mundial. No obstante hay que poner en valor el intento de Kilian saliendo de su zona de confort y seguro que en breve consigue en la pista similares proezas a las alcanzadas en las cumbres. <\/span><\/p>\n<p align=\"JUSTIFY\"><a name=\"Bookmark\"><\/a><span style=\"font-family: Tahoma, serif;\">Destacar tambi\u00e9n la disputa del medio marat\u00f3n de Nueva Delhi circunscrito a prueba \u00e9lite con algunos de los mejores rutistas del mundo y que se ha saldado con grandes registros a pesar de las p\u00e9simas condiciones ambientales por la alta poluci\u00f3n de la capital hind\u00fa. <\/span>Amedework Walelegn y Yalemzerf Yehualaw, ambos et\u00edopes, se hicieron con sendos triunfos con cronos respectivos de 58:53 y 1.04:46 que han supuesto nuevos records de la prueba.<\/p>\n","protected":false},"excerpt":{"rendered":"<p>Si bien esta temporada se est\u00e1 caracterizando por la cancelaci\u00f3n de eventos atl\u00e9ticos se comienzan&#8230;<\/p>\n","protected":false},"author":1,"featured_media":43632,"comment_status":"closed","ping_status":"closed","sticky":false,"template":"","format":"standard","meta":{"_coblocks_attr":"","_coblocks_dimensions":"","_coblocks_responsive_height":"","_coblocks_accordion_ie_support":"","jetpack_post_was_ever_published":false,"_jetpack_newsletter_access":"","_jetpack_dont_email_post_to_subs":false,"_jetpack_newsletter_tier_id":0,"_jetpack_memberships_contains_paywalled_content":false,"_jetpack_memberships_contains_paid_content":false,"footnotes":"","jetpack_publicize_message":"","jetpack_publicize_feature_enabled":true,"jetpack_social_post_already_shared":false,"jetpack_social_options":{"image_generator_settings":{"template":"highway","default_image_id":0,"enabled":false},"version":2}},"categories":[7149,182,6915,44,15],"tags":[],"class_list":["post-43630","post","type-post","status-publish","format-standard","has-post-thumbnail","hentry","category-coronavirus","category-deportes","category-opinion-de-manuel-jimenez","category-noticias-de-hoy","category-ultimas-noticias"],"jetpack_publicize_connections":[],"jetpack_featured_media_url":"https:\/\/i0.wp.com\/miradordeatarfe.es\/wp-content\/uploads\/2020\/11\/jornet-24-h.jpg?fit=660%2C371&ssl=1","jetpack_likes_enabled":true,"jetpack_sharing_enabled":true,"_links":{"self":[{"href":"https:\/\/miradordeatarfe.es\/index.php?rest_route=\/wp\/v2\/posts\/43630","targetHints":{"allow":["GET"]}}],"collection":[{"href":"https:\/\/miradordeatarfe.es\/index.php?rest_route=\/wp\/v2\/posts"}],"about":[{"href":"https:\/\/miradordeatarfe.es\/index.php?rest_route=\/wp\/v2\/types\/post"}],"author":[{"embeddable":true,"href":"https:\/\/miradordeatarfe.es\/index.php?rest_route=\/wp\/v2\/users\/1"}],"replies":[{"embeddable":true,"href":"https:\/\/miradordeatarfe.es\/index.php?rest_route=%2Fwp%2Fv2%2Fcomments&post=43630"}],"version-history":[{"count":2,"href":"https:\/\/miradordeatarfe.es\/index.php?rest_route=\/wp\/v2\/posts\/43630\/revisions"}],"predecessor-version":[{"id":43634,"href":"https:\/\/miradordeatarfe.es\/index.php?rest_route=\/wp\/v2\/posts\/43630\/revisions\/43634"}],"wp:featuredmedia":[{"embeddable":true,"href":"https:\/\/miradordeatarfe.es\/index.php?rest_route=\/wp\/v2\/media\/43632"}],"wp:attachment":[{"href":"https:\/\/miradordeatarfe.es\/index.php?rest_route=%2Fwp%2Fv2%2Fmedia&parent=43630"}],"wp:term":[{"taxonomy":"category","embeddable":true,"href":"https:\/\/miradordeatarfe.es\/index.php?rest_route=%2Fwp%2Fv2%2Fcategories&post=43630"},{"taxonomy":"post_tag","embeddable":true,"href":"https:\/\/miradordeatarfe.es\/index.php?rest_route=%2Fwp%2Fv2%2Ftags&post=43630"}],"curies":[{"name":"wp","href":"https:\/\/api.w.org\/{rel}","templated":true}]}}