{"id":43643,"date":"2020-12-02T08:11:16","date_gmt":"2020-12-02T07:11:16","guid":{"rendered":"http:\/\/miradordeatarfe.es\/?p=43643"},"modified":"2020-11-30T21:25:32","modified_gmt":"2020-11-30T20:25:32","slug":"mas-de-355-000-autonomos-reciben-este-lunes-la-prestacion-de-la-seguridad-social","status":"publish","type":"post","link":"https:\/\/miradordeatarfe.es\/?p=43643","title":{"rendered":"M\u00e1s de 355.000 aut\u00f3nomos reciben este lunes la prestaci\u00f3n de la Seguridad Social"},"content":{"rendered":"<h2 class=\"single-subtitle\">La ayuda por cese compatible con la actividad beneficia a 238.254 aut\u00f3nomos y la ayuda sin periodo de carencia, a 49.031<\/h2>\n<p>La Seguridad Social ha abonado este lunes 289,73 millones de euros a 355.364 trabajadores aut\u00f3nomos a los que les ha sido reconocida alguna de las prestaciones puestas en marcha para paliar la situaci\u00f3n de este colectivo como consecuencia de la pandemia de la COVID-19.<\/p>\n<div class=\"code-block code-block-70b1b7fc60ecf882f79eef3c3eb82c3d code-block-76 ai-viewport-1 ai-viewport-2\"><ins id=\"revive-0-4\" data-revive-zoneid=\"48\" data-revive-id=\"3675e576db6d1cc6cb6554b6e5954dc7\" data-revive-seq=\"4\" data-revive-loaded=\"1\"><\/p>\n<div id=\"beacon_cb269a1cee\"><img loading=\"lazy\" decoding=\"async\" src=\"https:\/\/granadadigitaladserver.granadadigital.es\/www\/delivery\/lg.php?bannerid=0&amp;campaignid=0&amp;zoneid=48&amp;loc=https%3A%2F%2Fwww.granadadigital.es%2Fmas-355000-autonomos-reciben-lunes-prestacion-seguridad-social%2F&amp;cb=cb269a1cee\" alt=\"\" width=\"0\" height=\"0\" \/>En concreto, en estas cantidades se incluyen los beneficiarios de la prestaci\u00f3n de cese para aquellos aut\u00f3nomos que se han visto obligados a suspender su actividad de forma temporal por resoluci\u00f3n administrativa relacionada con el control de la pandemia, la prestaci\u00f3n compatible con la actividad, la prestaci\u00f3n extraordinaria por bajos ingresos (sin periodo de carencia) y las ayudas para aut\u00f3nomos de temporada, adem\u00e1s de las prestaciones extraordinarias cuyo periodo de solicitud ya finaliz\u00f3.<\/div>\n<p><\/ins><\/div>\n<p>Por tipo de prestaci\u00f3n, 65.751 trabajadores aut\u00f3nomos recibir\u00e1n este viernes la ayuda para aut\u00f3nomos afectados por una suspensi\u00f3n temporal de toda la actividad a causa de resoluci\u00f3n de la autoridad competente que se incluy\u00f3 en el Real Decreto-ley 30\/2020, de 29 de septiembre. A sufragarla se destinan 27 millones de euros.<\/p>\n<p>Esta prestaci\u00f3n form\u00f3 parte del acuerdo al que se lleg\u00f3 con las asociaciones de aut\u00f3nomos a finales de septiembre y en el que tambi\u00e9n se acord\u00f3 la extensi\u00f3n y ampliaci\u00f3n hasta el 31 de enero de 2021 de las ayudas a los trabajadores aut\u00f3nomos.<\/p>\n<div class=\"code-block code-block-70b1b7fc60ecf882f79eef3c3eb82c3d code-block-48 ai-viewport-1 ai-viewport-2\"><ins id=\"revive-0-10\" data-revive-zoneid=\"107\" data-revive-id=\"3675e576db6d1cc6cb6554b6e5954dc7\" data-revive-seq=\"10\" data-revive-loaded=\"1\"><\/p>\n<div id=\"beacon_acdf97fb38\"><img loading=\"lazy\" decoding=\"async\" src=\"https:\/\/granadadigitaladserver.granadadigital.es\/www\/delivery\/lg.php?bannerid=0&amp;campaignid=0&amp;zoneid=107&amp;loc=https%3A%2F%2Fwww.granadadigital.es%2Fmas-355000-autonomos-reciben-lunes-prestacion-seguridad-social%2F&amp;cb=acdf97fb38\" alt=\"\" width=\"0\" height=\"0\" \/>Para acceder a la prestaci\u00f3n por suspensi\u00f3n temporal obligada por resoluci\u00f3n administrativa hay que estar afiliado\/a y en alta en el R\u00e9gimen Especial de la seguridad Social de los Trabajadores por Cuenta propia o Aut\u00f3nomos (RETA) o, en su caso, en el R\u00e9gimen Especial de la Seguridad Social de los Trabajadores del Mar, al menos 30 d\u00edas naturales antes de la fecha de la resoluci\u00f3n. Adem\u00e1s, hay que estar al corriente de pago de las cuotas.<\/div>\n<p><\/ins><\/div>\n<div class=\"code-block code-block-70b1b7fc60ecf882f79eef3c3eb82c3d code-block-7 ai-viewport-1 ai-viewport-2 ai-viewport-3\"><ins id=\"revive-0-12\" data-revive-zoneid=\"86\" data-revive-id=\"3675e576db6d1cc6cb6554b6e5954dc7\" data-revive-seq=\"12\" data-revive-loaded=\"1\"><\/p>\n<div id=\"beacon_7fa99deb5b\"><img loading=\"lazy\" decoding=\"async\" src=\"https:\/\/granadadigitaladserver.granadadigital.es\/www\/delivery\/lg.php?bannerid=0&amp;campaignid=0&amp;zoneid=86&amp;loc=https%3A%2F%2Fwww.granadadigital.es%2Fmas-355000-autonomos-reciben-lunes-prestacion-seguridad-social%2F&amp;cb=7fa99deb5b\" alt=\"\" width=\"0\" height=\"0\" \/><\/div>\n<p><\/ins><\/div>\n<p>La cuant\u00eda de la prestaci\u00f3n es del 50% de la base m\u00ednima de cotizaci\u00f3n que corresponda por la actividad desarrollada, cantidad que se incrementa un 20% si el aut\u00f3nomo\/a es miembro de una familia numerosa. El trabajador quedar\u00e1 exonerado de pagar las cuotas a la Seguridad Social, pero ese periodo le contar\u00e1 como periodo cotizado. La exoneraci\u00f3n de cuotas se extender\u00e1 hasta el \u00faltimo d\u00eda del mes siguiente al que se levante dicha medida.<\/p>\n<h3>Compatible con la actividad<\/h3>\n<p>La n\u00f3mina de la prestaci\u00f3n para aut\u00f3nomos compatible con la actividad asciende a 236,752 millones de euros, correspondientes a las ayudas de 238.254 beneficiarios.<\/p>\n<p>Esta prestaci\u00f3n asciende al 70% de la base reguladora, es decir, un m\u00ednimo de 661 euros, e incluye el abono de la cuota por contingencias comunes, que se devuelve al trabajador. De este modo, esta n\u00f3mina incluye tanto el importe de las prestaciones como el de las cotizaciones por contingencias comunes que les hubiera correspondido ingresar.<\/p>\n<p>La prestaci\u00f3n compatible con la actividad tambi\u00e9n se puso en marcha tras el consenso con las principales asociaciones de aut\u00f3nomos logrado en junio y se ha prorrogado en el \u00faltimo acuerdo. Tiene, entre otros requisitos, la acreditaci\u00f3n de una reducci\u00f3n de la facturaci\u00f3n del 75% en el cuarto trimestre de 2020 respecto al mismo periodo de un a\u00f1o antes. Para acceder a ella, los beneficiarios no necesitan esperar al final del trimestre, sino que pueden solicitar esta prestaci\u00f3n cuando cumplan los requisitos y, despu\u00e9s, acreditarlos documentalmente una vez finalice el trimestre.<\/p>\n<p>Adem\u00e1s, para cubrir a aquellos trabajadores que no cumplen los requisitos para acceder a la prestaci\u00f3n compatible con la actividad, por ejemplo, por tener una tarifa plana o no haber cotizado durante los \u00faltimos doce meses, se cre\u00f3 una ayuda sin periodo de carencia que ha beneficiado en esta n\u00f3mina a 49.031 trabajadores y a la que se han destinado 23,65 millones de euros.<\/p>\n<h3>Trabajadores de temporada<\/h3>\n<p>Por otro lado, tambi\u00e9n dentro del consenso con las asociaciones de aut\u00f3nomos, se activ\u00f3 una prestaci\u00f3n espec\u00edfica para trabajadores por cuenta propia de temporada que se renov\u00f3 en el Real Decreto-ley 30\/2020. La Seguridad Social ha destinado por este concepto 455.929 euros a 713 trabajadores aut\u00f3nomos en esta n\u00f3mina.<\/p>\n<p>Finalmente, se han abonado prestaciones extintas a 1.615 trabajadores aut\u00f3nomos, a lo que se dedican 1,87 millones de euros.<\/p>\n<p>https:\/\/www.granadadigital.es\/mas-355000-autonomos-reciben-lunes-prestacion-seguridad-social\/<\/p>\n<p>&nbsp;<\/p>\n","protected":false},"excerpt":{"rendered":"<p>La ayuda por cese compatible con la actividad beneficia a 238.254 aut\u00f3nomos y la ayuda&#8230;<\/p>\n","protected":false},"author":1,"featured_media":43644,"comment_status":"closed","ping_status":"closed","sticky":false,"template":"","format":"standard","meta":{"_coblocks_attr":"","_coblocks_dimensions":"","_coblocks_responsive_height":"","_coblocks_accordion_ie_support":"","jetpack_post_was_ever_published":false,"_jetpack_newsletter_access":"","_jetpack_dont_email_post_to_subs":false,"_jetpack_newsletter_tier_id":0,"_jetpack_memberships_contains_paywalled_content":false,"_jetpack_memberships_contains_paid_content":false,"footnotes":"","jetpack_publicize_message":"","jetpack_publicize_feature_enabled":true,"jetpack_social_post_already_shared":false,"jetpack_social_options":{"image_generator_settings":{"template":"highway","default_image_id":0,"enabled":false},"version":2}},"categories":[1161,7149,44,15],"tags":[266,1772],"class_list":["post-43643","post","type-post","status-publish","format-standard","has-post-thumbnail","hentry","category-ciudadania","category-coronavirus","category-noticias-de-hoy","category-ultimas-noticias","tag-autonomos","tag-seguridad-social"],"jetpack_publicize_connections":[],"jetpack_featured_media_url":"https:\/\/i0.wp.com\/miradordeatarfe.es\/wp-content\/uploads\/2020\/11\/Oficinas-de-empleo-paro-inem-11-de-361.jpg?fit=1200%2C795&ssl=1","jetpack_likes_enabled":true,"jetpack_sharing_enabled":true,"_links":{"self":[{"href":"https:\/\/miradordeatarfe.es\/index.php?rest_route=\/wp\/v2\/posts\/43643","targetHints":{"allow":["GET"]}}],"collection":[{"href":"https:\/\/miradordeatarfe.es\/index.php?rest_route=\/wp\/v2\/posts"}],"about":[{"href":"https:\/\/miradordeatarfe.es\/index.php?rest_route=\/wp\/v2\/types\/post"}],"author":[{"embeddable":true,"href":"https:\/\/miradordeatarfe.es\/index.php?rest_route=\/wp\/v2\/users\/1"}],"replies":[{"embeddable":true,"href":"https:\/\/miradordeatarfe.es\/index.php?rest_route=%2Fwp%2Fv2%2Fcomments&post=43643"}],"version-history":[{"count":1,"href":"https:\/\/miradordeatarfe.es\/index.php?rest_route=\/wp\/v2\/posts\/43643\/revisions"}],"predecessor-version":[{"id":43645,"href":"https:\/\/miradordeatarfe.es\/index.php?rest_route=\/wp\/v2\/posts\/43643\/revisions\/43645"}],"wp:featuredmedia":[{"embeddable":true,"href":"https:\/\/miradordeatarfe.es\/index.php?rest_route=\/wp\/v2\/media\/43644"}],"wp:attachment":[{"href":"https:\/\/miradordeatarfe.es\/index.php?rest_route=%2Fwp%2Fv2%2Fmedia&parent=43643"}],"wp:term":[{"taxonomy":"category","embeddable":true,"href":"https:\/\/miradordeatarfe.es\/index.php?rest_route=%2Fwp%2Fv2%2Fcategories&post=43643"},{"taxonomy":"post_tag","embeddable":true,"href":"https:\/\/miradordeatarfe.es\/index.php?rest_route=%2Fwp%2Fv2%2Ftags&post=43643"}],"curies":[{"name":"wp","href":"https:\/\/api.w.org\/{rel}","templated":true}]}}