{"id":43655,"date":"2020-12-04T10:16:29","date_gmt":"2020-12-04T09:16:29","guid":{"rendered":"http:\/\/miradordeatarfe.es\/?p=43655"},"modified":"2020-12-01T19:19:18","modified_gmt":"2020-12-01T18:19:18","slug":"mariluz-escribano-una-escritora-imprescindible","status":"publish","type":"post","link":"https:\/\/miradordeatarfe.es\/?p=43655","title":{"rendered":"Mariluz Escribano, una escritora imprescindible"},"content":{"rendered":"<h2>Con ocasi\u00f3n de su designaci\u00f3n como Autora Cl\u00e1sica del A\u00f1o en Andaluc\u00eda para 2021, poetas y estudiosos hablan de su obra y su legado<\/h2>\n<p style=\"text-align: justify;\">La escritora granadina <strong>Mariluz Escribano Pueo<\/strong> (1935-2019) ser\u00e1 la Autora Cl\u00e1sica del A\u00f1o en Andaluc\u00eda, seg\u00fan ha comunicado la Consejer\u00eda de Cultura de la Junta a trav\u00e9s del Centro Andaluz de las Letras. Ello significa que durante el pr\u00f3ximo 2021<strong> ser\u00e1 protagonista de un buen n\u00famero de actividades culturales en toda la comunidad,<\/strong> incluyendo exposiciones, ciclos de conferencias, monograf\u00edas y reediciones. En definitiva, se recordar\u00e1 al p\u00fablico lector andaluz la importancia de la obra de la autora, d\u00e1ndola a conocer y acerc\u00e1ndola a todos los p\u00fablicos. Autores como Ricardo Molina, Fernando Qui\u00f1ones o Carmen de Burgos han tenido esta condici\u00f3n en los \u00faltimos a\u00f1os.<\/p>\n<p style=\"text-align: justify;\">Seg\u00fan el comunicado de la Consejer\u00eda, de la escritora se destaca \u00ab<strong>su talento, la multiplicidad de actividades que ha desarrollado y su modo de estar en el mundo<\/strong>. Si hay algo que la ha caracterizado ha sido su radical compromiso con el ser humano, ya sea en su faceta como docente, como columnista de prensa, como activista cultural, como l\u00edder ciudadana de una Granada sin br\u00fajula o como escritora polifac\u00e9tica\u00bb.<\/p>\n<p style=\"text-align: justify;\">La distinci\u00f3n llega para la granadina de forma justa, aunque p\u00f3stuma. <strong>Escribano representa multitud de valores, no solo literarios,<\/strong> sino de actitud ante la vida y de defensa de las causas justas. Dotada de una profunda sensibilidad, quiso ser siempre una poeta no de concili\u00e1bulos, sino de consenso; no de abrir heridas, sino de cerrarlas; no de dividir, sino de unir en torno a iniciativas que preservaran la historia y el patrimonio de la ciudad. Su padre, Agust\u00edn Escribano, dirigi\u00f3 la Escuela Normal, donde se form\u00f3 a los maestros granadinos durante medio siglo, y fue fusilado junto a las tapias del cementerio de Granada en los primeros meses de la guerra civil. Ella misma, junto con su madre, sufri\u00f3 un destierro del que volvi\u00f3 con un amor a Granada acrecentado.<\/p>\n<p style=\"text-align: justify;\"><strong>La escritora ejerci\u00f3 como columnista de IDEAL durante varias d\u00e9cadas<\/strong>, destacando en sus art\u00edculos un esp\u00edritu combativo pero respetuoso con la opini\u00f3n del que disent\u00eda de sus postulados y, al mismo tiempo, como observadora minuciosa del entorno, del paisaje y del paisanaje. A su capacidad combativa y su eficacia al concitar voluntades se le deben, entre otros logros, el que Granada conserve el Carmen de los M\u00e1rtires, que iba a convertirse en hotel de lujo. Tambi\u00e9n fue la referencia de toda una generaci\u00f3n de profesores de Literatura, merced a su responsabilidad como catedr\u00e1tica en la Universidad de Granada.<\/p>\n<p style=\"text-align: justify;\"><strong>Entre sus obras m\u00e1s destacadas se encuentran<\/strong> &#8216;Desde un mar de silencio&#8217; (1993), &#8216;Umbrales de oto\u00f1o&#8217; (2013), &#8216;El coraz\u00f3n de la gacela&#8217; (2015), la antolog\u00eda personal &#8216;Azul melancol\u00eda&#8217; (2016) o su \u00faltimo volumen, &#8216;Geograf\u00eda de la memoria&#8217; (2018). Entre sus obras de narrativa est\u00e1 &#8216;Di\u00e1logos en Granada&#8217; (1995), &#8216;Cartas de Praga&#8217; (1999), o su volumen de cuentos &#8216;Los caballos ciegos&#8217; (2008). Entra\u00f1able resulta la descripci\u00f3n de su infancia en &#8216;Sopas de ajo&#8217; (2001).<\/p>\n<p style=\"text-align: justify;\">La profesora de la UGR y responsable del legado literario de Mariluz Escribano, Remedios S\u00e1nchez, destaca que con esta distinci\u00f3n \u00abAndaluc\u00eda reconoce, gracias a este gesto de la Consejer\u00eda de Cultura,<strong> el valor inmenso de la poeta de la memoria y de la concordia civil, <\/strong>una autora que desde su cercan\u00eda y su compromiso con Granada supo construir una obra universalista desde su absoluta independencia. Por fin, con este nombramiento, vamos a trabajar con m\u00e1s fuerza para incorporar al canon escolar a una de las grandes voces silenciadas de este pa\u00eds, una escritora esencial, y eso es fundamental para construir la verdadera Literatura\u00bb.<\/p>\n<p style=\"text-align: justify;\"><strong>Fernando Valverde, poeta granadino y profesor en la Universidad de Virginia (EEUU),<\/strong> es uno de los grandes conocedores de la obra de la escritora granadina. Al hilo de esta distinci\u00f3n, afirma que \u00abGranada est\u00e1 hu\u00e9rfana de paz. La marcha de Mariluz la dej\u00f3 vac\u00eda, como una muchedumbre que camina sin saber el sentido de sus pasos. Puedo decir orgulloso que ella fue mi amiga. Puedo decirlo con orgullo y sin vanidad porque en las tardes que pas\u00e1bamos juntos en su casa lo que hac\u00eda era aconsejarme, limpiarme de mi pena, ense\u00f1arme que el odio no s\u00f3lo te hace da\u00f1o sino tambi\u00e9n peor\u00bb.<\/p>\n<h3 style=\"text-align: justify;\">Referente<\/h3>\n<p style=\"text-align: justify;\">Y a\u00f1ade: \u00ab<strong>Mariluz Escribano, maestra de maestros, es un referente moral para cualquiera que crea en la paz y en la reconciliaci\u00f3n<\/strong>. Su amor por Granada, la ciudad que asesin\u00f3 a su padre, es la prueba de su inmensa capacidad de perd\u00f3n. Es nuestra Antonio Machado. Hay dos cosas que te marcan de forma decisiva toda la vida: el lugar donde naces y el sexo con el que llegas al mundo. Esas son las razones por las que no pudo crear su obra al completo. Esas son las razones por las que no se la escuchaba, por las que se la discrimin\u00f3\u00bb.<\/p>\n<p style=\"text-align: justify;\">Valverde destaca que \u00abes de sabios corregir errores. <strong>Andaluc\u00eda, con este reconocimiento a Mariluz, corrige un da\u00f1o hist\u00f3rico<\/strong>\u00bb. Y comenta que \u00aben alg\u00fan lugar, ella y Machado celebran que brindemos por la poes\u00eda y por la igualdad en la tierra de Federico. Gracias, Mariluz, por tu poes\u00eda, por tu ejemplo, por abrir puertas a miles de j\u00f3venes que fueron tus estudiantes, por ense\u00f1arles que pod\u00edan lograr cualquier cosa que se propusieran y que no, que no \u00edbamos a detenernos hasta lograr ser iguales\u00bb.<\/p>\n<p style=\"text-align: justify;\">La poeta Trinidad Gan afirma que \u00abrepasando el otro d\u00eda fotos en mi ordenador, encontr\u00e9 algunas de la Feria del Libro en que le\u00edmos juntas, y me gust\u00f3 mucho compartir espacio con ella.<strong> Es de esas autoras que tard\u00e9 en conocer, pero cuando lo hice descubr\u00ed una persona, m\u00e1s all\u00e1 de la escritora, de gran calidad humana.<\/strong> La guerra, los a\u00f1os oscuros, fueron para ella un catalizador de alegr\u00eda. Su poes\u00eda tiene la hondura de la nostalgia y el brillo del amor a las cosas peque\u00f1as: la naturaleza, los p\u00e1jaros, la familia, los libros&#8230; Me alegra mucho esta distinci\u00f3n, porque su obra as\u00ed llegar\u00e1 a lectores j\u00f3venes, que podr\u00e1n conocer una obra que es puente entre nuestra historia y el futuro\u00bb. A\u00f1ade que, \u00aben una etapa en que es preciso reivindicar el valor de los mayores, es necesario volver la vista al magisterio de personas como Mariluz. Y para m\u00ed, es igualmente clave el hecho de que sea una mujer que siempre nos defendi\u00f3 y volc\u00f3 en su poes\u00eda muchos de nuestros anhelos\u00bb.<\/p>\n<p style=\"text-align: justify;\">Para \u00c1ngeles Mora, Premio Nacional de Poes\u00eda, \u00ab<strong>la obra de Mariluz Escribano tiene el valor del compromiso y la \u00e9tica.<\/strong> Su postura con respecto a la vida fue muy valiente. No dej\u00f3 ning\u00fan tema importante en el tintero, por doloroso que fuera. La suya es una poes\u00eda que, desde el horror vivido en su infancia, supo construir un discurso en el que brill\u00f3, sobre todo, la verdad\u00bb. Y a\u00f1ade: \u00abTenemos en com\u00fan el hecho de ser poetas de lo cotidiano. Siempre la vi como una autora valiosa, no reconocida suficientemente en su momento, como tantas mujeres que tuvimos que luchar por ser escuchadas en un panorama literario donde la igualdad no exist\u00eda\u00bb, por lo que ahora, afirma, \u00abes muy importante esta distinci\u00f3n, que ayudar\u00e1 a que su obra se difunda entre las nuevas generaciones de lectores\u00bb.<\/p>\n<p style=\"text-align: justify;\">Amelina Correa, catedr\u00e1tica de Literatura de la Universidad de Granada, ha sido una de las investigadoras que <strong>abrieron los ojos del p\u00fablico para descubrir a un buen n\u00famero de autoras no suficientemente reconocidas<\/strong>, entre ellas a Escribano. Comenta que \u00abmi primer e imborrable recuerdo fue el de su nombre: sus padres fueron profesores de mis abuelos en la Escuela Normal de Magisterio, y ellos siempre los evocaban con afecto y admiraci\u00f3n. Y de hecho, de entre la amplia y rica obra literaria de esta autora granadina que por fin alcanzar\u00e1 ahora proyecci\u00f3n gracias a su nombramiento como Autora Cl\u00e1sica del A\u00f1o por parte del Centro Andaluz de las Letras, <strong>sin duda mi favorita es su prosa,<\/strong> tan l\u00edrica y emocionante. Es el caso de &#8216;Paseo con mi padre&#8217;. Una vez que se lee, ya no se olvida\u00bb.<\/p>\n<p>&nbsp;<\/p>\n<p><span class=\"voc-photo-caption\">FOTO:La poeta granadina Mariluz Escribano, Autora Cl\u00e1sica del A\u00f1o 2021. \/ <\/span><span class=\"voc-photo-author\">RAM\u00d3N L. P\u00c9REZ<\/span><\/p>\n<p>https:\/\/www.ideal.es\/culturas\/mariluz-escribano-escritora-20201126213705-nt.html?fbclid=IwAR2cUJRDz9YaLEfoD4nAsq-pxgxKbOmdCOd2cML8sqlt1oh8BWSf5RuthWs<\/p>\n","protected":false},"excerpt":{"rendered":"<p>Con ocasi\u00f3n de su designaci\u00f3n como Autora Cl\u00e1sica del A\u00f1o en Andaluc\u00eda para 2021, poetas&#8230;<\/p>\n","protected":false},"author":1,"featured_media":43656,"comment_status":"closed","ping_status":"closed","sticky":false,"template":"","format":"standard","meta":{"_coblocks_attr":"","_coblocks_dimensions":"","_coblocks_responsive_height":"","_coblocks_accordion_ie_support":"","jetpack_post_was_ever_published":false,"_jetpack_newsletter_access":"","_jetpack_dont_email_post_to_subs":false,"_jetpack_newsletter_tier_id":0,"_jetpack_memberships_contains_paywalled_content":false,"_jetpack_memberships_contains_paid_content":false,"footnotes":"","jetpack_publicize_message":"","jetpack_publicize_feature_enabled":true,"jetpack_social_post_already_shared":false,"jetpack_social_options":{"image_generator_settings":{"template":"highway","default_image_id":0,"enabled":false},"version":2}},"categories":[1161,14,44,6937,15],"tags":[7275,1586],"class_list":["post-43655","post","type-post","status-publish","format-standard","has-post-thumbnail","hentry","category-ciudadania","category-feminismo","category-noticias-de-hoy","category-sociedad","category-ultimas-noticias","tag-mari-luz-escribano","tag-poeta"],"jetpack_publicize_connections":[],"jetpack_featured_media_url":"https:\/\/i0.wp.com\/miradordeatarfe.es\/wp-content\/uploads\/2020\/12\/MARILUZRAMON-khqF-U120877140730ncG-624x385%40Ideal.jpg?fit=624%2C385&ssl=1","jetpack_likes_enabled":true,"jetpack_sharing_enabled":true,"_links":{"self":[{"href":"https:\/\/miradordeatarfe.es\/index.php?rest_route=\/wp\/v2\/posts\/43655","targetHints":{"allow":["GET"]}}],"collection":[{"href":"https:\/\/miradordeatarfe.es\/index.php?rest_route=\/wp\/v2\/posts"}],"about":[{"href":"https:\/\/miradordeatarfe.es\/index.php?rest_route=\/wp\/v2\/types\/post"}],"author":[{"embeddable":true,"href":"https:\/\/miradordeatarfe.es\/index.php?rest_route=\/wp\/v2\/users\/1"}],"replies":[{"embeddable":true,"href":"https:\/\/miradordeatarfe.es\/index.php?rest_route=%2Fwp%2Fv2%2Fcomments&post=43655"}],"version-history":[{"count":1,"href":"https:\/\/miradordeatarfe.es\/index.php?rest_route=\/wp\/v2\/posts\/43655\/revisions"}],"predecessor-version":[{"id":43657,"href":"https:\/\/miradordeatarfe.es\/index.php?rest_route=\/wp\/v2\/posts\/43655\/revisions\/43657"}],"wp:featuredmedia":[{"embeddable":true,"href":"https:\/\/miradordeatarfe.es\/index.php?rest_route=\/wp\/v2\/media\/43656"}],"wp:attachment":[{"href":"https:\/\/miradordeatarfe.es\/index.php?rest_route=%2Fwp%2Fv2%2Fmedia&parent=43655"}],"wp:term":[{"taxonomy":"category","embeddable":true,"href":"https:\/\/miradordeatarfe.es\/index.php?rest_route=%2Fwp%2Fv2%2Fcategories&post=43655"},{"taxonomy":"post_tag","embeddable":true,"href":"https:\/\/miradordeatarfe.es\/index.php?rest_route=%2Fwp%2Fv2%2Ftags&post=43655"}],"curies":[{"name":"wp","href":"https:\/\/api.w.org\/{rel}","templated":true}]}}