{"id":43682,"date":"2020-12-02T10:30:44","date_gmt":"2020-12-02T09:30:44","guid":{"rendered":"http:\/\/miradordeatarfe.es\/?p=43682"},"modified":"2020-12-02T10:44:54","modified_gmt":"2020-12-02T09:44:54","slug":"el-atarfe-sigue-imparable-y-suma-la-septima-victoria-consecutiva","status":"publish","type":"post","link":"https:\/\/miradordeatarfe.es\/?p=43682","title":{"rendered":"El Atarfe sigue imparable en Voleibol y suma la s\u00e9ptima victoria consecutiva"},"content":{"rendered":"<h2 style=\"text-align: justify;\">El equipo de Fran Santos gana por 3-1 al Voleibol Valencia<\/h2>\n<p style=\"text-align: justify;\">El Opportunity CDU Atarfe sigue imparable en la Superliga Femenina 2. Sum\u00f3 ante el Voleibol Valencia su s\u00e9ptimo triunfo consecutivo tras imponerse por 3-1. Tras un mal inicio de partido, el equipo que entrena Fran Santos supo corregir errores para defender mejor ante un buen rival que nunca se rindi\u00f3.<\/p>\n<p style=\"text-align: justify;\">Con una mejor\u00eda en todos los aspectos del juego fue capaz de doblegar al conjunto valenciano, que fue menos efectivo en el bloqueo. El equipo atarfe\u00f1o mantiene el pulso por el primer puesto con el Universidad de Alicante.<\/p>\n<p style=\"text-align: justify;\">Por su parte, el CD Universidad de Granada masculino perdi\u00f3 por 0-3 (12-25, 23-25 y 22-25) con el Herv\u00e1s Cuenca, mientras que el Nevadis Albolote CV16 gan\u00f3 0-3 (22-25, 14-25 y 18-25) al Adeva de Albacete.<\/p>\n<h3 style=\"text-align: justify;\">Ficha t\u00e9cnica<\/h3>\n<p style=\"text-align: justify;\">Opportunity Atarfe: Bel\u00e9n Cabrera, Mar\u00eda Rodr\u00edguez, Tania Ferreira, Mar\u00eda Illeras, Valentina Stenta, Carla P\u00e9rez, Laura Moya (l\u00edbero), Roc\u00edo C\u00f3rdoba, Carmen Morales y Encarna Garc\u00eda.<\/p>\n<p style=\"text-align: justify;\">Voleibol Valencia: Defez, Ube, Anguis, Patricia, Calabuig, Einberga, Delgado, (l\u00edbero), Ortin, Goyanes, Sara, Lagu\u00eda, Ponce y Ferrari.<\/p>\n<p style=\"text-align: justify;\">Parciales: 21-25, 25-17, 25-21 y 25-20.<\/p>\n<p style=\"text-align: justify;\">\u00c1rbitro: Jos\u00e9 Manuel Cherino Navarro.<\/p>\n<p style=\"text-align: justify;\"><a class=\"voc-author\" title=\"JULIO PI\u00d1ERO\"><strong>JULIO PI\u00d1ERO<\/strong> <\/a><\/p>\n<p style=\"text-align: justify;\"><span class=\"voc-photo-caption\">FOTO: Una jugadora del Atarfe recepciona un bal\u00f3n junto a la red. \/ <\/span><span class=\"voc-photo-author\">RAM\u00d3N L. P\u00c9REZ<\/span><\/p>\n","protected":false},"excerpt":{"rendered":"<p>El equipo de Fran Santos gana por 3-1 al Voleibol Valencia El Opportunity CDU Atarfe&#8230;<\/p>\n","protected":false},"author":1,"featured_media":43683,"comment_status":"closed","ping_status":"closed","sticky":false,"template":"","format":"standard","meta":{"_coblocks_attr":"","_coblocks_dimensions":"","_coblocks_responsive_height":"","_coblocks_accordion_ie_support":"","jetpack_post_was_ever_published":false,"_jetpack_newsletter_access":"","_jetpack_dont_email_post_to_subs":false,"_jetpack_newsletter_tier_id":0,"_jetpack_memberships_contains_paywalled_content":false,"_jetpack_memberships_contains_paid_content":false,"footnotes":"","jetpack_publicize_message":"","jetpack_publicize_feature_enabled":true,"jetpack_social_post_already_shared":false,"jetpack_social_options":{"image_generator_settings":{"template":"highway","default_image_id":0,"enabled":false},"version":2}},"categories":[182,44,15],"tags":[],"class_list":["post-43682","post","type-post","status-publish","format-standard","has-post-thumbnail","hentry","category-deportes","category-noticias-de-hoy","category-ultimas-noticias"],"jetpack_publicize_connections":[],"jetpack_featured_media_url":"https:\/\/i0.wp.com\/miradordeatarfe.es\/wp-content\/uploads\/2020\/12\/Atarfe-voleibol.jpg?fit=1374%2C916&ssl=1","jetpack_likes_enabled":true,"jetpack_sharing_enabled":true,"_links":{"self":[{"href":"https:\/\/miradordeatarfe.es\/index.php?rest_route=\/wp\/v2\/posts\/43682","targetHints":{"allow":["GET"]}}],"collection":[{"href":"https:\/\/miradordeatarfe.es\/index.php?rest_route=\/wp\/v2\/posts"}],"about":[{"href":"https:\/\/miradordeatarfe.es\/index.php?rest_route=\/wp\/v2\/types\/post"}],"author":[{"embeddable":true,"href":"https:\/\/miradordeatarfe.es\/index.php?rest_route=\/wp\/v2\/users\/1"}],"replies":[{"embeddable":true,"href":"https:\/\/miradordeatarfe.es\/index.php?rest_route=%2Fwp%2Fv2%2Fcomments&post=43682"}],"version-history":[{"count":2,"href":"https:\/\/miradordeatarfe.es\/index.php?rest_route=\/wp\/v2\/posts\/43682\/revisions"}],"predecessor-version":[{"id":43685,"href":"https:\/\/miradordeatarfe.es\/index.php?rest_route=\/wp\/v2\/posts\/43682\/revisions\/43685"}],"wp:featuredmedia":[{"embeddable":true,"href":"https:\/\/miradordeatarfe.es\/index.php?rest_route=\/wp\/v2\/media\/43683"}],"wp:attachment":[{"href":"https:\/\/miradordeatarfe.es\/index.php?rest_route=%2Fwp%2Fv2%2Fmedia&parent=43682"}],"wp:term":[{"taxonomy":"category","embeddable":true,"href":"https:\/\/miradordeatarfe.es\/index.php?rest_route=%2Fwp%2Fv2%2Fcategories&post=43682"},{"taxonomy":"post_tag","embeddable":true,"href":"https:\/\/miradordeatarfe.es\/index.php?rest_route=%2Fwp%2Fv2%2Ftags&post=43682"}],"curies":[{"name":"wp","href":"https:\/\/api.w.org\/{rel}","templated":true}]}}