{"id":43688,"date":"2020-12-04T11:50:39","date_gmt":"2020-12-04T10:50:39","guid":{"rendered":"http:\/\/miradordeatarfe.es\/?p=43688"},"modified":"2020-12-02T11:00:43","modified_gmt":"2020-12-02T10:00:43","slug":"lengua-vehicular-por-alberto-granados","status":"publish","type":"post","link":"https:\/\/miradordeatarfe.es\/?p=43688","title":{"rendered":"\u00abLENGUA VEHICULAR\u00bb por Alberto Granados"},"content":{"rendered":"<h3 style=\"text-align: justify;\" data-adtags-visited=\"true\">A Jos\u00e9 Luis Jim\u00e9nez Gonz\u00e1lez, andaluz establecido en Catalu\u00f1a<\/h3>\n<p style=\"text-align: justify;\" data-adtags-visited=\"true\">\u00a0\u00a0\u00a0\u00a0\u00a0\u00a0\u00a0\u00a0\u00a0 Cualquier lengua del mundo, por escaso que sea su n\u00famero de hablantes o su \u00e1mbito geogr\u00e1fico, me interesa por igual, dada mi formaci\u00f3n de fil\u00f3logo. Es obvio que ese inter\u00e9s general es solo el propio del curioso, del que acumula datos sorprendentes y a menudo curiosos, como si se tratara de un coleccionista. Si aplico el sentido pr\u00e1ctico, el que entiende una lengua como el soporte imprescindible del pensamiento y la comunicaci\u00f3n, mi inter\u00e9s se restringe notablemente a aquellos idiomas que verdaderamente pueden ayudarme a generar mi visi\u00f3n del mundo y a recibir y producir mensajes por raz\u00f3n de mi \u00e1mbito cultural, el occidental, y que me resulten pr\u00f3ximos. Ah\u00ed surge el sentido de la limitaci\u00f3n: lenguas como el chino, el japon\u00e9s o el \u00e1rabe, pareci\u00e9ndome muy pr\u00f3ximos, me resultan frustradoramente ajenos y s\u00e9 que nunca llegar\u00e9 a conocerlas ni podr\u00e9 beneficiarme de su riqueza ni usarlas para comunicarme con otros seres humanos. Hablo de riqueza porque indudablemente el dominio, siquiera relativo, de un idioma es una riqueza humana, cognitiva y comunicativa.<\/p>\n<figure class=\"wp-block-image size-large is-resized\" style=\"text-align: justify;\"><a href=\"https:\/\/albertogranados.files.wordpress.com\/2020\/12\/2017112116533911360.jpg\"><img data-recalc-dims=\"1\" loading=\"lazy\" decoding=\"async\" class=\"wp-image-8533\" src=\"https:\/\/albertogranados.files.wordpress.com\/2020\/12\/2017112116533911360.jpg?w=400&#038;resize=640%2C467\" sizes=\"auto, (max-width: 759px) 100vw, 759px\" srcset=\"https:\/\/albertogranados.files.wordpress.com\/2020\/12\/2017112116533911360.jpg 400w, https:\/\/albertogranados.files.wordpress.com\/2020\/12\/2017112116533911360.jpg?w=150 150w, https:\/\/albertogranados.files.wordpress.com\/2020\/12\/2017112116533911360.jpg?w=300 300w\" alt=\"\" width=\"640\" height=\"467\" data-attachment-id=\"8533\" data-permalink=\"https:\/\/albertogranados.wordpress.com\/2017112116533911360\/\" data-orig-file=\"https:\/\/albertogranados.files.wordpress.com\/2020\/12\/2017112116533911360.jpg\" data-orig-size=\"400,292\" data-comments-opened=\"1\" data-image-meta=\"{&quot;aperture&quot;:&quot;0&quot;,&quot;credit&quot;:&quot;&quot;,&quot;camera&quot;:&quot;&quot;,&quot;caption&quot;:&quot;&quot;,&quot;created_timestamp&quot;:&quot;0&quot;,&quot;copyright&quot;:&quot;&quot;,&quot;focal_length&quot;:&quot;0&quot;,&quot;iso&quot;:&quot;0&quot;,&quot;shutter_speed&quot;:&quot;0&quot;,&quot;title&quot;:&quot;&quot;,&quot;orientation&quot;:&quot;1&quot;}\" data-image-title=\"2017112116533911360\" data-image-description=\"\" data-medium-file=\"https:\/\/albertogranados.files.wordpress.com\/2020\/12\/2017112116533911360.jpg?w=300\" data-large-file=\"https:\/\/albertogranados.files.wordpress.com\/2020\/12\/2017112116533911360.jpg?w=400\" \/><\/a><figcaption><kbd>La lengua del Imperio<\/kbd><\/figcaption><\/figure>\n<p style=\"text-align: justify;\" data-adtags-visited=\"true\">\u00a0\u00a0\u00a0\u00a0\u00a0\u00a0\u00a0\u00a0\u00a0 Pero a los hechos ling\u00fc\u00edsticos se les suelen adherir otros de car\u00e1cter geopol\u00edtico, de fronteras tan artificiales como los intereses que se esconden tras las banderas. Esta divisi\u00f3n es empobrecedora, mezquina y solo sirve para crear una babel de intereses, una conciencia de lo diferente, que arropa designios pol\u00edticos, econ\u00f3micos, financieros\u2026 y sus consecuentes ambiciones, casi siempre camufladas o revestidas de una \u00e9pica patri\u00f3tica, una \u00e9pica de garraf\u00f3n que choca frontalmente con los planteamientos b\u00e1sicos de la Ling\u00fc\u00edstica.<\/p>\n<p style=\"text-align: justify;\" data-adtags-visited=\"true\">\u00a0\u00a0\u00a0\u00a0\u00a0\u00a0\u00a0\u00a0\u00a0 Si a cualquier persona lo aborda un extranjero para preguntarle algo (una direcci\u00f3n, una indicaci\u00f3n de tr\u00e1fico, un restaurante, un hotel o una oficina administrativa) en un idioma desconocido, salvo casos de xenofobia enfermiza, nos esforzamos en comunicar razonablemente el dato solicitado. Se trata de una relaci\u00f3n interpersonal exenta de connotaciones pol\u00edticas y eso allana todas las diferencias. Pero cuando un idioma se reviste de elemento opresor o liberador, la comunicaci\u00f3n pasa a segundo t\u00e9rmino, porque hemos pasado de la dimensi\u00f3n interpersonal a una concepci\u00f3n pol\u00edtica de clase y ahora estamos en la dicotom\u00eda opresor\/oprimido y la lengua dominante pasa a ser, m\u00e1s que un instrumento de comunicaci\u00f3n, un elemento de dominio, de opresi\u00f3n.\u00a0<\/p>\n<figure class=\"wp-block-image size-large is-resized\" style=\"text-align: justify;\"><a href=\"https:\/\/albertogranados.files.wordpress.com\/2020\/12\/lapidas-en-esukera-02-11-1949.jpeg\"><img data-recalc-dims=\"1\" loading=\"lazy\" decoding=\"async\" class=\"wp-image-8534\" src=\"https:\/\/albertogranados.files.wordpress.com\/2020\/12\/lapidas-en-esukera-02-11-1949.jpeg?w=601&#038;resize=640%2C728\" sizes=\"auto, (max-width: 755px) 100vw, 755px\" srcset=\"https:\/\/albertogranados.files.wordpress.com\/2020\/12\/lapidas-en-esukera-02-11-1949.jpeg 601w, https:\/\/albertogranados.files.wordpress.com\/2020\/12\/lapidas-en-esukera-02-11-1949.jpeg?w=132 132w, https:\/\/albertogranados.files.wordpress.com\/2020\/12\/lapidas-en-esukera-02-11-1949.jpeg?w=264 264w\" alt=\"\" width=\"640\" height=\"728\" data-attachment-id=\"8534\" data-permalink=\"https:\/\/albertogranados.wordpress.com\/lapidas-en-esukera-02-11-1949\/\" data-orig-file=\"https:\/\/albertogranados.files.wordpress.com\/2020\/12\/lapidas-en-esukera-02-11-1949.jpeg\" data-orig-size=\"601,684\" data-comments-opened=\"1\" data-image-meta=\"{&quot;aperture&quot;:&quot;0&quot;,&quot;credit&quot;:&quot;&quot;,&quot;camera&quot;:&quot;&quot;,&quot;caption&quot;:&quot;&quot;,&quot;created_timestamp&quot;:&quot;0&quot;,&quot;copyright&quot;:&quot;&quot;,&quot;focal_length&quot;:&quot;0&quot;,&quot;iso&quot;:&quot;0&quot;,&quot;shutter_speed&quot;:&quot;0&quot;,&quot;title&quot;:&quot;&quot;,&quot;orientation&quot;:&quot;1&quot;}\" data-image-title=\"lapidas-en-esukera-02-11-1949\" data-image-description=\"\" data-medium-file=\"https:\/\/albertogranados.files.wordpress.com\/2020\/12\/lapidas-en-esukera-02-11-1949.jpeg?w=264\" data-large-file=\"https:\/\/albertogranados.files.wordpress.com\/2020\/12\/lapidas-en-esukera-02-11-1949.jpeg?w=560\" \/><\/a><\/figure>\n<p>L\u00e1pidas en esukera<\/p>\n<p style=\"text-align: justify;\" data-adtags-visited=\"true\">\u00a0\u00a0\u00a0\u00a0\u00a0\u00a0\u00a0\u00a0\u00a0 Me veo obligado a reflexionar sobre la conciencia ling\u00fc\u00edstica tras el cacareo que se ha montado con la bajada de pantalones del gobierno ante la exigencia de ERC, al suprimir la categor\u00eda de lengua vehicular del castellano en Catalu\u00f1a.<\/p>\n<p style=\"text-align: justify;\" data-adtags-visited=\"true\">Vuelvo a un matiz ya se\u00f1alado. No voy a hacer una valoraci\u00f3n pol\u00edtica de esta vicisitud: ya se ha encargado la derecha de desprestigiar a S\u00e1nchez y su gobierno, aunque en el fondo la vitalidad de nuestro idioma com\u00fan o su proyecci\u00f3n al futuro les importe muy poco, si es que les importa algo. Tratan de desgastar a un gobierno que ya se desgasta solo y ponen un \u00e9nfasis estremecedor en algo sobre lo que jam\u00e1s se han parado a reflexionar. All\u00e1 ellos y su mantra de desgaste. Mi an\u00e1lisis es el de un fil\u00f3logo.<\/p>\n<figure class=\"wp-block-image size-large is-resized\" style=\"text-align: justify;\"><a href=\"https:\/\/albertogranados.files.wordpress.com\/2020\/12\/multa-1938.jpg\"><img data-recalc-dims=\"1\" loading=\"lazy\" decoding=\"async\" class=\"wp-image-8536\" src=\"https:\/\/albertogranados.files.wordpress.com\/2020\/12\/multa-1938.jpg?w=473&#038;resize=640%2C656\" sizes=\"auto, (max-width: 746px) 100vw, 746px\" srcset=\"https:\/\/albertogranados.files.wordpress.com\/2020\/12\/multa-1938.jpg 473w, https:\/\/albertogranados.files.wordpress.com\/2020\/12\/multa-1938.jpg?w=146 146w, https:\/\/albertogranados.files.wordpress.com\/2020\/12\/multa-1938.jpg?w=293 293w\" alt=\"\" width=\"640\" height=\"656\" data-attachment-id=\"8536\" data-permalink=\"https:\/\/albertogranados.wordpress.com\/multa-1938\/\" data-orig-file=\"https:\/\/albertogranados.files.wordpress.com\/2020\/12\/multa-1938.jpg\" data-orig-size=\"473,485\" data-comments-opened=\"1\" data-image-meta=\"{&quot;aperture&quot;:&quot;0&quot;,&quot;credit&quot;:&quot;&quot;,&quot;camera&quot;:&quot;&quot;,&quot;caption&quot;:&quot;&quot;,&quot;created_timestamp&quot;:&quot;0&quot;,&quot;copyright&quot;:&quot;&quot;,&quot;focal_length&quot;:&quot;0&quot;,&quot;iso&quot;:&quot;0&quot;,&quot;shutter_speed&quot;:&quot;0&quot;,&quot;title&quot;:&quot;&quot;,&quot;orientation&quot;:&quot;0&quot;}\" data-image-title=\"multa-1938\" data-image-description=\"\" data-medium-file=\"https:\/\/albertogranados.files.wordpress.com\/2020\/12\/multa-1938.jpg?w=293\" data-large-file=\"https:\/\/albertogranados.files.wordpress.com\/2020\/12\/multa-1938.jpg?w=473\" \/><\/a><figcaption>Multa<\/figcaption><\/figure>\n<p style=\"text-align: justify;\" data-adtags-visited=\"true\">Usar una lengua con fines pol\u00edticos es desvirtuar su naturaleza. En un pa\u00eds como el nuestro, que suele fijarse mucho m\u00e1s en lo que tienen los dem\u00e1s que en lo propio, una lengua se ha convertido en elemento de lucha pol\u00edtica. Una lengua deja de ser un veh\u00edculo de comunicaci\u00f3n para ser un rasgo distintivo, una se\u00f1a de identidad colectiva y siempre se usa pol\u00edticamente para descalificar a una lengua m\u00e1s poderosa o extendida que, supuestamente ha asfixiado a la lengua vern\u00e1cula. El franquismo, eso es cierto, con su ropaje imperial destinado a justificar su golpe de estado, impuso el uso de nuestra lengua com\u00fan, bas\u00e1ndose en conceptos extra\u00eddos del nazismo: el espa\u00f1ol era la lengua del Imperio y las otras lenguas (catal\u00e1n, gallego y vasco) y sus hablas y registros dialectales fueron perseguidos por la posibilidad de planteamientos separatistas. La ceguera nazi del R\u00e9gimen nos empobreci\u00f3 a todos con tal medida, de la misma forma que la colonizaci\u00f3n americana borr\u00f3 el quechua, el guaran\u00ed, el amara, el n\u00e1huatl y el resto de lenguas precolombinas.<\/p>\n<figure class=\"wp-block-image size-large is-resized\" style=\"text-align: justify;\"><a href=\"https:\/\/albertogranados.files.wordpress.com\/2020\/12\/recorte-de-prensa-de-solidaridad-nacional.-13-04-1939-1939-fuente-ayuntamiento-de-barcelona.png\"><img data-recalc-dims=\"1\" loading=\"lazy\" decoding=\"async\" class=\"wp-image-8538\" src=\"https:\/\/albertogranados.files.wordpress.com\/2020\/12\/recorte-de-prensa-de-solidaridad-nacional.-13-04-1939-1939-fuente-ayuntamiento-de-barcelona.png?w=499&#038;resize=640%2C941\" sizes=\"auto, (max-width: 758px) 100vw, 758px\" srcset=\"https:\/\/albertogranados.files.wordpress.com\/2020\/12\/recorte-de-prensa-de-solidaridad-nacional.-13-04-1939-1939-fuente-ayuntamiento-de-barcelona.png 499w, https:\/\/albertogranados.files.wordpress.com\/2020\/12\/recorte-de-prensa-de-solidaridad-nacional.-13-04-1939-1939-fuente-ayuntamiento-de-barcelona.png?w=102 102w, https:\/\/albertogranados.files.wordpress.com\/2020\/12\/recorte-de-prensa-de-solidaridad-nacional.-13-04-1939-1939-fuente-ayuntamiento-de-barcelona.png?w=204 204w\" alt=\"\" width=\"640\" height=\"941\" data-attachment-id=\"8538\" data-permalink=\"https:\/\/albertogranados.wordpress.com\/recorte-de-prensa-de-solidaridad-nacional-13-04-1939-1939-fuente-ayuntamiento-de-barcelona\/\" data-orig-file=\"https:\/\/albertogranados.files.wordpress.com\/2020\/12\/recorte-de-prensa-de-solidaridad-nacional.-13-04-1939-1939-fuente-ayuntamiento-de-barcelona.png\" data-orig-size=\"499,734\" data-comments-opened=\"1\" data-image-meta=\"{&quot;aperture&quot;:&quot;0&quot;,&quot;credit&quot;:&quot;&quot;,&quot;camera&quot;:&quot;&quot;,&quot;caption&quot;:&quot;&quot;,&quot;created_timestamp&quot;:&quot;0&quot;,&quot;copyright&quot;:&quot;&quot;,&quot;focal_length&quot;:&quot;0&quot;,&quot;iso&quot;:&quot;0&quot;,&quot;shutter_speed&quot;:&quot;0&quot;,&quot;title&quot;:&quot;&quot;,&quot;orientation&quot;:&quot;0&quot;}\" data-image-title=\"recorte-de-prensa-de-solidaridad-nacional.-13-04-1939-1939-fuente-ayuntamiento-de-barcelona\" data-image-description=\"\" data-medium-file=\"https:\/\/albertogranados.files.wordpress.com\/2020\/12\/recorte-de-prensa-de-solidaridad-nacional.-13-04-1939-1939-fuente-ayuntamiento-de-barcelona.png?w=204\" data-large-file=\"https:\/\/albertogranados.files.wordpress.com\/2020\/12\/recorte-de-prensa-de-solidaridad-nacional.-13-04-1939-1939-fuente-ayuntamiento-de-barcelona.png?w=499\" \/><\/a><figcaption>Sermones en catal\u00e1n<\/figcaption><\/figure>\n<p style=\"text-align: justify;\" data-adtags-visited=\"true\">En Espa\u00f1a, la transici\u00f3n pol\u00edtica y la Constituci\u00f3n de 1978 reconocieron la cooficialidad de las principales lenguas del Estado y hubo una eclosi\u00f3n de medios de comunicaci\u00f3n, de edici\u00f3n de libros, de emisoras de radio, de m\u00fasica\u2026 en dichas lenguas, que fundaron sus respectivas Academias. Jam\u00e1s hubo en Espa\u00f1a un mayor grado de libertad y florecimiento ling\u00fc\u00edsticos. Dice Antonio Mu\u00f1oz Molina que mientras en otros pa\u00edses se abren las ventanas y se deja entrar el aire, aqu\u00ed nos empe\u00f1amos en escondernos en las habitaciones m\u00e1s oscuras de esa gran casa que es el castellano, m\u00e1s pendientes de lo que nos diferencia en una absurda competitividad balc\u00e1nica de autonom\u00edas. Es cierto. Me sonroja una campa\u00f1a andaluza que estableci\u00f3 el demente eslogan \u201cHabla bien. Habla andaluz\u201d, que parece responder a la necesidad de contar con un idioma cooficial, como ya ten\u00edan gallegos, catalanes y vascos.<\/p>\n<p style=\"text-align: justify;\" data-adtags-visited=\"true\">Tan impresentable invento es falso. Hablar bien es hablar fluidamente, con capacidad expresiva, dominio de vocabulario y de la sintaxis. Lo de menos es el idioma usado, que deber\u00eda ser la lengua-madre, aquella en que desde la infancia se conoci\u00f3 el mundo. Impostar un registro idiom\u00e1tico, por mero complejo de inferioridad, es una muestra del grado de envenenamiento ideol\u00f3gico de los lumbreras que echaron a andar la mencionada campa\u00f1a, que no obtuvo otro \u00e9xito que alguna novela escrita \u201cen andaluz\u201d, una delirante versi\u00f3n de \u201cEr Prinzipito\u201d [sic] y alg\u00fan otro desprop\u00f3sito m\u00e1s. Mejor olvidar semejantes estupideces.<\/p>\n<p style=\"text-align: justify;\" data-adtags-visited=\"true\">Cuando lleg\u00f3 el nuevo impulso separatista en Catalu\u00f1a, el castellano volvi\u00f3 a ser un signo de opresi\u00f3n, una imposici\u00f3n del llamado <em>nacionalismo espa\u00f1ol<\/em>, concepto \u00e9ste realmente contradictorio. Y S\u00e1nchez cede para sacar adelante sus presupuestos.<\/p>\n<figure class=\"wp-block-image size-large is-resized\" style=\"text-align: justify;\"><a href=\"https:\/\/albertogranados.files.wordpress.com\/2020\/12\/aqui-se-habla-andaluz.jpg\"><img data-recalc-dims=\"1\" loading=\"lazy\" decoding=\"async\" class=\"wp-image-8540\" src=\"https:\/\/albertogranados.files.wordpress.com\/2020\/12\/aqui-se-habla-andaluz.jpg?w=253&#038;resize=640%2C809\" sizes=\"auto, (max-width: 764px) 100vw, 764px\" srcset=\"https:\/\/albertogranados.files.wordpress.com\/2020\/12\/aqui-se-habla-andaluz.jpg 253w, https:\/\/albertogranados.files.wordpress.com\/2020\/12\/aqui-se-habla-andaluz.jpg?w=119 119w\" alt=\"\" width=\"640\" height=\"809\" data-attachment-id=\"8540\" data-permalink=\"https:\/\/albertogranados.wordpress.com\/aqui-se-habla-andaluz\/\" data-orig-file=\"https:\/\/albertogranados.files.wordpress.com\/2020\/12\/aqui-se-habla-andaluz.jpg\" data-orig-size=\"253,320\" data-comments-opened=\"1\" data-image-meta=\"{&quot;aperture&quot;:&quot;0&quot;,&quot;credit&quot;:&quot;&quot;,&quot;camera&quot;:&quot;&quot;,&quot;caption&quot;:&quot;&quot;,&quot;created_timestamp&quot;:&quot;0&quot;,&quot;copyright&quot;:&quot;&quot;,&quot;focal_length&quot;:&quot;0&quot;,&quot;iso&quot;:&quot;0&quot;,&quot;shutter_speed&quot;:&quot;0&quot;,&quot;title&quot;:&quot;&quot;,&quot;orientation&quot;:&quot;0&quot;}\" data-image-title=\"aqui-se-habla-andaluz\" data-image-description=\"\" data-medium-file=\"https:\/\/albertogranados.files.wordpress.com\/2020\/12\/aqui-se-habla-andaluz.jpg?w=237\" data-large-file=\"https:\/\/albertogranados.files.wordpress.com\/2020\/12\/aqui-se-habla-andaluz.jpg?w=253\" \/><\/a><figcaption>Aqu\u00ed se habla andaluz<\/figcaption><\/figure>\n<p style=\"text-align: justify;\" data-adtags-visited=\"true\">No hace falta ser Rappel para saber qu\u00e9 va a suceder a partir de ahora. Los catalanes castellanoparlantes ir\u00e1n muriendo, sus hijos y nietos, educados en un sistema biling\u00fce, bascular\u00e1n hacia el catal\u00e1n y en 45 o 50 a\u00f1os, el castellano ser\u00e1 un residuo testimonial de una lengua gloriosa que nos uni\u00f3 durante generaciones. Adivino que habr\u00e1 mucha presi\u00f3n revanchista para desmontar el castellano y Catalu\u00f1a se quedar\u00e1, en tres generaciones, sin la riqueza de la lengua de Cervantes, de Quevedo, de Garc\u00eda Lorca\u2026, la misma lengua de Josep Pla, Juan Mars\u00e9 o Eduardo Mendoza, por cierto. El castellano perder\u00e1 su presencia en las cuatro provincias catalanas, pero seguir\u00e1 siendo uno de los idiomas m\u00e1s prestigiosos del mundo, presente en toda Latinoam\u00e9rica y Estados Unidos, en tanto que el catal\u00e1n, junto a la cerraz\u00f3n pol\u00edtica de sus l\u00edderes, quedar\u00e1 como una bandera del <em>proc\u00e9s<\/em> y tendr\u00e1 una escasa repercusi\u00f3n fuera de las fronteras catalanas. Todos, pues, saldremos perdiendo. En vez de afianzar nuestro tesoro com\u00fan, de potenciar su buen uso y de extenderlo a nuevos horizontes, se impone la divisi\u00f3n y la discriminaci\u00f3n idiom\u00e1tica, pero al rev\u00e9s: esta vez son los catalanes quienes castigan a la lengua de Cervantes.\u00a0 Esta es la situaci\u00f3n que ha generado la torpeza de Pedro S\u00e1nchez, junto a la voracidad catalanista de Ezquerra Republicana de Catalunya. Aunque no voy a llegar a ver el final del castellano en Catalu\u00f1a, ya me duele una p\u00e9rdida que siento como propia. Por eso traigo de nuevo, como un modesto homenaje a mi lengua, un texto que me gusta mucho:<\/p>\n<p style=\"text-align: justify;\" data-adtags-visited=\"true\"><em><strong>Nuestra heredad<\/strong><\/em><\/p>\n<p data-adtags-visited=\"true\">Juan de la Cruz prurito de Dios siente,<\/p>\n<p data-adtags-visited=\"true\">furia est\u00e9tica a G\u00f3ngora agiganta,<\/p>\n<p data-adtags-visited=\"true\">Lope chorrea vida y vida canta:<\/p>\n<p data-adtags-visited=\"true\">\u00a0tres frenes\u00eds de nuestra sangre ardiente.<\/p>\n<p data-adtags-visited=\"true\">Quevedo prensa pensamiento hirviente;<\/p>\n<p data-adtags-visited=\"true\">Calder\u00f3n en sistema lo atiranta:<\/p>\n<p data-adtags-visited=\"true\">Le\u00f3n, herido, al cielo se levanta;<\/p>\n<p data-adtags-visited=\"true\">Juan Ruiz, \u00a1qu\u00e9 cr\u00e1ter de hombredad bullente!<\/p>\n<p data-adtags-visited=\"true\">Teresa es pueblo, y habla como un oro;<\/p>\n<p data-adtags-visited=\"true\">Garcilaso, un fluir, melancol\u00eda;<\/p>\n<p data-adtags-visited=\"true\">Cervantes, toda la Naturaleza.<\/p>\n<p data-adtags-visited=\"true\">Hermanos en mi lengua, qu\u00e9 tesoro<\/p>\n<p data-adtags-visited=\"true\">nuestra heredad -oh amor, oh poes\u00eda-,<\/p>\n<p data-adtags-visited=\"true\">esta lengua que hablamos -oh belleza-.<\/p>\n<p data-adtags-visited=\"true\">(De <em>Tres sonetos sobre la lengua espa\u00f1ola<\/em>, Gredos, 1958)<\/p>\n<p data-adtags-visited=\"true\">Habr\u00e1 una segunda parte (amenazo).<\/p>\n<p data-adtags-visited=\"true\"><strong>Alberto Granados<\/strong><\/p>\n<div id=\"atatags-370373-5fc76350dc145\">FOTO: <span class=\"article-media__caption-author\">Ilustraci\u00f3n: Guillermo Serrano Amat<\/span> PUBLICADA EN EL ESPA\u00d1OL<\/div>\n<div id=\"jp-post-flair\" class=\"sharedaddy sd-rating-enabled sd-like-enabled sd-sharing-enabled\">\n<div class=\"sharedaddy sd-sharing-enabled\">\n<div class=\"robots-nocontent sd-block sd-social sd-social-official sd-sharing\">\n<h3 class=\"sd-title\">\u00a0<\/h3>\n<\/div>\n<\/div>\n<\/div>\n","protected":false},"excerpt":{"rendered":"<p>A Jos\u00e9 Luis Jim\u00e9nez Gonz\u00e1lez, andaluz establecido en Catalu\u00f1a \u00a0\u00a0\u00a0\u00a0\u00a0\u00a0\u00a0\u00a0\u00a0 Cualquier lengua del mundo, por&#8230;<\/p>\n","protected":false},"author":1,"featured_media":43689,"comment_status":"closed","ping_status":"closed","sticky":false,"template":"","format":"standard","meta":{"_coblocks_attr":"","_coblocks_dimensions":"","_coblocks_responsive_height":"","_coblocks_accordion_ie_support":"","jetpack_post_was_ever_published":false,"_jetpack_newsletter_access":"","_jetpack_dont_email_post_to_subs":false,"_jetpack_newsletter_tier_id":0,"_jetpack_memberships_contains_paywalled_content":false,"_jetpack_memberships_contains_paid_content":false,"footnotes":"","jetpack_publicize_message":"","jetpack_publicize_feature_enabled":true,"jetpack_social_post_already_shared":false,"jetpack_social_options":{"image_generator_settings":{"template":"highway","default_image_id":0,"enabled":false},"version":2}},"categories":[39,1161,44,7671,15],"tags":[2095,7872],"class_list":["post-43688","post","type-post","status-publish","format-standard","has-post-thumbnail","hentry","category-opinion-de-alberto-granados","category-ciudadania","category-noticias-de-hoy","category-politica","category-ultimas-noticias","tag-castellano","tag-lengua-vehicular"],"jetpack_publicize_connections":[],"jetpack_featured_media_url":"https:\/\/i0.wp.com\/miradordeatarfe.es\/wp-content\/uploads\/2020\/12\/Actualidad_534460067_164693728_1706x960.jpg?fit=1706%2C960&ssl=1","jetpack_likes_enabled":true,"jetpack_sharing_enabled":true,"_links":{"self":[{"href":"https:\/\/miradordeatarfe.es\/index.php?rest_route=\/wp\/v2\/posts\/43688","targetHints":{"allow":["GET"]}}],"collection":[{"href":"https:\/\/miradordeatarfe.es\/index.php?rest_route=\/wp\/v2\/posts"}],"about":[{"href":"https:\/\/miradordeatarfe.es\/index.php?rest_route=\/wp\/v2\/types\/post"}],"author":[{"embeddable":true,"href":"https:\/\/miradordeatarfe.es\/index.php?rest_route=\/wp\/v2\/users\/1"}],"replies":[{"embeddable":true,"href":"https:\/\/miradordeatarfe.es\/index.php?rest_route=%2Fwp%2Fv2%2Fcomments&post=43688"}],"version-history":[{"count":2,"href":"https:\/\/miradordeatarfe.es\/index.php?rest_route=\/wp\/v2\/posts\/43688\/revisions"}],"predecessor-version":[{"id":43691,"href":"https:\/\/miradordeatarfe.es\/index.php?rest_route=\/wp\/v2\/posts\/43688\/revisions\/43691"}],"wp:featuredmedia":[{"embeddable":true,"href":"https:\/\/miradordeatarfe.es\/index.php?rest_route=\/wp\/v2\/media\/43689"}],"wp:attachment":[{"href":"https:\/\/miradordeatarfe.es\/index.php?rest_route=%2Fwp%2Fv2%2Fmedia&parent=43688"}],"wp:term":[{"taxonomy":"category","embeddable":true,"href":"https:\/\/miradordeatarfe.es\/index.php?rest_route=%2Fwp%2Fv2%2Fcategories&post=43688"},{"taxonomy":"post_tag","embeddable":true,"href":"https:\/\/miradordeatarfe.es\/index.php?rest_route=%2Fwp%2Fv2%2Ftags&post=43688"}],"curies":[{"name":"wp","href":"https:\/\/api.w.org\/{rel}","templated":true}]}}