{"id":43702,"date":"2020-12-09T11:39:36","date_gmt":"2020-12-09T10:39:36","guid":{"rendered":"http:\/\/miradordeatarfe.es\/?p=43702"},"modified":"2020-12-06T20:25:53","modified_gmt":"2020-12-06T19:25:53","slug":"yolanda-fernandez","status":"publish","type":"post","link":"https:\/\/miradordeatarfe.es\/?p=43702","title":{"rendered":"\u00abYOLANDA FERNANDEZ\u00bb"},"content":{"rendered":"<h3 style=\"text-align: justify;\">ESTE ART\u00cdCULO FUE PUBLICADO POR EL MIRADOR DE ATARFE EN PAPEL EN JULIO DE 2001<\/h3>\n<h4 style=\"text-align: justify;\"><em>\u00abYolanda no ha sido Concejala toda la vida, aunque as\u00ed lo parezca. En realidad se estren\u00f3 en las \u00faltimas elecciones, constituyendo una bocanada de aire fresco que le dio a ala actual Corporaci\u00f3n juventud y altura, en todos los sentidos.<\/em><\/h4>\n<h4 style=\"text-align: justify;\"><em>Desde muy peque\u00f1a ya apuntaba su predilecci\u00f3n por el movimiento. No en vano en el Colegio P\u00fablico Dr. Jimenez Rueda fue parte activa del Grupo de Baile, y como no del Grupo de Majorette. Y si no que le pregunten a Do\u00f1a Charo que seguro lo recuerda como si fuera ayer. Por ese y alg\u00fan otro motivo, era su maestra favorita. Y por fin lleg\u00f3 el DEPORTE, el verdadero amor de su vida. <\/em><em>Larry, Roc\u00edo Callejas, Ivan Granados&#8230;.fueron testigos de su iniciaci\u00f3n al BALONCESTO como JUGADORA.<\/em><\/h4>\n<h4 style=\"text-align: justify;\"><em>Su car\u00e1cter de lider empez\u00f3 a verse claro, a trav\u00e9s de la labor desarrollada en el Club Baloncesto Il\u00edberis en calidad primero de Vocal, Vicepresidenta y desde 1995 Presidenta, cargo que ostenta en la actualidad.Para ella el deporte va ligado al valor del trabajo desinteresado, al fomento de la participaci\u00f3n, a educar en la competencia leal que har\u00e1 personas libres y verdaderamente democr\u00e1ticas y como fin \u00faltimo a conseguir que la gente sea feliz y no necesite de est\u00edmulos indeseables.<\/em><\/h4>\n<h4 style=\"text-align: justify;\"><em>Adem\u00e1s de fomentar el deporte, Yolanda se ha ido formando profesionalmente y tiene la oportunidad de realizarse con la infancia como maestra de Educaci\u00f3n F\u00edsica, lo que constituye m\u00e1s que un trabajo. Es feliz porque diariamente tiene en sus manos la posibilidad de colaborar en una tarea creativa y de gran responsabilidad: EDUCAR A LAS NI\u00d1AS Y LOS NI\u00d1OS DE SU ESCUELA.Las madres y los padres de su alumnado pueden estar tranquilos, porque est\u00e1n en buenas manos, ya que \u00a0Yolanda incorpora a su trabajo lo que es parte importante de su ideolog\u00eda. Para ella es imprescindible no perder de vista el derecho a ser tratados en igualdad y damos f\u00e9 de que lo cumple.<\/em><\/h4>\n<h4 style=\"text-align: justify;\"><em><a href=\"https:\/\/i0.wp.com\/miradordeatarfe.es\/wp-content\/uploads\/2020\/12\/YOLI.jpg?ssl=1\"><img data-recalc-dims=\"1\" loading=\"lazy\" decoding=\"async\" class=\"wp-image-43703 size-full alignleft\" src=\"https:\/\/i0.wp.com\/miradordeatarfe.es\/wp-content\/uploads\/2020\/12\/YOLI.jpg?resize=317%2C403&#038;ssl=1\" alt=\"\" width=\"317\" height=\"403\" srcset=\"https:\/\/i0.wp.com\/miradordeatarfe.es\/wp-content\/uploads\/2020\/12\/YOLI.jpg?w=317&amp;ssl=1 317w, https:\/\/i0.wp.com\/miradordeatarfe.es\/wp-content\/uploads\/2020\/12\/YOLI.jpg?resize=236%2C300&amp;ssl=1 236w\" sizes=\"auto, (max-width: 317px) 100vw, 317px\" \/><\/a>Pertenece a un grupo minoritario de gente joven que cree en la POLITICA. Se ha criado en ella y la defiende. No tarda mucho en recordar cuando era chica y acud\u00eda a las asambleas que se celebraban en la sede del Partido Comunista, lugar en el que aprendi\u00f3 a reconocer el discurso de la izquierda.Igualmente reconoce la gran influencia que ha tenido su padre, como \u00a0responsable principal en su manera de ver la vida y de c\u00f3mo tratar a la gente, \u00a0y sobre todo de tener como bandera la profunda creencia en la JUSTICIA Y LA IGUALDAD.<\/em><\/h4>\n<h4 style=\"text-align: justify;\"><em>Es una HUESA, y est\u00e1 muy orgullosa de serlo. Considera que ese apodo, define una forma de ser que caracteriza a su familia, y que conlleva una considerable fuerza para trabajar a lo largo de toda su vida. Da igual en donde lo haga: echando abono al ma\u00edz, descargando alpaca, recogiendo tabaco&#8230;&#8230;&#8230;&#8230;&#8230;..Y a todo esto , convive con la pol\u00edtica desde lo org\u00e1nico, porque su compromiso le ha llevado a ser la Secretaria de Participaci\u00f3n de las Juventudes Socialistas, y m\u00e1s tarde, a formar \u00a0parte de la Comisi\u00f3n Ejecutiva de la Agrupaci\u00f3n Local del PSOE en Atarfe, como responsable adjunta de Deporte y Juventud.<\/em><\/h4>\n<h4 style=\"text-align: justify;\"><em>Cuando se incorpora al Ayuntamiento de Atarfe, lo hace para llevar la Concejal\u00eda de Deporte y Fiestas, pero debido a una remodelaci\u00f3n posterior del equipo, \u00a0tambi\u00e9n se encarga de la Pol\u00edtica Juvenil.No puede evitar emocionarse, cuando recuerda el gran reto que supuso para ella, sus primeras FIESTAS 99. A\u00fan no hac\u00eda 20 d\u00edas de la toma de posesi\u00f3n, cuando se estren\u00f3 y con una gran acierto para regocijo de todas las atarfe\u00f1as y atarfe\u00f1os.<\/em><\/h4>\n<h4 style=\"text-align: justify;\"><em>Demostr\u00f3 que la juventud no solo no era un inconveniente, sino al contrario, que unido a su gran fuerza y al convencimiento de contar con la colaboraci\u00f3n de todas aquellas personas que le rodeaban, pod\u00eda conseguir su objetivo: ser \u00fatil a su pueblo.Porque si hay algo que es indiscutible, es su capacidad de llegar a todo el mundo, y si \u00a0no, solo basta con arriesgarse a atravesar junto a ella la Calle Real ( aunque est\u00e9 en obras) para comprobar que adem\u00e1s de ser conocida, tambi\u00e9n es querida.Ella se lo ha ganado a base de desvivirse por los dem\u00e1s, y en esa parcela reconoce que su mam\u00e1 y sus dos hermanas: M\u00aa Angeles y Libertad, son piezas claves en aquellas situaciones en las que es imprescindible la colaboraci\u00f3n y el apoyo de los que m\u00e1s te quieren.<\/em><\/h4>\n<h4 style=\"text-align: justify;\"><em>Tiene grandes planes para el futuro inmediato, que ser\u00e1 a partir de septiembre. Entre sus competencias se encuentra uno de los proyectos de m\u00e1s envergadura del Equipo de Gobierno liderado por Victor Sanchez Martinez, se trata de la <strong>piscina climatizada,<\/strong> y comenta que est\u00e1 deseando de verla hecha realidad, porque est\u00e1 segura de los grandes beneficios que va a traer a nuestro pueblo, empezando por las funciones de rehabilitaci\u00f3n sin olvidar la fuente de desarrollo que conlleva.<\/em><\/h4>\n<h4 style=\"text-align: justify;\"><em>Pero a\u00fan tiene m\u00e1s. Est\u00e1 muy ilusionada, porque en el pr\u00f3ximo oto\u00f1o va a poner en marcha una iniciativa dirigida a la gente joven, que est\u00e1 siendo muy demandada y que tendr\u00e1 efectos positivos en la poblaci\u00f3n juvenil.Enumera con facilidad un enorme listado de compromisos, que a buen seguro la van a tener ocupada gran parte del pr\u00f3ximo curso, pero ella se lo dice todo: no hay cosa que \u00a0se le resista, y qui\u00e9n lo intente, que sepa que caer\u00e1 rendido a sus pies, eso si harto de trabajar. Porque a ella lo que la va es la actividad y el servicio a su pueblo, y cree que en ese objetivo se va a encontrar con mucha gente. \u00ab<br \/>\n<\/em><\/h4>\n<p style=\"text-align: justify;\"><strong>Yolanda Fern\u00e1ndez tom\u00f3 las riendas del PSOE de Atarfe en Noviembre de 2017. <\/strong>La militante socialista fue\u00a0 proclamada como nueva secretaria general del PSOE de <strong>Atarfe<\/strong>, en un congreso local con el que se pone punto y final al periodo de interinidad que viv\u00eda el partido desde hace meses. El primer objetivo de Yolanda era volver a aunar la fuerza del socialismo atarfe\u00f1o con la finalidad de elaborar una lista electoral de garant\u00edas que les permitiera recuperar la Alcald\u00eda perdida el pasado 2015 en las Municipales, fecha a partir de la que gobern\u00f3 Por Atarfe S\u00ed.<\/p>\n<p style=\"text-align: justify;\">Y as\u00ed fue el renovado Partido Socialista de Atarfe el que consigui\u00f3 el respaldo mayoritario de los votantes atarfe\u00f1os en las pasadas elecciones municipales, con Pedro Mart\u00ednez Parra a la cabeza de un total de ocho concejales que garantizan la estabilidad del gobierno municipal, a\u00fan sin alcanzar la mayor\u00eda absoluta, los pr\u00f3ximos cuatro a\u00f1os gracias al impulso de Yolanda Fern\u00e1ndez.<\/p>\n","protected":false},"excerpt":{"rendered":"<p>ESTE ART\u00cdCULO FUE PUBLICADO POR EL MIRADOR DE ATARFE EN PAPEL EN JULIO DE 2001&#8230;<\/p>\n","protected":false},"author":1,"featured_media":43812,"comment_status":"closed","ping_status":"closed","sticky":false,"template":"","format":"standard","meta":{"_coblocks_attr":"","_coblocks_dimensions":"","_coblocks_responsive_height":"","_coblocks_accordion_ie_support":"","jetpack_post_was_ever_published":false,"_jetpack_newsletter_access":"","_jetpack_dont_email_post_to_subs":false,"_jetpack_newsletter_tier_id":0,"_jetpack_memberships_contains_paywalled_content":false,"_jetpack_memberships_contains_paid_content":false,"footnotes":"","jetpack_publicize_message":"","jetpack_publicize_feature_enabled":true,"jetpack_social_post_already_shared":false,"jetpack_social_options":{"image_generator_settings":{"template":"highway","default_image_id":0,"enabled":false},"version":2}},"categories":[6926,44,6539,15],"tags":[42,723,4340],"class_list":["post-43702","post","type-post","status-publish","format-standard","has-post-thumbnail","hentry","category-mirador-de-atarfe-en-papel","category-noticias-de-hoy","category-personajes-de-ataref","category-ultimas-noticias","tag-politica","tag-psoe","tag-yolanda-fernandez"],"jetpack_publicize_connections":[],"jetpack_featured_media_url":"https:\/\/i0.wp.com\/miradordeatarfe.es\/wp-content\/uploads\/2020\/12\/23550954_1050685888406511_5331246015151039994_o.jpg?fit=1444%2C960&ssl=1","jetpack_likes_enabled":true,"jetpack_sharing_enabled":true,"_links":{"self":[{"href":"https:\/\/miradordeatarfe.es\/index.php?rest_route=\/wp\/v2\/posts\/43702","targetHints":{"allow":["GET"]}}],"collection":[{"href":"https:\/\/miradordeatarfe.es\/index.php?rest_route=\/wp\/v2\/posts"}],"about":[{"href":"https:\/\/miradordeatarfe.es\/index.php?rest_route=\/wp\/v2\/types\/post"}],"author":[{"embeddable":true,"href":"https:\/\/miradordeatarfe.es\/index.php?rest_route=\/wp\/v2\/users\/1"}],"replies":[{"embeddable":true,"href":"https:\/\/miradordeatarfe.es\/index.php?rest_route=%2Fwp%2Fv2%2Fcomments&post=43702"}],"version-history":[{"count":4,"href":"https:\/\/miradordeatarfe.es\/index.php?rest_route=\/wp\/v2\/posts\/43702\/revisions"}],"predecessor-version":[{"id":43811,"href":"https:\/\/miradordeatarfe.es\/index.php?rest_route=\/wp\/v2\/posts\/43702\/revisions\/43811"}],"wp:featuredmedia":[{"embeddable":true,"href":"https:\/\/miradordeatarfe.es\/index.php?rest_route=\/wp\/v2\/media\/43812"}],"wp:attachment":[{"href":"https:\/\/miradordeatarfe.es\/index.php?rest_route=%2Fwp%2Fv2%2Fmedia&parent=43702"}],"wp:term":[{"taxonomy":"category","embeddable":true,"href":"https:\/\/miradordeatarfe.es\/index.php?rest_route=%2Fwp%2Fv2%2Fcategories&post=43702"},{"taxonomy":"post_tag","embeddable":true,"href":"https:\/\/miradordeatarfe.es\/index.php?rest_route=%2Fwp%2Fv2%2Ftags&post=43702"}],"curies":[{"name":"wp","href":"https:\/\/api.w.org\/{rel}","templated":true}]}}