{"id":43707,"date":"2020-12-08T11:00:21","date_gmt":"2020-12-08T10:00:21","guid":{"rendered":"http:\/\/miradordeatarfe.es\/?p=43707"},"modified":"2020-12-08T13:17:10","modified_gmt":"2020-12-08T12:17:10","slug":"el-ayuntamiento-aprueba-lainstalacion-de-filtros-hepa-en-centros-educativos","status":"publish","type":"post","link":"https:\/\/miradordeatarfe.es\/?p=43707","title":{"rendered":"EL AYUNTAMIENTO APRUEBA  LA INSTALACI\u00d3N DE FILTROS HEPA  EN CENTROS EDUCATIVOS"},"content":{"rendered":"<p style=\"text-align: left;\" align=\"CENTER\"><span style=\"font-size: large;\"><b>IZQUIERDA UNIDA A TRAV\u00c9S DE SU CONCEJAL MIGUEL FERN\u00c1NDEZ ALMENARA, PRESENT\u00d3 EN EL PLENO DE NOVIEMBRE UAN MOCI\u00d3N PARA LA INSTALACI\u00d3N DE FILTROS HEPA (FILTRO DE AIRE DE PART\u00cdCULAS DE ALTA EFICIENCIA) O PURIFICADORES DE AIRE\u00a0<\/b><\/span><\/p>\n<p align=\"JUSTIFY\">Dicha moci\u00f3n fue aprobada con seis votos a favor (IU, PASI Y PP) , ninguno en contra y once abtenciones PSOE y Cs.<\/p>\n<p align=\"JUSTIFY\"><em><span style=\"font-size: large;\">Con el fr\u00edo ya encima, en los centros de trabajo, como en aulas, surge la cuesti\u00f3n de c\u00f3mo ventilar de forma correcta. El coronavirus sigue activo y tanto trabajadores como usuarios comparten el mismo espacio durante muchas horas al d\u00eda.<\/span><span style=\"font-size: large;\">El riesgo de contagio por la Covid-19 en ambientes interiores es superior al riesgo en el exterior. En estos ambientes, las part\u00edculas en suspensi\u00f3n -los aerosoles-, susceptibles de contener virus, se pueden acumular. La exposici\u00f3n a este aire puede provocar infecciones a quien lo inhala. La reducci\u00f3n del riesgo de contagio se consigue disminuyendo la EMISI\u00d3N y la EXPOSICI\u00d3N.<\/span><\/em><\/p>\n<p align=\"JUSTIFY\"><em><span style=\"font-size: large;\">La EMISI\u00d3N se puede reducir mediante:<\/span><\/em><\/p>\n<ul>\n<li>\n<p align=\"JUSTIFY\"><em><span style=\"font-size: large;\">Disminuci\u00f3n del n\u00famero de personas.<\/span><\/em><\/p>\n<\/li>\n<li>\n<p align=\"JUSTIFY\"><em><span style=\"font-size: large;\">Silencio o volumen de habla baja (al hablar fuerte o gritar la emisi\u00f3n es 30 veces superior)<\/span><\/em><\/p>\n<\/li>\n<li>\n<p align=\"JUSTIFY\"><em><span style=\"font-size: large;\">Actividad f\u00edsica relajada.<\/span><\/em><\/p>\n<\/li>\n<\/ul>\n<p align=\"JUSTIFY\"><em><span style=\"font-size: large;\">La EXPOSICI\u00d3N se puede reducir mediante:<\/span><\/em><\/p>\n<ul>\n<li>\n<p align=\"JUSTIFY\"><em><span style=\"font-size: large;\">Uso de mascarilla bien ajustada.<\/span><\/em><\/p>\n<\/li>\n<li>\n<p align=\"JUSTIFY\"><em><span style=\"font-size: large;\">Reducci\u00f3n del tiempo de exposici\u00f3n.<\/span><\/em><\/p>\n<\/li>\n<li>\n<p align=\"JUSTIFY\"><em><span style=\"font-size: large;\">Aumento de la distancia interpersonal.<\/span><\/em><\/p>\n<\/li>\n<li>\n<p align=\"JUSTIFY\"><em><span style=\"font-size: large;\">Ventilaci\u00f3n o purificaci\u00f3n del aire (para eliminar o reducir la concentraci\u00f3n de virus).<\/span><\/em><\/p>\n<\/li>\n<\/ul>\n<p align=\"JUSTIFY\"><em><span style=\"font-size: large;\">La ventilaci\u00f3n se refiere a la renovaci\u00f3n del aire, es decir, sustituci\u00f3n del aire interior, potencialmente contaminado por aire exterior, libre de virus. La purificaci\u00f3n del aire consiste en la eliminaci\u00f3n de las part\u00edculas en suspensi\u00f3n, susceptibles de contener virus. El m\u00e9todo m\u00e1s sencillo y eficaz de purificar es la FILTRACI\u00d3N.<\/span><\/em><\/p>\n<p align=\"JUSTIFY\"><em><span style=\"font-size: large;\">Existen m\u00e9todos para medir la calidad del aire en un espacio concreto, que se basan en mediciones del CO2. Las concentraciones de CO2 en el exterior son aproximadamente de 420 ppm. En interiores, en espacios ocupados, las concentraciones de CO2 son elevadas, por el CO2 exhalado por los ocupantes. A partir de 750 ppm se consideran perjudiciales para la salud.<\/span><\/em><\/p>\n<p align=\"JUSTIFY\"><em><span style=\"font-size: large;\">La <\/span><span style=\"font-size: large;\"><b>ventilaci\u00f3n natural<\/b><\/span><span style=\"font-size: large;\">, debe ser la primera opci\u00f3n para mantener aire limpio en aulas, oficinas, bares, etc., pero las condiciones meteorol\u00f3gicas del invierno (fr\u00edo) dificultan su correcta aplicaci\u00f3n.<\/span><\/em><\/p>\n<p align=\"JUSTIFY\"><em><span style=\"font-size: large;\">Es aqu\u00ed, por tanto donde entra la otra opci\u00f3n de conseguir un aire limpio y libre de virus: la <\/span><span style=\"font-size: large;\"><b>utilizaci\u00f3n de filtros o purificadores de aire.<\/b><\/span><span style=\"font-size: large;\"> Y es por tanto aqu\u00ed donde han de intervenir las administraciones.<\/span><\/em><\/p>\n<p align=\"JUSTIFY\"><em><span style=\"font-size: large;\">Por todo ello proponemos las siguientes<\/span><\/em><\/p>\n<p align=\"JUSTIFY\"><em><span style=\"font-size: large;\"><b>PROPUESTAS DE ACUERDO<\/b><\/span><\/em><\/p>\n<p align=\"JUSTIFY\"><em><span style=\"font-size: large;\">1.-<strong> La adquisici\u00f3n de sistemas de filtraci\u00f3n y purificaci\u00f3n de aire<\/strong>, mediante filtros HEPA, <strong>para todos los centros educativos<\/strong> de la localidad que lo soliciten; as\u00ed como medidores de CO2.<\/span><\/em><\/p>\n<p align=\"JUSTIFY\"><em><span style=\"font-size: large;\">2.- <strong>Instar a la Junta de Andaluc\u00eda a que asuma, al menos el 50%, del coste<\/strong> de dicha adquisici\u00f3n e instalaci\u00f3n en los centros docentes.<\/span><\/em><\/p>\n<p align=\"JUSTIFY\"><a name=\"Bookmark\"><\/a><em><span style=\"font-size: large;\">3.- La <strong>adquisici\u00f3n de sistemas de filtraci\u00f3n y purificaci\u00f3n de aire<\/strong>, mediante filtros HEPA, as\u00ed como medidores de CO2, <strong>para todas las instalaciones del Ayuntamiento<\/strong> cuyos espacios de trabajo sean compartidos por dos o m\u00e1s personas en un espacio cerrado, as\u00ed como para las salas donde se tenga previsto realizar alg\u00fan acto de cualquier \u00edndole.<\/span><\/em><\/p>\n<p align=\"JUSTIFY\"><em><span style=\"font-size: large;\">4.-<strong> Formaci\u00f3n a personas encargadas de su manejo, mantenimiento y recambios<\/strong>.<\/span><\/em><\/p>\n<p align=\"JUSTIFY\"><em><span style=\"font-size: large;\">5.- La<strong> elaboraci\u00f3n de una gu\u00eda de informaci\u00f3n para el uso adecuado<\/strong> y adquisici\u00f3n de sistemas de filtraci\u00f3n y purificaci\u00f3n de aire mediante filtros HEPA, y medidores de CO2, que se ponga a disposici\u00f3n de comercios, hosteler\u00eda y de la ciudadan\u00eda en general, para facilitar la correcta adquisici\u00f3n y uso de todos aquellos profesionales que quieran incorporarlos a su actividad empresarial.<\/span><\/em><\/p>\n<div class=\"nH V8djrc byY\">\n<div class=\"nH\">\n<div class=\"dJ\">\u00a0<\/div>\n<\/div>\n<\/div>\n<div class=\"nH aHU\">\n<div class=\"nH hx\">\n<div class=\"nH\">\u00a0<\/div>\n<div class=\"nH\">\u00a0<\/div>\n<div class=\"nH\" role=\"list\">\n<div class=\"h7 ie nH oy8Mbf\" tabindex=\"-1\" role=\"listitem\">\n<div class=\"Bk\">\n<div class=\"G3 G2\">\n<div>\n<div id=\":rt\">\n<div class=\"adn ads\" data-message-id=\"#msg-f:1685145231956200595\" data-legacy-message-id=\"1762d6a901b14c93\">\n<div class=\"gs\">\n<div class=\"gE iv gt\">\n<table class=\"cf gJ\" style=\"width: 10px;\" cellpadding=\"0\">\n<tbody>\n<tr class=\"acZ\">\n<td class=\"gF gK\" style=\"width: 8px;\">\n<table class=\"cf ix\" cellpadding=\"0\">\n<tbody>\n<tr>\n<td class=\"c2\">\u00a0<\/td>\n<\/tr>\n<\/tbody>\n<\/table>\n<\/td>\n<\/tr>\n<\/tbody>\n<\/table>\n<\/div>\n<\/div>\n<\/div>\n<\/div>\n<\/div>\n<\/div>\n<\/div>\n<\/div>\n<\/div>\n<\/div>\n<\/div>\n","protected":false},"excerpt":{"rendered":"<p>IZQUIERDA UNIDA A TRAV\u00c9S DE SU CONCEJAL MIGUEL FERN\u00c1NDEZ ALMENARA, PRESENT\u00d3 EN EL PLENO DE&#8230;<\/p>\n","protected":false},"author":1,"featured_media":43708,"comment_status":"closed","ping_status":"closed","sticky":false,"template":"","format":"standard","meta":{"_coblocks_attr":"","_coblocks_dimensions":"","_coblocks_responsive_height":"","_coblocks_accordion_ie_support":"","jetpack_post_was_ever_published":false,"_jetpack_newsletter_access":"","_jetpack_dont_email_post_to_subs":false,"_jetpack_newsletter_tier_id":0,"_jetpack_memberships_contains_paywalled_content":false,"_jetpack_memberships_contains_paid_content":false,"footnotes":"","jetpack_publicize_message":"","jetpack_publicize_feature_enabled":true,"jetpack_social_post_already_shared":false,"jetpack_social_options":{"image_generator_settings":{"template":"highway","default_image_id":0,"enabled":false},"version":2}},"categories":[6916,187,186,44,7671,15],"tags":[7875,7874],"class_list":["post-43707","post","type-post","status-publish","format-standard","has-post-thumbnail","hentry","category-ayuntamiento-de-atarfe","category-centros-educativos","category-instituciones","category-noticias-de-hoy","category-politica","category-ultimas-noticias","tag-colegios-de-atarfe","tag-filtros-en-colegios"],"jetpack_publicize_connections":[],"jetpack_featured_media_url":"https:\/\/i0.wp.com\/miradordeatarfe.es\/wp-content\/uploads\/2020\/12\/filtros-hepa.jpg?fit=1366%2C800&ssl=1","jetpack_likes_enabled":true,"jetpack_sharing_enabled":true,"_links":{"self":[{"href":"https:\/\/miradordeatarfe.es\/index.php?rest_route=\/wp\/v2\/posts\/43707","targetHints":{"allow":["GET"]}}],"collection":[{"href":"https:\/\/miradordeatarfe.es\/index.php?rest_route=\/wp\/v2\/posts"}],"about":[{"href":"https:\/\/miradordeatarfe.es\/index.php?rest_route=\/wp\/v2\/types\/post"}],"author":[{"embeddable":true,"href":"https:\/\/miradordeatarfe.es\/index.php?rest_route=\/wp\/v2\/users\/1"}],"replies":[{"embeddable":true,"href":"https:\/\/miradordeatarfe.es\/index.php?rest_route=%2Fwp%2Fv2%2Fcomments&post=43707"}],"version-history":[{"count":4,"href":"https:\/\/miradordeatarfe.es\/index.php?rest_route=\/wp\/v2\/posts\/43707\/revisions"}],"predecessor-version":[{"id":43842,"href":"https:\/\/miradordeatarfe.es\/index.php?rest_route=\/wp\/v2\/posts\/43707\/revisions\/43842"}],"wp:featuredmedia":[{"embeddable":true,"href":"https:\/\/miradordeatarfe.es\/index.php?rest_route=\/wp\/v2\/media\/43708"}],"wp:attachment":[{"href":"https:\/\/miradordeatarfe.es\/index.php?rest_route=%2Fwp%2Fv2%2Fmedia&parent=43707"}],"wp:term":[{"taxonomy":"category","embeddable":true,"href":"https:\/\/miradordeatarfe.es\/index.php?rest_route=%2Fwp%2Fv2%2Fcategories&post=43707"},{"taxonomy":"post_tag","embeddable":true,"href":"https:\/\/miradordeatarfe.es\/index.php?rest_route=%2Fwp%2Fv2%2Ftags&post=43707"}],"curies":[{"name":"wp","href":"https:\/\/api.w.org\/{rel}","templated":true}]}}