{"id":43712,"date":"2020-12-08T09:25:22","date_gmt":"2020-12-08T08:25:22","guid":{"rendered":"http:\/\/miradordeatarfe.es\/?p=43712"},"modified":"2020-12-04T13:31:59","modified_gmt":"2020-12-04T12:31:59","slug":"por-las-victimas-de-la-violencia-machista-no-se-guarda-silencio-pero-si-por-maradona","status":"publish","type":"post","link":"https:\/\/miradordeatarfe.es\/?p=43712","title":{"rendered":"\u201cPor las v\u00edctimas de la violencia machista no se guarda silencio, pero s\u00ed por Maradona\u201d"},"content":{"rendered":"<h2 class=\"article-subtitle headline-article__subtitle\" style=\"text-align: justify;\">\u201cEspero que mi gesto sirva de ejemplo\u201d, dice la pontevedresa que no homenaje\u00f3 al astro<\/h2>\n<div class=\"bbnx-module\" style=\"text-align: justify;\">\n<div class=\"article-body \">\n<p class=\"article-body__text article-body__text--entry article-body__text-middle\">Paula Dapena tiene 24 a\u00f1os y se define como feminista radical. Su compromiso con la igualdad llev\u00f3 a esta pontevedresa, jugadora del Viajes InterR\u00edas FF, <strong>a dar la espalda a Maradona en el campo de f\u00fatbol mientras la comunidad deportiva lloraba su muerte<\/strong>. En lugar de guardar un minuto de silencio antes de medirse contra el Deportivo en Abegondo, <strong>Dapena sentarse de espaldas, en se\u00f1al de apoyo a las v\u00edctimas de la violencia machista<\/strong>.<\/p>\n<p class=\"article-body__text \"><strong>\u2013Su imagen rompiendo el minuto de silencio sorprendi\u00f3 a toda la sociedad, \u00bftambi\u00e9n a su equipo?<\/strong><\/p>\n<p class=\"article-body__text \">\u2013Desde que se conoci\u00f3 la noticia de Maradona el pasado mi\u00e9rcoles yo me posicion\u00e9. Dije que su muerte hab\u00eda sido justicia po\u00e9tica porque cuadr\u00f3 con un 25N. Mi equipo era consciente de lo que pienso sobre \u00e9l pero, aunque sab\u00edan que yo no quer\u00eda participar en el homenaje, no se lo esperaban. Pensaban que me echar\u00eda atr\u00e1s a la hora de hacerlo.<\/p>\n<p class=\"article-body__text \"><strong><a href=\"https:\/\/i0.wp.com\/miradordeatarfe.es\/wp-content\/uploads\/2020\/12\/paula-dapena-contra-silencio-maradona-entrevista.jpg?ssl=1\"><img data-recalc-dims=\"1\" loading=\"lazy\" decoding=\"async\" class=\"wp-image-43714 size-full alignleft\" src=\"https:\/\/i0.wp.com\/miradordeatarfe.es\/wp-content\/uploads\/2020\/12\/paula-dapena-contra-silencio-maradona-entrevista.jpg?resize=640%2C287&#038;ssl=1\" alt=\"\" width=\"640\" height=\"287\" srcset=\"https:\/\/i0.wp.com\/miradordeatarfe.es\/wp-content\/uploads\/2020\/12\/paula-dapena-contra-silencio-maradona-entrevista.jpg?w=880&amp;ssl=1 880w, https:\/\/i0.wp.com\/miradordeatarfe.es\/wp-content\/uploads\/2020\/12\/paula-dapena-contra-silencio-maradona-entrevista.jpg?resize=300%2C134&amp;ssl=1 300w, https:\/\/i0.wp.com\/miradordeatarfe.es\/wp-content\/uploads\/2020\/12\/paula-dapena-contra-silencio-maradona-entrevista.jpg?resize=768%2C344&amp;ssl=1 768w\" sizes=\"auto, (max-width: 640px) 100vw, 640px\" \/><\/a>\u2013\u00bfCu\u00e1ndo decidi\u00f3 que se plantaba? <\/strong><\/p>\n<p class=\"article-body__text \">\u2013Me enter\u00e9 tres horas antes del partido de que la Federaci\u00f3n Espa\u00f1ola hab\u00eda sacado un comunicado diciendo que hab\u00eda que guardar un minuto de silencio por Maradona y me dije \u201cyo no lo hago\u201d. En el momento de saltar al campo, las compa\u00f1eras y el cuerpo t\u00e9cnico estaban coment\u00e1ndolo y les dije que yo no lo iba a guardar, como si me ten\u00eda que dar la vuelta y sentar en el suelo. Y as\u00ed fue.<\/p>\n<div class=\"article-body__embed \">\n<div>\n<h3>\u00abVolver\u00eda a hacerlo, sobre todo por la cantidad de gente ofendida que hay\u00bb<\/h3>\n<\/div>\n<\/div>\n<p class=\"article-body__text \"><strong>\u2013\u00bfPor qu\u00e9 era importante para usted darle la espalda a Maradona en el campo?<\/strong><\/p>\n<div id=\"quantum-intext-1\">\u00a0<\/div>\n<p class=\"article-body__text \">\u2013Hace unos d\u00edas fue 25 de noviembre, D\u00eda Internacional para la Eliminaci\u00f3n de la Violencia de G\u00e9nero, y \u00e9l se muere. Por las v\u00edctimas no se guarda un minuto de silencio, pero s\u00ed por Maradona, alguien que es reconocido tanto por lo que hizo dentro como fuera del campo y que, precisamente, no es para estar orgulloso. Por eso no le rend\u00ed homenaje.<\/p>\n<p class=\"article-body__text \"><strong>\u2013La opini\u00f3n p\u00fablica nacional e internacional se hizo eco de su gesto, \u00bfse esperaba esta reacci\u00f3n?<\/strong><\/p>\n<p class=\"article-body__text \">\u2013Para nada. Pens\u00e9 que se iba a quedar entre mis seguidores de redes sociales y que de ah\u00ed no iba a salir, como mucho que lo conocer\u00edan en Pontevedra. Pero la noticia dio la vuelta al mundo y flip\u00e9 bastante.<\/p>\n<div class=\"article-body__embed \">\n<div class=\"twitter-tweet twitter-tweet-rendered\"><iframe id=\"twitter-widget-0\" class=\"\" title=\"Twitter Tweet\" src=\"https:\/\/platform.twitter.com\/embed\/index.html?dnt=false&amp;embedId=twitter-widget-0&amp;frame=false&amp;hideCard=false&amp;hideThread=false&amp;id=1333126717280579587&amp;lang=es&amp;origin=https%3A%2F%2Fwww.farodevigo.es%2Fdeportes%2Fpontevedra%2F2020%2F12%2F01%2Fvictimas-violencia-machista-guarda-silencio-25790413.html&amp;theme=light&amp;widgetsVersion=ed20a2b%3A1601588405575&amp;width=550px\" frameborder=\"0\" scrolling=\"no\" allowfullscreen=\"allowfullscreen\" data-tweet-id=\"1333126717280579587\" data-mce-fragment=\"1\"><\/iframe><\/div>\n<blockquote class=\"twitter-tweet\" data-lang=\"es\" data-twitter-extracted-i1607084725526575606=\"true\">\n<p dir=\"ltr\" lang=\"es\">SI QUER\u00c9IS INSULTARME A M\u00cd ADELANTE, PERO DEJAD DE ACOSAR A MIS COMPA\u00d1ERAS DE EQUIPO QUE NADA TIENEN QUE VER EN ESTO.<\/p>\n<p>\u2014 Dapena (@DapenaPau_3) <a href=\"https:\/\/twitter.com\/DapenaPau_3\/status\/1333126717280579587?ref_src=twsrc%5Etfw\">29 de noviembre de 2020<\/a><\/p>\n<\/blockquote>\n<\/div>\n<p class=\"article-body__text \"><strong>\u2013\u00bfVolver\u00eda a hacerlo?<\/strong><\/p>\n<p class=\"article-body__text \">\u2013S\u00ed, sobre todo por la cantidad de gente ofendida que hay. Que haya tanta gente ofendida significa que se est\u00e1 haciendo bien. Y tambi\u00e9n por todos los mensajes de apoyo y respaldo que tengo de las compa\u00f1eras, luchando y contestando las amenazas e insultos en las redes sociales.<\/p>\n<p class=\"article-body__text \"><strong>\u2013El gesto ha sido muy criticado en redes sociales, llegando a levantar odio en plataformas como Twitter. <\/strong><\/p>\n<p class=\"article-body__text \">\u2013S\u00ed, la verdad es que a m\u00ed no me pareci\u00f3 una falta de respeto. Podr\u00eda haber cortado el minuto de silencio gritando, pero solo me gir\u00e9 y me sent\u00e9 para que se viera que no estoy de acuerdo, pero permit\u00ed que se le rindiera homenaje. Que se me critique a m\u00ed por no estar de acuerdo con el gesto vale, pero no que lo hagan a compa\u00f1eras por darme apoyo en redes. Han recibido amenazas de muerte, no es una tonter\u00eda.<\/p>\n<p class=\"article-body__text \"><strong>\u2013Se define como feminista radical pero como jugadora, \u00bfcree que le queda mucho por andar al f\u00fatbol en materia de igualdad? <\/strong><\/p>\n<p class=\"article-body__text \">\u2013Obviamente se han dado pasos y cada vez se reconoce m\u00e1s el f\u00fatbol femenino, pero queda mucho por conseguir. Se ha visto que se defiende a una persona como Maradona solo por ser un buen futbolista y es algo que no se puede permitir. Espero que mi gesto sirva de ejemplo para otras personas.<\/p>\n<article class=\"article-photo article-photo-- \">\n<div class=\"multimedia-block__element\" data-lozad-loaded=\"true\"><picture class=\"image lozad\" data-alt=\"Dapena, de espaldas, en el minuto de silencio . | \/\/ FDV\" data-loaded=\"true\"><source srcset=\"https:\/\/estaticos-cdn.prensaiberica.es\/clip\/3664291b-8a96-4c2a-9b84-fef5b063a685_16-9-aspect-ratio_default_0.jpg\" media=\"(max-width: 767px)\" \/><source srcset=\"https:\/\/estaticos-cdn.prensaiberica.es\/clip\/3664291b-8a96-4c2a-9b84-fef5b063a685_16-9-aspect-ratio_75p_0.jpg\" media=\"(max-width: 1201px)\" \/><source srcset=\"https:\/\/estaticos-cdn.prensaiberica.es\/clip\/3664291b-8a96-4c2a-9b84-fef5b063a685_16-9-aspect-ratio_default_0.jpg\" media=\"(max-width: 100vw)\" \/><\/picture><strong>Amenazas de muerte por la sentada m\u00e1s viral<\/strong><\/div>\n<\/article>\n<p class=\"article-body__text \">Cuando <em>Paula Dapena decidi\u00f3 darse la vuelta, sentarse y romper la alineaci\u00f3n<\/em> para no guardar un minuto de silencio por la muerte de Maradona no pens\u00f3 que su gesto fuese a tener tanta repercusi\u00f3n. Su espont\u00e1nea sentada, que persegu\u00eda concienciar del <strong>pasado oscuro en materia de violencia de g\u00e9nero del reconocido futbolista<\/strong>, consigui\u00f3 su prop\u00f3sito: abrir debate. Desde que la imagen se hizo viral, las entrevistas en medios de comunicaci\u00f3n nacionales e internacionales no le han dejado ni un respiro pero aunque el apoyo, seg\u00fan reconoce, ha sido inmenso, tambi\u00e9n lo han sido las cr\u00edticas. <a class=\"link copy\" title=\"Burlas, insultos e incluso amenazas de muerte\" href=\"https:\/\/www.farodevigo.es\/deportes\/2020\/11\/30\/paula-dapena-futbolista-pontevedresa-dio-25784316.html\" target=\"_blank\" rel=\"noopener noreferrer\">Burlas, insultos e incluso amenazas de muerte <\/a>han llenado sus perfiles en redes sociales como Instagram o Twitter, por lo que la jugadora se ha visto obligada a cerrar sus cuentas al p\u00fablico.<\/p>\n<\/div>\n<div class=\"share-modal\">\n<div class=\"share-modal__title\">\u00a0<\/div>\n<\/div>\n<\/div>\n<div class=\"bbnx-module\">\n<article class=\"article-related-topics related-topics \">\n<h3 class=\"related-topics__title\" style=\"text-align: justify;\">\u00a0<\/h3>\n<\/article>\n<\/div>\n","protected":false},"excerpt":{"rendered":"<p>\u201cEspero que mi gesto sirva de ejemplo\u201d, dice la pontevedresa que no homenaje\u00f3 al astro&#8230;<\/p>\n","protected":false},"author":1,"featured_media":43713,"comment_status":"closed","ping_status":"closed","sticky":false,"template":"","format":"standard","meta":{"_coblocks_attr":"","_coblocks_dimensions":"","_coblocks_responsive_height":"","_coblocks_accordion_ie_support":"","jetpack_post_was_ever_published":false,"_jetpack_newsletter_access":"","_jetpack_dont_email_post_to_subs":false,"_jetpack_newsletter_tier_id":0,"_jetpack_memberships_contains_paywalled_content":false,"_jetpack_memberships_contains_paid_content":false,"footnotes":"","jetpack_publicize_message":"","jetpack_publicize_feature_enabled":true,"jetpack_social_post_already_shared":false,"jetpack_social_options":{"image_generator_settings":{"template":"highway","default_image_id":0,"enabled":false},"version":2}},"categories":[1161,14,44,15],"tags":[41,7876,7848,214],"class_list":["post-43712","post","type-post","status-publish","format-standard","has-post-thumbnail","hentry","category-ciudadania","category-feminismo","category-noticias-de-hoy","category-ultimas-noticias","tag-feminismo","tag-homenajes","tag-maradona","tag-violencia-de-genero"],"jetpack_publicize_connections":[],"jetpack_featured_media_url":"https:\/\/i0.wp.com\/miradordeatarfe.es\/wp-content\/uploads\/2020\/12\/2HZVCD5QJVAKRKO5UENSO4PWLE.jpg?fit=1200%2C675&ssl=1","jetpack_likes_enabled":true,"jetpack_sharing_enabled":true,"_links":{"self":[{"href":"https:\/\/miradordeatarfe.es\/index.php?rest_route=\/wp\/v2\/posts\/43712","targetHints":{"allow":["GET"]}}],"collection":[{"href":"https:\/\/miradordeatarfe.es\/index.php?rest_route=\/wp\/v2\/posts"}],"about":[{"href":"https:\/\/miradordeatarfe.es\/index.php?rest_route=\/wp\/v2\/types\/post"}],"author":[{"embeddable":true,"href":"https:\/\/miradordeatarfe.es\/index.php?rest_route=\/wp\/v2\/users\/1"}],"replies":[{"embeddable":true,"href":"https:\/\/miradordeatarfe.es\/index.php?rest_route=%2Fwp%2Fv2%2Fcomments&post=43712"}],"version-history":[{"count":2,"href":"https:\/\/miradordeatarfe.es\/index.php?rest_route=\/wp\/v2\/posts\/43712\/revisions"}],"predecessor-version":[{"id":43716,"href":"https:\/\/miradordeatarfe.es\/index.php?rest_route=\/wp\/v2\/posts\/43712\/revisions\/43716"}],"wp:featuredmedia":[{"embeddable":true,"href":"https:\/\/miradordeatarfe.es\/index.php?rest_route=\/wp\/v2\/media\/43713"}],"wp:attachment":[{"href":"https:\/\/miradordeatarfe.es\/index.php?rest_route=%2Fwp%2Fv2%2Fmedia&parent=43712"}],"wp:term":[{"taxonomy":"category","embeddable":true,"href":"https:\/\/miradordeatarfe.es\/index.php?rest_route=%2Fwp%2Fv2%2Fcategories&post=43712"},{"taxonomy":"post_tag","embeddable":true,"href":"https:\/\/miradordeatarfe.es\/index.php?rest_route=%2Fwp%2Fv2%2Ftags&post=43712"}],"curies":[{"name":"wp","href":"https:\/\/api.w.org\/{rel}","templated":true}]}}