{"id":43717,"date":"2020-12-08T08:43:42","date_gmt":"2020-12-08T07:43:42","guid":{"rendered":"http:\/\/miradordeatarfe.es\/?p=43717"},"modified":"2020-12-04T18:47:30","modified_gmt":"2020-12-04T17:47:30","slug":"las-mujeres-investigadoras-rocio-caro","status":"publish","type":"post","link":"https:\/\/miradordeatarfe.es\/?p=43717","title":{"rendered":"LAS MUJERES INVESTIGADORAS: ROCIO CARO"},"content":{"rendered":"<div class=\"single__header\">\n<h1 class=\"single__title\" style=\"text-align: justify;\">\u201cUtilizo m\u00e9todos computacionales para analizar genomas de poblaciones\u201d<\/h1>\n<\/div>\n<div class=\"single__content\">\n<p class=\"single__excerpt\" style=\"text-align: justify;\"><strong>Roc\u00edo Caro, formada en Ingenier\u00eda Biom\u00e9dica<\/strong>, es ahora estudiante de un doctorado en Gen\u00e9tica de poblaciones en el Instituto de Biolog\u00eda Evolutiva (UPF-CSIC). En esta entrevista repasa su trayectoria acad\u00e9mica y profesional.<\/p>\n<div class=\"single__container\">\n<p style=\"text-align: justify;\">Roc\u00edo Caro, ingeniera biom\u00e9dica, curs\u00f3 un m\u00e1ster en Bioinform\u00e1tica en el Imperial College London. Actualmente es estudiante de doctorado en el laboratorio de <a href=\"https:\/\/www.ibe.upf-csic.es\/es\/bosch\" target=\"_blank\" rel=\"noopener noreferrer\">Gen\u00e9tica Evolutiva de Poblaciones<\/a> del <a href=\"https:\/\/www.ibe.upf-csic.es\/\" target=\"_blank\" rel=\"noopener noreferrer\">Instituto de Biolog\u00eda Evolutiva (UPF-CSIC)<\/a>. En esta entrevista repasa su trayectoria acad\u00e9mica y su experiencia personal como investigadora.<\/p>\n<p class=\"single__question\" style=\"text-align: justify;\"><strong>Cu\u00e9ntanos qu\u00e9 estudiaste y por qu\u00e9 lo escogiste.<\/strong><\/p>\n<p style=\"text-align: justify;\">Como muchas personas, cuando terminaba Bachillerato y tocaba escoger qu\u00e9 quer\u00eda estudiar despu\u00e9s, tuve muchas dudas. Me interesaban las carreras relacionadas con la salud, pero tambi\u00e9n ten\u00eda inter\u00e9s por las Matem\u00e1ticas, la Estad\u00edstica, la Programaci\u00f3n, etc. En aquel momento, la Ingenier\u00eda Biom\u00e9dica no era muy conocida, ya que se hab\u00eda implementado como grado hac\u00eda muy poco, pero descubrirla me permiti\u00f3 indagar un poco en todo lo que por entonces me interesaba. Despu\u00e9s, haciendo el m\u00e1ster tambi\u00e9n en Ingenier\u00eda Biom\u00e9dica, tuvimos un par de asignaturas relacionadas con la ciencia de datos y la Bioinform\u00e1tica. Ah\u00ed tuve claro que de las muchas salidas de la Ingenier\u00eda Biom\u00e9dica yo quer\u00eda tirar por ah\u00ed, as\u00ed que busqu\u00e9 c\u00f3mo seguir form\u00e1ndome y me fui al Imperial College London a hacer un m\u00e1ster espec\u00edfico en Bioinform\u00e1tica.<\/p>\n<p class=\"single__question\" style=\"text-align: justify;\"><strong>\u00bfPensabas dedicarte a la investigaci\u00f3n cuando terminaste el grado? \u00bfQu\u00e9 te motiv\u00f3 a dedicarte a investigar?<\/strong><\/p>\n<p style=\"text-align: justify;\">La investigaci\u00f3n es algo que siempre me hab\u00eda llamado la atenci\u00f3n. Para m\u00ed es muy gratificante poder resolver preguntas que no tienen respuesta usando las herramientas adecuadas. Adem\u00e1s, si esas respuestas nos ayudan a entender c\u00f3mo funciona el cuerpo humano o si tienen aplicaci\u00f3n en la salud, mejor que mejor.<\/p>\n<p style=\"text-align: justify;\">En mi caso, soy una persona con muchas aspiraciones, y el doctorado fue el camino l\u00f3gico a seguir en el momento que termin\u00e9 el m\u00e1ster en Londres. Volv\u00ed un poco a ciegas, porque la situaci\u00f3n aqu\u00ed estaba (y est\u00e1) mucho peor que all\u00ed, y no ten\u00eda ni idea de si encontrar\u00eda un tema que me gustara o si habr\u00eda financiaci\u00f3n para m\u00ed.<\/p>\n<p class=\"single__question\" style=\"text-align: justify;\"><strong>\u00bfQu\u00e9 l\u00edneas de investigaci\u00f3n sigue tu laboratorio? \u00bfNos podr\u00edas explicar en qu\u00e9 consiste tu investigaci\u00f3n?<\/strong><\/p>\n<p style=\"text-align: justify;\">Mi laboratorio es el de \u201cGen\u00e9tica Evolutiva de Poblaciones\u201d en el Instituto de Biolog\u00eda Evolutiva (UPF-CSIC). El objetivo principal del grupo es estudiar las adaptaciones en el genoma humano que incrementan la probabilidad de supervivencia (<i>fitness<\/i>) de poblaciones espec\u00edficas sometidas a diferentes presiones selectivas (condiciones ambientales adversas, presencia de pat\u00f3genos, dieta, etc.). Las componentes del grupo estudiamos lo mismo en diferentes estadios. Yo, por ejemplo, tengo un perfil 100% computacional, es decir, que mediante medios inform\u00e1ticos identifico regiones candidatas a haberse adaptado en el genoma de ciertas poblaciones. Luego esto hay que validarlo funcionalmente en el laboratorio y ver si realmente las variantes que yo he encontrado producen el efecto que creemos.<\/p>\n<p style=\"text-align: justify;\">En concreto, en el \u00faltimo proyecto en que he estado trabajando, analic\u00e9 los genotipos de personas nativo americanas de regiones con diferentes condiciones ambientales en Per\u00fa, para identificar si estas se han adaptado de manera diferencial. Por ejemplo, una de las regiones son los Andes peruanos, que tienen zonas pobladas por encima de los 2500m sobre el nivel del mar. A esa altura, los niveles de ox\u00edgeno disponibles son menores por la menor presi\u00f3n atmosf\u00e9rica, por eso cuando una persona no nativa de la regi\u00f3n asciende, tiene que estar muy pendiente porque es f\u00e1cil desarrollar mal de altura. \u00bfQu\u00e9 tienen las personas nativas que les permite hacer vida en esas condiciones? Parte de la respuesta est\u00e1 en su genoma.<\/p>\n<p class=\"single__question\" style=\"text-align: justify;\"><strong>\u00bfQu\u00e9 tienes pensado hacer cuando acabes el doctorado?<\/strong><\/p>\n<p style=\"text-align: justify;\">Ahora mismo estoy en tercero o sea que acabar el doctorado es algo que veo a\u00fan lejos, pero va asomando las orejas. Por desgracia, las condiciones para seguir trabajando como investigadora en el sector p\u00fablico no se alinean con lo que yo quiero para m\u00ed. Es muy sacrificado porque la mayor\u00eda de las veces implica encadenar contratos temporales posdoctorales en pa\u00edses diferentes cada vez y a\u00fan as\u00ed no tienes nada garantizado. Yo prefiero una vida m\u00e1s estable donde no tenga que moverme tanto de Barcelona.<\/p>\n<p style=\"text-align: justify;\">La investigaci\u00f3n es algo que me apasiona, as\u00ed que si encontrase algo en el sector privado ser\u00eda genial. Si no, hay muchas otras cosas que me gustan, como la ciencia de datos y la bioinform\u00e1tica centrada en aplicaciones concretas, la divulgaci\u00f3n y la transferencia de conocimiento, etc. No es algo que me obsesione porque siento que siempre estoy a tiempo de experimentar d\u00f3nde me siento m\u00e1s c\u00f3moda.<\/p>\n<p class=\"single__question\" style=\"text-align: justify;\"><strong>\u00bfCon qu\u00e9 actividades complementas tu vida profesional?<\/strong><\/p>\n<p style=\"text-align: justify;\">Como el doctorado es una etapa muy absorbente, he aprendido por las malas que, si no cuido mi salud f\u00edsica y mental, no hay ni doctorado ni nada. Tuve una \u00e9poca que pasaba en la oficina much\u00edsimas horas y al final no eres productiva todas esas horas porque el cerebro acaba frito. Por eso, centro mucho mi actividad no profesional en cuidarme y, a parte de pasar tiempo de calidad con mi gente, leer, conectar con la naturaleza, etc., algo que para m\u00ed ha marcado una diferencia es el yoga. Su pr\u00e1ctica me ayuda mucho a conectar con el presente y relajar mi mente a la vez que estiro y ejercito mi cuerpo. Adem\u00e1s, hace muy poco he creado una cuenta de Instagram para la divulgaci\u00f3n cient\u00edfica y de reflexiones y t\u00e9cnicas para el autocuidado, que son las cosas que m\u00e1s me mueven. Como digo es muy reciente, pero si le quer\u00e9is echar un ojo, la cuenta es <a href=\"https:\/\/www.instagram.com\/concienciayciencia\/\" target=\"_blank\" rel=\"noopener noreferrer\">@concienciayciencia<\/a>.<\/p>\n<p class=\"single__question\" style=\"text-align: justify;\"><strong>\u00bfQu\u00e9 le dir\u00edas a alguien que est\u00e9 terminando el grado de Bioinform\u00e1tica?<\/strong><\/p>\n<p style=\"text-align: justify;\">Le dir\u00eda que, si no tiene claro lo que quiere hacer despu\u00e9s, no pasa nada. Eso tambi\u00e9n est\u00e1 bien y seguramente no hay una \u00fanica respuesta correcta. Que haga un ejercicio de autoconocimiento para ver de todas las posibles salidas cu\u00e1les son las que le apetece m\u00e1s explorar, pero que, si empieza un nuevo trabajo, proyecto o lo que sea y no le gusta, no pasa nada. Que identifique qu\u00e9 es lo que no le gusta de ese camino, busque una alternativa y se permita explorar con calma.<\/p>\n<p>ARTICULO PUBLICADO EN:<a href=\"https:\/\/www.esciupfnews.com\/es\/2020\/11\/25\/genoma-de-poblaciones-rocio-caro\/\"> https:\/\/www.esciupfnews.com\/es\/2020\/11\/25\/genoma-de-poblaciones-rocio-caro\/<\/a><\/p>\n<p>FOTO: Roc\u00edo Caro, a la izquierda de la imagen, con dos compa\u00f1eras, Carla Garc\u00eda-Fern\u00e1ndez y Neus Font, investigadoras en el IBE. \/ Foto: Roc\u00edo Caro<\/p>\n<p>&nbsp;<\/p>\n<hr \/>\n<p class=\"\"><strong>Alexis Molina<\/strong>, alumni del BDBI<br \/>\n<strong>Laura Serra<\/strong>, estudiante del BDBI<\/p>\n<\/div>\n<\/div>\n","protected":false},"excerpt":{"rendered":"<p>\u201cUtilizo m\u00e9todos computacionales para analizar genomas de poblaciones\u201d Roc\u00edo Caro, formada en Ingenier\u00eda Biom\u00e9dica, es&#8230;<\/p>\n","protected":false},"author":1,"featured_media":43718,"comment_status":"closed","ping_status":"closed","sticky":false,"template":"","format":"standard","meta":{"_coblocks_attr":"","_coblocks_dimensions":"","_coblocks_responsive_height":"","_coblocks_accordion_ie_support":"","jetpack_post_was_ever_published":false,"_jetpack_newsletter_access":"","_jetpack_dont_email_post_to_subs":false,"_jetpack_newsletter_tier_id":0,"_jetpack_memberships_contains_paywalled_content":false,"_jetpack_memberships_contains_paid_content":false,"footnotes":"","jetpack_publicize_message":"","jetpack_publicize_feature_enabled":true,"jetpack_social_post_already_shared":false,"jetpack_social_options":{"image_generator_settings":{"template":"highway","default_image_id":0,"enabled":false},"version":2}},"categories":[14,44,6920,15],"tags":[7877],"class_list":["post-43717","post","type-post","status-publish","format-standard","has-post-thumbnail","hentry","category-feminismo","category-noticias-de-hoy","category-tecnologia","category-ultimas-noticias","tag-inestigadoras"],"jetpack_publicize_connections":[],"jetpack_featured_media_url":"https:\/\/i0.wp.com\/miradordeatarfe.es\/wp-content\/uploads\/2020\/12\/genoma-rocio-caro-1024x576-1.jpg?fit=1024%2C576&ssl=1","jetpack_likes_enabled":true,"jetpack_sharing_enabled":true,"_links":{"self":[{"href":"https:\/\/miradordeatarfe.es\/index.php?rest_route=\/wp\/v2\/posts\/43717","targetHints":{"allow":["GET"]}}],"collection":[{"href":"https:\/\/miradordeatarfe.es\/index.php?rest_route=\/wp\/v2\/posts"}],"about":[{"href":"https:\/\/miradordeatarfe.es\/index.php?rest_route=\/wp\/v2\/types\/post"}],"author":[{"embeddable":true,"href":"https:\/\/miradordeatarfe.es\/index.php?rest_route=\/wp\/v2\/users\/1"}],"replies":[{"embeddable":true,"href":"https:\/\/miradordeatarfe.es\/index.php?rest_route=%2Fwp%2Fv2%2Fcomments&post=43717"}],"version-history":[{"count":2,"href":"https:\/\/miradordeatarfe.es\/index.php?rest_route=\/wp\/v2\/posts\/43717\/revisions"}],"predecessor-version":[{"id":43720,"href":"https:\/\/miradordeatarfe.es\/index.php?rest_route=\/wp\/v2\/posts\/43717\/revisions\/43720"}],"wp:featuredmedia":[{"embeddable":true,"href":"https:\/\/miradordeatarfe.es\/index.php?rest_route=\/wp\/v2\/media\/43718"}],"wp:attachment":[{"href":"https:\/\/miradordeatarfe.es\/index.php?rest_route=%2Fwp%2Fv2%2Fmedia&parent=43717"}],"wp:term":[{"taxonomy":"category","embeddable":true,"href":"https:\/\/miradordeatarfe.es\/index.php?rest_route=%2Fwp%2Fv2%2Fcategories&post=43717"},{"taxonomy":"post_tag","embeddable":true,"href":"https:\/\/miradordeatarfe.es\/index.php?rest_route=%2Fwp%2Fv2%2Ftags&post=43717"}],"curies":[{"name":"wp","href":"https:\/\/api.w.org\/{rel}","templated":true}]}}