{"id":43722,"date":"2020-12-06T11:22:28","date_gmt":"2020-12-06T10:22:28","guid":{"rendered":"http:\/\/miradordeatarfe.es\/?p=43722"},"modified":"2020-12-05T14:39:06","modified_gmt":"2020-12-05T13:39:06","slug":"atarfe-concurso-de-escaparates-navidenos","status":"publish","type":"post","link":"https:\/\/miradordeatarfe.es\/?p=43722","title":{"rendered":"ATARFE: CONCURSO DE ESCAPARATES NAVIDE\u00d1OS"},"content":{"rendered":"<h3>El Ayuntamiento de Atarfe, invit\u00e1 a todos los comercios de Atarfe aparticipar en la misma.<\/h3>\n<p>Con objeto de promocionar las manifestaciones culturales de arraigo y tradici\u00f3n popular y con ello contribuir al realce de las FiestasNavide\u00f1as, el Excmo. Ayuntamiento de Atarfe, a trav\u00e9s de la Concejal\u00eda de participaci\u00f3n Ciudadana, Fiestas, Cultura y Juventud, convoca el tradicional Concurso de Escaparates Navide\u00f1os, con el objeto de promover la creatividad de los comerciantes a la hora depresentar sus establecimientos y productos, de forma que sean atractivos para los vecinos y clientes, a la vez que contribuyen apromocionar e impulsar el comercio local y la dinamizaci\u00f3n empresarial.<\/p>\n<p>Pueden participar en este Concurso deescaparates cualquier, comercio y local que disponga de un escaparate en la v\u00eda publica en el t\u00e9rmino municipal de ATARFE. Las inscripciones se podr\u00e1n presentar por correo electr\u00f3nico <a href=\"mailto:concursosnavide\u00f1os@atarfe.es\">concursosnavide\u00f1os@atarfe.es<\/a> o f\u00edsicamente en el<strong> Centro C\u00edvico de Atarfe<\/strong> o en el<strong> Centro Cultural Medina Elvira hasta el 19 de diciembre de 2020.<\/strong><\/p>\n<p>Las fichas de inscripci\u00f3n se encuentran en el Tabl\u00f3n de anuncios de la sede electr\u00f3nica del Ayuntamiento de Atarfe<\/p>\n<p>Los premios que ha establecido el Ayuntamiento son los siguientes:<\/p>\n<p>PRIMER PREMIO 200,00 \u20ac<\/p>\n<p>SEGUNDO PREMIO 150,00 \u20ac<\/p>\n<p>TERCER PREMIO 100,00 \u20ac<\/p>\n<p>La cantidad econ\u00f3mica asignada a cada uno de los premios se har\u00e1 efectiva mediante un cheque regalo, <strong>el d\u00eda 28 de diciembre<\/strong>, a gastar en los comercios de Atarfe adheridos a la campa\u00f1a de navidad. (Con el cheque se adjuntar\u00e1 los comercios)<\/p>\n<p><a href=\"https:\/\/i0.wp.com\/miradordeatarfe.es\/wp-content\/uploads\/2020\/12\/web-1188.jpg?ssl=1\"><img data-recalc-dims=\"1\" loading=\"lazy\" decoding=\"async\" class=\"wp-image-43723 size-full aligncenter\" src=\"https:\/\/i0.wp.com\/miradordeatarfe.es\/wp-content\/uploads\/2020\/12\/web-1188.jpg?resize=600%2C849&#038;ssl=1\" alt=\"\" width=\"600\" height=\"849\" srcset=\"https:\/\/i0.wp.com\/miradordeatarfe.es\/wp-content\/uploads\/2020\/12\/web-1188.jpg?w=600&amp;ssl=1 600w, https:\/\/i0.wp.com\/miradordeatarfe.es\/wp-content\/uploads\/2020\/12\/web-1188.jpg?resize=212%2C300&amp;ssl=1 212w\" sizes=\"auto, (max-width: 600px) 100vw, 600px\" \/><\/a><\/p>\n<div id=\"outerContainer\">\n<div id=\"sidebarContainer\">\n<div id=\"toolbarSidebar\">\n<div class=\"splitToolbarButton toggled\">\n<div class=\"canvasWrapper\">\u00a0<\/div>\n<\/div>\n<\/div>\n<\/div>\n<\/div>\n<div id=\"sidebarContainer\">\n<div id=\"sidebarContent\">\n<div id=\"thumbnailView\">\n<div class=\"thumbnail selected\" data-page-number=\"1\">\n<div class=\"thumbnailSelectionRing\">\u00a0<\/div>\n<\/div>\n<div class=\"thumbnail\" data-page-number=\"2\">\n<div class=\"thumbnailSelectionRing\">\u00a0<\/div>\n<\/div>\n<\/div>\n<\/div>\n<div id=\"sidebarResizer\">\u00a0<\/div>\n<\/div>\n<div id=\"mainContainer\">\n<div class=\"toolbar\">\n<div id=\"toolbarContainer\">\n<div id=\"toolbarViewer\">\n<div id=\"toolbarViewerLeft\">\u00a0<\/div>\n<\/div>\n<\/div>\n<\/div>\n<\/div>\n<div class=\"toolbarButtonSpacer\">\u00a0<\/div>\n<div class=\"splitToolbarButton hiddenSmallView\">\u00a0<\/div>\n<div id=\"toolbarViewerRight\">\u00a0<\/div>\n<div class=\"verticalToolbarSeparator hiddenSmallView\">\u00a0<\/div>\n<div id=\"toolbarViewerMiddle\">\n<div class=\"splitToolbarButton\">\u00a0<\/div>\n<\/div>\n<div class=\"splitToolbarButtonSeparator\">\u00a0<\/div>\n<div class=\"toolbar\">\u00a0<\/div>\n<div id=\"outerContainer\">\n<div id=\"mainContainer\">\u00a0<\/div>\n<\/div>\n","protected":false},"excerpt":{"rendered":"<p>El Ayuntamiento de Atarfe, invit\u00e1 a todos los comercios de Atarfe aparticipar en la misma&#8230;.<\/p>\n","protected":false},"author":1,"featured_media":43724,"comment_status":"closed","ping_status":"closed","sticky":false,"template":"","format":"standard","meta":{"_coblocks_attr":"","_coblocks_dimensions":"","_coblocks_responsive_height":"","_coblocks_accordion_ie_support":"","jetpack_post_was_ever_published":false,"_jetpack_newsletter_access":"","_jetpack_dont_email_post_to_subs":false,"_jetpack_newsletter_tier_id":0,"_jetpack_memberships_contains_paywalled_content":false,"_jetpack_memberships_contains_paid_content":false,"footnotes":"","jetpack_publicize_message":"","jetpack_publicize_feature_enabled":true,"jetpack_social_post_already_shared":false,"jetpack_social_options":{"image_generator_settings":{"template":"highway","default_image_id":0,"enabled":false},"version":2}},"categories":[6916,1161,44,15],"tags":[2173,3290],"class_list":["post-43722","post","type-post","status-publish","format-standard","has-post-thumbnail","hentry","category-ayuntamiento-de-atarfe","category-ciudadania","category-noticias-de-hoy","category-ultimas-noticias","tag-concurso","tag-escaparates"],"jetpack_publicize_connections":[],"jetpack_featured_media_url":"https:\/\/i0.wp.com\/miradordeatarfe.es\/wp-content\/uploads\/2020\/12\/web-1188-2.jpg?fit=521%2C363&ssl=1","jetpack_likes_enabled":true,"jetpack_sharing_enabled":true,"_links":{"self":[{"href":"https:\/\/miradordeatarfe.es\/index.php?rest_route=\/wp\/v2\/posts\/43722","targetHints":{"allow":["GET"]}}],"collection":[{"href":"https:\/\/miradordeatarfe.es\/index.php?rest_route=\/wp\/v2\/posts"}],"about":[{"href":"https:\/\/miradordeatarfe.es\/index.php?rest_route=\/wp\/v2\/types\/post"}],"author":[{"embeddable":true,"href":"https:\/\/miradordeatarfe.es\/index.php?rest_route=\/wp\/v2\/users\/1"}],"replies":[{"embeddable":true,"href":"https:\/\/miradordeatarfe.es\/index.php?rest_route=%2Fwp%2Fv2%2Fcomments&post=43722"}],"version-history":[{"count":1,"href":"https:\/\/miradordeatarfe.es\/index.php?rest_route=\/wp\/v2\/posts\/43722\/revisions"}],"predecessor-version":[{"id":43725,"href":"https:\/\/miradordeatarfe.es\/index.php?rest_route=\/wp\/v2\/posts\/43722\/revisions\/43725"}],"wp:featuredmedia":[{"embeddable":true,"href":"https:\/\/miradordeatarfe.es\/index.php?rest_route=\/wp\/v2\/media\/43724"}],"wp:attachment":[{"href":"https:\/\/miradordeatarfe.es\/index.php?rest_route=%2Fwp%2Fv2%2Fmedia&parent=43722"}],"wp:term":[{"taxonomy":"category","embeddable":true,"href":"https:\/\/miradordeatarfe.es\/index.php?rest_route=%2Fwp%2Fv2%2Fcategories&post=43722"},{"taxonomy":"post_tag","embeddable":true,"href":"https:\/\/miradordeatarfe.es\/index.php?rest_route=%2Fwp%2Fv2%2Ftags&post=43722"}],"curies":[{"name":"wp","href":"https:\/\/api.w.org\/{rel}","templated":true}]}}