{"id":43726,"date":"2020-12-06T10:41:15","date_gmt":"2020-12-06T09:41:15","guid":{"rendered":"http:\/\/miradordeatarfe.es\/?p=43726"},"modified":"2020-12-05T14:45:38","modified_gmt":"2020-12-05T13:45:38","slug":"atarfe-informacion-municipal-6","status":"publish","type":"post","link":"https:\/\/miradordeatarfe.es\/?p=43726","title":{"rendered":"ATARFE: INFORMACI\u00d3N MUNICIPAL"},"content":{"rendered":"<h2>Atarfe celebra el D\u00eda Internacional del Voluntariado. Con tu gesto cambia el Mundo<\/h2>\n<p>Este 5 de Diciembre adquiere este a\u00f1o un valor especial y desde la Concejal\u00eda de Participaci\u00f3n Ciudadana queremos reconocer p\u00fablicamente a tod@s l@s Voluntari@s Atarfe\u00f1@s que durante la Crisis Sanitaria nos han facilitado la vida al resto de la ciudadan\u00eda. Tanto pertenecientes a Asociaciones o ayudando a t\u00edtulo individual han sido cientos de personas que con su gesto y su labor han ayudado a cambiar nuestro mundo.<\/p>\n<p>Desde el el Ayuntamiento de Atarfe queremos trasladaos el agradecimiento m\u00e1s sincero de tod@s vuestr@s vecin@s y sin duda hoy os merec\u00e9is el aplauso m\u00e1s fuerte.<\/p>\n<p><img data-recalc-dims=\"1\" decoding=\"async\" class=\"aligncenter\" src=\"https:\/\/i0.wp.com\/www.atarfe.es\/data\/CoreImages\/montaje-327.jpg?w=640\" alt=\"\" \/><\/p>\n<h2>\u00a0<\/h2>\n<h2>Informaci\u00f3n sobre los cortes de luz de las \u00faltimas jornadas<\/h2>\n<p>Dando respuesta a las muchas consultas que nos hab\u00e9is planteado respecto a los microcortes de luz que se han producido en las \u00faltimas jornadas, informamos que la empresa suministradora del servicio de electricidad viene realizando trabajos de refuerzo y mantenimiento de l\u00edneas en la Calle Alhambra, Avenida de Caparacena y Camino de Albolote, afectando tambi\u00e9n a zonas de un amplio per\u00edmetro.<\/p>\n<p>Estas actuaciones de refuerzo se llevan a cabo en previsi\u00f3n del aumento de consumo que se va a producir con la bajada de temperaturas. Igualmente en breve se va a proceder a sustituir el cableado viejo por un nuevo trenzado en las zonas afectadas.<\/p>\n<p><img data-recalc-dims=\"1\" decoding=\"async\" class=\"aligncenter\" src=\"https:\/\/i0.wp.com\/www.atarfe.es\/data\/CoreImages\/montaje-329.jpg?w=640\" alt=\"\" \/><\/p>\n<p>&nbsp;<\/p>\n<h2>Taller de Fitoterapia y Cosm\u00e9tica Natural<\/h2>\n<div class=\"post-meta\">\u00a0La Biblioteca de Atarfe organiza un interesante Taller de Fitoterapia y Cosm\u00e9tica Natural que se impartir\u00e1 en el Centro Cultural Medina Elvira los d\u00edas 17 de Diciembre (de 17:00 a 19:00) y el 18 de Diciembre (de 16:30 a 19:30).<\/div>\n<p>N\u00ba Plazas: 15<\/p>\n<p>Inscripciones en la Biblioteca de Atarfe<\/p>\n<p>M\u00e1s informaci\u00f3n: 958 439 697<\/p>\n<p><img data-recalc-dims=\"1\" decoding=\"async\" class=\"aligncenter\" src=\"https:\/\/i0.wp.com\/www.atarfe.es\/data\/CoreImages\/web-1193.jpg?w=640\" alt=\"\" \/><\/p>\n","protected":false},"excerpt":{"rendered":"<p>Atarfe celebra el D\u00eda Internacional del Voluntariado. Con tu gesto cambia el Mundo Este 5&#8230;<\/p>\n","protected":false},"author":1,"featured_media":42152,"comment_status":"closed","ping_status":"closed","sticky":false,"template":"","format":"standard","meta":{"_coblocks_attr":"","_coblocks_dimensions":"","_coblocks_responsive_height":"","_coblocks_accordion_ie_support":"","jetpack_post_was_ever_published":false,"_jetpack_newsletter_access":"","_jetpack_dont_email_post_to_subs":false,"_jetpack_newsletter_tier_id":0,"_jetpack_memberships_contains_paywalled_content":false,"_jetpack_memberships_contains_paid_content":false,"footnotes":"","jetpack_publicize_message":"","jetpack_publicize_feature_enabled":true,"jetpack_social_post_already_shared":false,"jetpack_social_options":{"image_generator_settings":{"template":"highway","default_image_id":0,"enabled":false},"version":2}},"categories":[6916,44,15],"tags":[],"class_list":["post-43726","post","type-post","status-publish","format-standard","has-post-thumbnail","hentry","category-ayuntamiento-de-atarfe","category-noticias-de-hoy","category-ultimas-noticias"],"jetpack_publicize_connections":[],"jetpack_featured_media_url":"https:\/\/i0.wp.com\/miradordeatarfe.es\/wp-content\/uploads\/2020\/10\/Fotos-del-Area-Metropolitana-desde-los-tres-juanes-14.jpg?fit=970%2C545&ssl=1","jetpack_likes_enabled":true,"jetpack_sharing_enabled":true,"_links":{"self":[{"href":"https:\/\/miradordeatarfe.es\/index.php?rest_route=\/wp\/v2\/posts\/43726","targetHints":{"allow":["GET"]}}],"collection":[{"href":"https:\/\/miradordeatarfe.es\/index.php?rest_route=\/wp\/v2\/posts"}],"about":[{"href":"https:\/\/miradordeatarfe.es\/index.php?rest_route=\/wp\/v2\/types\/post"}],"author":[{"embeddable":true,"href":"https:\/\/miradordeatarfe.es\/index.php?rest_route=\/wp\/v2\/users\/1"}],"replies":[{"embeddable":true,"href":"https:\/\/miradordeatarfe.es\/index.php?rest_route=%2Fwp%2Fv2%2Fcomments&post=43726"}],"version-history":[{"count":2,"href":"https:\/\/miradordeatarfe.es\/index.php?rest_route=\/wp\/v2\/posts\/43726\/revisions"}],"predecessor-version":[{"id":43728,"href":"https:\/\/miradordeatarfe.es\/index.php?rest_route=\/wp\/v2\/posts\/43726\/revisions\/43728"}],"wp:featuredmedia":[{"embeddable":true,"href":"https:\/\/miradordeatarfe.es\/index.php?rest_route=\/wp\/v2\/media\/42152"}],"wp:attachment":[{"href":"https:\/\/miradordeatarfe.es\/index.php?rest_route=%2Fwp%2Fv2%2Fmedia&parent=43726"}],"wp:term":[{"taxonomy":"category","embeddable":true,"href":"https:\/\/miradordeatarfe.es\/index.php?rest_route=%2Fwp%2Fv2%2Fcategories&post=43726"},{"taxonomy":"post_tag","embeddable":true,"href":"https:\/\/miradordeatarfe.es\/index.php?rest_route=%2Fwp%2Fv2%2Ftags&post=43726"}],"curies":[{"name":"wp","href":"https:\/\/api.w.org\/{rel}","templated":true}]}}