{"id":43729,"date":"2020-12-07T11:42:34","date_gmt":"2020-12-07T10:42:34","guid":{"rendered":"http:\/\/miradordeatarfe.es\/?p=43729"},"modified":"2021-02-23T18:13:02","modified_gmt":"2021-02-23T17:13:02","slug":"nostalgicos-de-franco-por-remedios-sanchez","status":"publish","type":"post","link":"https:\/\/miradordeatarfe.es\/?p=43729","title":{"rendered":"\u00abNOST\u00c1LGICOS DE FRANCO\u00bb por Remedios S\u00e1nchez"},"content":{"rendered":"<h3 align=\"JUSTIFY\"><span style=\"font-family: Times New Roman, serif;\"><span style=\"font-size: medium;\"><span lang=\"es-ES\">Hubo en Espa\u00f1a un tiempo gris, cuarenta a\u00f1os de silencio, de hambre de justicia y libertad, de muertos yaciendo en las cunetas cubiertos de amapolas y trigueras, de miedo, de horror y de miseria. <\/span><\/span><\/span><\/h3>\n<p align=\"JUSTIFY\"><span style=\"font-family: Times New Roman, serif;\"><span style=\"font-size: medium;\"><span lang=\"es-ES\">En aquella \u00e9poca hab\u00eda dos tipos de personas: unos, los adeptos al r\u00e9gimen de Franco, esa locura de brutalidad y de infamia que despoj\u00f3 a los espa\u00f1oles de vida e ilusiones, premiados con carguillos y riquezas porque tomaron por la fuerza de las armas lo que les negaban las urnas; otros, los sometidos a los que se les hab\u00eda robado todo salvo la dignidad, eran los que labraban la tierra de sol a sol para sacarle fruto escaso, los que en las ciudades preparaban las lentejas en las cocinas econ\u00f3micas, tan lentas para cocer el guiso, los que estaban vigilados en sus trabajos esperando una m\u00ednima cr\u00edtica a la dictadura que los llevara a la c\u00e1rcel. Yo no lo viv\u00ed, pero me lo contaron en una ma\u00f1ana clara, de sol y de esperanza, mientras las hojas de noviembre amarilleaban las aceras y el aire cortaba con su limpieza trasparente. Y promet\u00ed contarlo. Esa \u00e9poca -llam\u00e9moslo periodo de la infamia y del dolor- se cerr\u00f3 en 1978 con la brisa alegre que trajo la Constituci\u00f3n espa\u00f1ola, salpicando de risa ilusionada a los barrios humildes, a los campos olvidados, a los ancianos de manos sarmentosas y a los ni\u00f1os que and\u00e1bamos aprendiendo a decir palabras y nos ense\u00f1aron con esmero a pronunciar democracia. Tal vez entonces no todo el mundo era consciente, pero hoy sabemos que fue un momento hist\u00f3rico que supon\u00eda una oportunidad de futuro al considerar a todos los espa\u00f1oles iguales ante la ley en derechos y obligaciones, ciudadanos asistidos por garant\u00edas jur\u00eddicas, due\u00f1os leg\u00edtimos de una libertad de expresi\u00f3n que evidencian columnas como \u00e9sta. Y, salvo alg\u00fan sobresalto, as\u00ed hemos vivido cuarenta y dos a\u00f1os hasta que ha llegado un momento en que la mayor\u00eda nos hab\u00edamos olvidado de la ranciedumbre con olor a naftalina, de aquellos tipos que disolv\u00edan a golpes las manifestaciones pidiendo libertad con el m\u00e9todo de palo y tentetieso. <\/span><\/span><\/span><\/p>\n<p align=\"JUSTIFY\"><span style=\"font-family: Times New Roman, serif;\"><span style=\"font-size: medium;\"><span lang=\"es-ES\">Y en esas est\u00e1bamos, sobrellevando las disputas ideol\u00f3gicas izquierda-derecha en el Congreso con paciencia resignada (porque a veces son como ni\u00f1os en patio de colegio), cuando llegaron los radicales a las instituciones y, con ellos, las opiniones de los nost\u00e1lgicos del dictador y sus costumbres ejerciendo de hooligans de tantos irresponsable sin conciencia que se han aupado en el populismo barato para conseguir un acta que seguramente perder\u00e1n en cuanto sus votantes perciban que no los representan. Los nost\u00e1lgicos son s\u00f3lo unos pocos, nada significativo, al estilo de aquel bravuc\u00f3n cervantino que \u201ccal\u00f3 el chapeo, requiri\u00f3 la espada\/ mir\u00f3 al soslayo, fuese y no hubo nada\u201d. Son irrelevantes, pero me preocupa que se les denomine \u201cmilitares retirados\u201d. Y, efectivamente, tal vez sirvieron al r\u00e9gimen dictatorial con disciplina castrense pero ser\u00eda un error llamarlos militares porque ser\u00eda equipararlos a las Fuerzas Armadas actuales que son un ejemplo de compromiso, de \u00e9tica y de lealtad a la ciudadan\u00eda tal y como han demostrado construyendo hospitales en mitad de la pandemia, con los despliegues de la UME o la Legi\u00f3n, defendiendo nuestros derechos y honrando a Espa\u00f1a con su sacrificio. \u00c9sos s\u00ed son militares, orgullo de un pa\u00eds moderno y libre. Los otros, nada. Silencio. Despreciable pasado de angustia y sombra. <\/span><\/span><\/span><\/p>\n","protected":false},"excerpt":{"rendered":"<p>Hubo en Espa\u00f1a un tiempo gris, cuarenta a\u00f1os de silencio, de hambre de justicia y&#8230;<\/p>\n","protected":false},"author":1,"featured_media":43730,"comment_status":"closed","ping_status":"closed","sticky":false,"template":"","format":"standard","meta":{"_coblocks_attr":"","_coblocks_dimensions":"","_coblocks_responsive_height":"","_coblocks_accordion_ie_support":"","jetpack_post_was_ever_published":false,"_jetpack_newsletter_access":"","_jetpack_dont_email_post_to_subs":false,"_jetpack_newsletter_tier_id":0,"_jetpack_memberships_contains_paywalled_content":false,"_jetpack_memberships_contains_paid_content":false,"footnotes":"","jetpack_publicize_message":"","jetpack_publicize_feature_enabled":true,"jetpack_social_post_already_shared":false,"jetpack_social_options":{"image_generator_settings":{"template":"highway","default_image_id":0,"enabled":false},"version":2}},"categories":[1161,44,7671,6914,6937,15],"tags":[7878,3283],"class_list":["post-43729","post","type-post","status-publish","format-standard","has-post-thumbnail","hentry","category-ciudadania","category-noticias-de-hoy","category-politica","category-opinion-de-reme-sanchez","category-sociedad","category-ultimas-noticias","tag-postfranquismo","tag-rebelion"],"jetpack_publicize_connections":[],"jetpack_featured_media_url":"https:\/\/i0.wp.com\/miradordeatarfe.es\/wp-content\/uploads\/2020\/12\/ed4caa78-74f6-4e00-8b3b-0a47f4df48e2_16-9-discover-aspect-ratio_default_0-624x351-1.jpg?fit=624%2C351&ssl=1","jetpack_likes_enabled":true,"jetpack_sharing_enabled":true,"_links":{"self":[{"href":"https:\/\/miradordeatarfe.es\/index.php?rest_route=\/wp\/v2\/posts\/43729","targetHints":{"allow":["GET"]}}],"collection":[{"href":"https:\/\/miradordeatarfe.es\/index.php?rest_route=\/wp\/v2\/posts"}],"about":[{"href":"https:\/\/miradordeatarfe.es\/index.php?rest_route=\/wp\/v2\/types\/post"}],"author":[{"embeddable":true,"href":"https:\/\/miradordeatarfe.es\/index.php?rest_route=\/wp\/v2\/users\/1"}],"replies":[{"embeddable":true,"href":"https:\/\/miradordeatarfe.es\/index.php?rest_route=%2Fwp%2Fv2%2Fcomments&post=43729"}],"version-history":[{"count":1,"href":"https:\/\/miradordeatarfe.es\/index.php?rest_route=\/wp\/v2\/posts\/43729\/revisions"}],"predecessor-version":[{"id":43731,"href":"https:\/\/miradordeatarfe.es\/index.php?rest_route=\/wp\/v2\/posts\/43729\/revisions\/43731"}],"wp:featuredmedia":[{"embeddable":true,"href":"https:\/\/miradordeatarfe.es\/index.php?rest_route=\/wp\/v2\/media\/43730"}],"wp:attachment":[{"href":"https:\/\/miradordeatarfe.es\/index.php?rest_route=%2Fwp%2Fv2%2Fmedia&parent=43729"}],"wp:term":[{"taxonomy":"category","embeddable":true,"href":"https:\/\/miradordeatarfe.es\/index.php?rest_route=%2Fwp%2Fv2%2Fcategories&post=43729"},{"taxonomy":"post_tag","embeddable":true,"href":"https:\/\/miradordeatarfe.es\/index.php?rest_route=%2Fwp%2Fv2%2Ftags&post=43729"}],"curies":[{"name":"wp","href":"https:\/\/api.w.org\/{rel}","templated":true}]}}