{"id":43732,"date":"2020-12-09T10:09:34","date_gmt":"2020-12-09T09:09:34","guid":{"rendered":"http:\/\/miradordeatarfe.es\/?p=43732"},"modified":"2020-12-05T19:02:06","modified_gmt":"2020-12-05T18:02:06","slug":"15-mujeres-filosofas-para-estudiar-en-el-aula","status":"publish","type":"post","link":"https:\/\/miradordeatarfe.es\/?p=43732","title":{"rendered":"15 mujeres fil\u00f3sofas para estudiar en el aula"},"content":{"rendered":"<h3 style=\"text-align: justify;\">Estas mujeres plantearon una nueva visi\u00f3n del mundo y tuvieron un papel muy importante en la historia de la Filosof\u00eda.<\/h3>\n<p style=\"text-align: justify;\">\u00bfCu\u00e1ntas mujeres protagonizan la clase de <a href=\"https:\/\/www.educaciontrespuntocero.com\/recursos\/recursos-asignatura-filosofia\/18376.html\" target=\"_blank\" rel=\"noreferrer noopener\" aria-label=\"Filosof\u00eda  (abre en una nueva pesta\u00f1a)\">Filosof\u00eda <\/a>y sirven de modelo para las nuevas generaciones? Os proponemos 15 mujeres fil\u00f3sofas imprescindibles para entender el pensamiento filos\u00f3fico que ha llegado hasta nuestra \u00e9poca.<\/p>\n<h2 style=\"text-align: justify;\"><span id=\"Simone_Weil_1909-1943\"><a href=\"https:\/\/es.wikipedia.org\/wiki\/Simone_Weil\" target=\"_blank\" rel=\"noreferrer noopener\" aria-label=\"Simone Weil (abre en una nueva pesta\u00f1a)\">Simone Weil<\/a> (1909-1943)<\/span><\/h2>\n<div class=\"wp-block-image\" style=\"text-align: justify;\">\n<figure class=\"aligncenter\"><picture class=\"wp-image-116792\"><source srcset=\"https:\/\/www.educaciontrespuntocero.com\/wp-content\/uploads\/2019\/10\/Simone-Weil.jpg.webp 800w, https:\/\/www.educaciontrespuntocero.com\/wp-content\/uploads\/2019\/10\/Simone-Weil-300x160.jpg.webp 300w\" type=\"image\/webp\" sizes=\"(max-width: 800px) 100vw, 800px\" \/><img data-recalc-dims=\"1\" loading=\"lazy\" decoding=\"async\" class=\"lazyloaded\" src=\"https:\/\/i0.wp.com\/www.educaciontrespuntocero.com\/wp-content\/uploads\/2019\/10\/Simone-Weil.jpg?resize=640%2C341&#038;ssl=1\" sizes=\"auto, (max-width: 800px) 100vw, 800px\" srcset=\"https:\/\/www.educaciontrespuntocero.com\/wp-content\/uploads\/2019\/10\/Simone-Weil.jpg 800w, https:\/\/www.educaciontrespuntocero.com\/wp-content\/uploads\/2019\/10\/Simone-Weil-300x160.jpg 300w, https:\/\/www.educaciontrespuntocero.com\/wp-content\/uploads\/2019\/10\/Simone-Weil-768x409.jpg 768w\" alt=\"Simone Weil\" width=\"640\" height=\"341\" data-ll-status=\"loaded\" \/> <\/picture><\/figure>\n<\/div>\n<p style=\"text-align: justify;\">A lo largo de su vida, su ideolog\u00eda pas\u00f3 de pacifista radical hasta evolucionar a sindicalista revolucionaria. De origen franc\u00e9s, estudi\u00f3 en la Escuela Normal Superior junto a Simone de Beauvoir y escribi\u00f3 obras sobre el rol de la mujer trabajadora, la religi\u00f3n y poemas m\u00edsticos. En una de sus obras p\u00f3stumas, \u2018Ensayos sobre la condici\u00f3n obrera\u2019, se incluyeron cartas y un diario sobre su vida trabajando en una f\u00e1brica, en las que reflexionaba acerca de su posici\u00f3n como mujer obrera.<\/p>\n<h2 style=\"text-align: justify;\"><span id=\"Philippa_Foot_1920-2010\"><a href=\"https:\/\/es.wikipedia.org\/wiki\/Philippa_Foot\" target=\"_blank\" rel=\"noreferrer noopener\" aria-label=\"Philippa Foot  (abre en una nueva pesta\u00f1a)\">Philippa Foot <\/a>(1920-2010)<\/span><\/h2>\n<div class=\"wp-block-image\" style=\"text-align: justify;\">\n<figure class=\"aligncenter\"><picture class=\"wp-image-116793\"><source srcset=\"https:\/\/www.educaciontrespuntocero.com\/wp-content\/uploads\/2019\/10\/Philippa-Foot.jpg.webp 800w, https:\/\/www.educaciontrespuntocero.com\/wp-content\/uploads\/2019\/10\/Philippa-Foot-300x188.jpg.webp 300w\" type=\"image\/webp\" sizes=\"(max-width: 800px) 100vw, 800px\" \/><img data-recalc-dims=\"1\" loading=\"lazy\" decoding=\"async\" class=\"lazyloaded\" src=\"https:\/\/i0.wp.com\/www.educaciontrespuntocero.com\/wp-content\/uploads\/2019\/10\/Philippa-Foot.jpg?resize=640%2C400&#038;ssl=1\" sizes=\"auto, (max-width: 800px) 100vw, 800px\" srcset=\"https:\/\/www.educaciontrespuntocero.com\/wp-content\/uploads\/2019\/10\/Philippa-Foot.jpg 800w, https:\/\/www.educaciontrespuntocero.com\/wp-content\/uploads\/2019\/10\/Philippa-Foot-300x188.jpg 300w, https:\/\/www.educaciontrespuntocero.com\/wp-content\/uploads\/2019\/10\/Philippa-Foot-768x480.jpg 768w\" alt=\"Philippa Foot\" width=\"640\" height=\"400\" data-ll-status=\"loaded\" \/> <\/picture><\/figure>\n<\/div>\n<p style=\"text-align: justify;\">Esta brit\u00e1nica es considerada la fundadora de la \u00e9tica de las virtudes contempor\u00e1nea, corriente creada originalmente por Plat\u00f3n. Estudi\u00f3 Filosof\u00eda, Pol\u00edtica y Econom\u00eda en Reino Unido y es conocida gracias a una de sus obras, \u2018Natural Beliefs\u2019, en la que analiz\u00f3 el dilema del tranv\u00eda: si el tranv\u00eda va en una direcci\u00f3n, matar\u00e1 a una persona. Si va en otra, a varias. \u00bfCu\u00e1l deber\u00eda elegir el conductor? Esta pregunta gener\u00f3 un debate entre las diferentes corrientes filos\u00f3ficas de la \u00e9poca. Gracias a su cr\u00edtica del no cognitivismo, muchos fil\u00f3sofos de todo el mundo tomaron sus ideas para desarrollarlas.<\/p>\n<h2 style=\"text-align: justify;\"><span id=\"Carol_Gilligan_1936\"><a href=\"https:\/\/es.wikipedia.org\/wiki\/Carol_Gilligan\" target=\"_blank\" rel=\"noreferrer noopener\" aria-label=\"Carol Gilligan (abre en una nueva pesta\u00f1a)\">Carol Gilligan<\/a> (1936)<\/span><\/h2>\n<div class=\"wp-block-image\" style=\"text-align: justify;\">\n<figure class=\"aligncenter\"><picture class=\"wp-image-116794\"><source srcset=\"https:\/\/www.educaciontrespuntocero.com\/wp-content\/uploads\/2019\/10\/Carol-Gilligan.jpg.webp 800w, https:\/\/www.educaciontrespuntocero.com\/wp-content\/uploads\/2019\/10\/Carol-Gilligan-300x200.jpg.webp 300w\" type=\"image\/webp\" sizes=\"(max-width: 800px) 100vw, 800px\" \/><img data-recalc-dims=\"1\" loading=\"lazy\" decoding=\"async\" class=\"lazyloaded\" src=\"https:\/\/i0.wp.com\/www.educaciontrespuntocero.com\/wp-content\/uploads\/2019\/10\/Carol-Gilligan.jpg?resize=640%2C426&#038;ssl=1\" sizes=\"auto, (max-width: 800px) 100vw, 800px\" srcset=\"https:\/\/www.educaciontrespuntocero.com\/wp-content\/uploads\/2019\/10\/Carol-Gilligan.jpg 800w, https:\/\/www.educaciontrespuntocero.com\/wp-content\/uploads\/2019\/10\/Carol-Gilligan-300x200.jpg 300w, https:\/\/www.educaciontrespuntocero.com\/wp-content\/uploads\/2019\/10\/Carol-Gilligan-768x511.jpg 768w\" alt=\"Carol Gilligan\" width=\"640\" height=\"426\" data-ll-status=\"loaded\" \/> <\/picture><\/figure>\n<\/div>\n<p style=\"text-align: justify;\">Su obra m\u00e1s popular es \u2018In a different voice\u2019 (\u2018En una voz diferente\u2019): un an\u00e1lisis de las diferencias entre los roles morales de g\u00e9nero de ni\u00f1os y ni\u00f1as. Es una de las influencias del feminismo pacifista que se centra en la acci\u00f3n no violenta, pese a ser criticada por \u2018romantizar\u2019 su obra debido a la falta de poder que le otorga a la mujer en su doctrina.<\/p>\n<div class=\"code-block code-block-1 ai-viewport-1\" style=\"text-align: justify;\">\n<div id=\"lx_609062\" class=\"__lxG__multi __lxG__multi_lx_609062\" data-cnt=\"2\">\n<div id=\"div-gpt-ad-21795573329-2\">\u00a0<\/div>\n<\/div>\n<\/div>\n<h2 style=\"text-align: justify;\"><span id=\"Ayn_Rand_1905-1982\"><a href=\"https:\/\/es.wikipedia.org\/wiki\/Ayn_Rand\" target=\"_blank\" rel=\"noreferrer noopener\" aria-label=\"Ayn Rand (abre en una nueva pesta\u00f1a)\">Ayn Rand<\/a> (1905-1982)<\/span><\/h2>\n<div class=\"wp-block-image\" style=\"text-align: justify;\">\n<figure class=\"aligncenter\"><picture class=\"wp-image-116795\"><source srcset=\"https:\/\/www.educaciontrespuntocero.com\/wp-content\/uploads\/2019\/10\/Ayn-Rand.jpg.webp 800w, https:\/\/www.educaciontrespuntocero.com\/wp-content\/uploads\/2019\/10\/Ayn-Rand-300x221.jpg.webp 300w\" type=\"image\/webp\" sizes=\"(max-width: 800px) 100vw, 800px\" \/><img data-recalc-dims=\"1\" loading=\"lazy\" decoding=\"async\" class=\"lazyloaded\" src=\"https:\/\/i0.wp.com\/www.educaciontrespuntocero.com\/wp-content\/uploads\/2019\/10\/Ayn-Rand.jpg?resize=640%2C472&#038;ssl=1\" sizes=\"auto, (max-width: 800px) 100vw, 800px\" srcset=\"https:\/\/www.educaciontrespuntocero.com\/wp-content\/uploads\/2019\/10\/Ayn-Rand.jpg 800w, https:\/\/www.educaciontrespuntocero.com\/wp-content\/uploads\/2019\/10\/Ayn-Rand-300x221.jpg 300w, https:\/\/www.educaciontrespuntocero.com\/wp-content\/uploads\/2019\/10\/Ayn-Rand-768x566.jpg 768w\" alt=\"Ayn Rand\" width=\"640\" height=\"472\" data-ll-status=\"loaded\" \/> <\/picture><\/figure>\n<\/div>\n<p style=\"text-align: justify;\">Nacida en San Petersburgo, es conocida por sus obras filos\u00f3ficas y de ficci\u00f3n. El objetivismo, que fue uno de los modelos que defendi\u00f3, expon\u00eda la idea de que cada individuo debe elegir los valores con los que razonar y c\u00f3mo conseguirlos. Tambi\u00e9n se apoyaba en el ego\u00edsmo racional y en el liberalismo econ\u00f3mico, mientras rechazaba el socialismo y el altruismo porque, seg\u00fan ella, estas doctrinas no permiten a las personas elegir c\u00f3mo vivir.<\/p>\n<h2 style=\"text-align: justify;\"><span id=\"Edith_Stein_1891-1942\"><a href=\"https:\/\/es.wikipedia.org\/wiki\/Edith_Stein\" target=\"_blank\" rel=\"noreferrer noopener\" aria-label=\"Edith Stein (abre en una nueva pesta\u00f1a)\">Edith Stein<\/a> (1891-1942)<\/span><\/h2>\n<div class=\"wp-block-image td-caption-align-https:\/\/www.educaciontrespuntocero.com\/wp-content\/uploads\/2019\/10\/Edith-Stein.jpg\" style=\"text-align: justify;\">\n<figure class=\"aligncenter\"><picture class=\"wp-image-116796\"><source srcset=\"https:\/\/www.educaciontrespuntocero.com\/wp-content\/uploads\/2019\/10\/Edith-Stein-789x1024.jpg.webp\" type=\"image\/webp\" \/><img data-recalc-dims=\"1\" height=\"831\" width=\"640\" decoding=\"async\" class=\"lazyloaded\" src=\"https:\/\/i0.wp.com\/www.educaciontrespuntocero.com\/wp-content\/uploads\/2019\/10\/Edith-Stein-789x1024.jpg?resize=640%2C831&#038;ssl=1\" alt=\"Edith Stein\" data-ll-status=\"loaded\" \/> <\/picture><\/figure>\n<\/div>\n<p style=\"text-align: justify;\">Esta religiosa carmelita vivi\u00f3 en territorio polaco durante la Alemania Nazi. De procedencia jud\u00eda (aunque toda su vida gir\u00f3 en torno a la Iglesia Cat\u00f3lica y en algunos momentos lleg\u00f3 a declararse atea), muri\u00f3 asesinada en el campo de exterminio nazi de Auschwitz. Fue profesora en la Universidad de Breslavia y en su tesis sosten\u00eda que el ser humano tiene un problema de empat\u00eda y conciencia.<\/p>\n<h2 style=\"text-align: justify;\"><span id=\"Maria_Zambrano_1904-1991\"><a href=\"https:\/\/es.wikipedia.org\/wiki\/Mar%C3%ADa_Zambrano\" target=\"_blank\" rel=\"noreferrer noopener\" aria-label=\"Mar\u00eda Zambrano (abre en una nueva pesta\u00f1a)\">Mar\u00eda Zambrano<\/a> (1904-1991)<\/span><\/h2>\n<div class=\"wp-block-image td-caption-align-https:\/\/www.educaciontrespuntocero.com\/wp-content\/uploads\/2018\/04\/Mar\u00eda-Zambrano.jpg\" style=\"text-align: justify;\">\n<figure class=\"aligncenter\"><img data-recalc-dims=\"1\" height=\"307\" width=\"400\" decoding=\"async\" class=\"wp-image-78615 lazyloaded\" src=\"https:\/\/i0.wp.com\/www.educaciontrespuntocero.com\/wp-content\/uploads\/2018\/04\/Mar%C3%ADa-Zambrano-400x307.jpg?resize=400%2C307&#038;ssl=1\" alt=\"mujeres fil\u00f3sofas Mar\u00eda Zambrano\" data-ll-status=\"loaded\" \/><\/figure>\n<\/div>\n<p style=\"text-align: justify;\">La primera de la lista es esta pensadora, fil\u00f3sofa y ensayista espa\u00f1ola<b> <\/b>cuya extensa obra, entre el compromiso c\u00edvico y el pensamiento po\u00e9tico, no fue reconocida en Espa\u00f1a hasta el \u00faltimo cuarto del siglo XX. Despu\u00e9s de un largo exilio, y siendo ya anciana, recibi\u00f3 los dos m\u00e1ximos galardones literarios concedidos en Espa\u00f1a: el Premio Pr\u00edncipe de Asturias en 1981 y el Premio Cervantes en 1988.<\/p>\n<h2 style=\"text-align: justify;\"><span id=\"Hiparquia_360-280_aec\"><a href=\"https:\/\/es.wikipedia.org\/wiki\/Hiparqu%C3%ADa\" target=\"_blank\" rel=\"noreferrer noopener\" aria-label=\"Hiparqu\u00eda (abre en una nueva pesta\u00f1a)\">Hiparqu\u00eda<\/a> (360-280 a.e.c)<\/span><\/h2>\n<div class=\"wp-block-image td-caption-align-https:\/\/www.educaciontrespuntocero.com\/wp-content\/uploads\/2018\/04\/Hiparqu\u00eda.jpg\" style=\"text-align: justify;\">\n<figure class=\"aligncenter\"><img data-recalc-dims=\"1\" height=\"400\" width=\"297\" decoding=\"async\" class=\"wp-image-78616 lazyloaded\" src=\"https:\/\/i0.wp.com\/www.educaciontrespuntocero.com\/wp-content\/uploads\/2018\/04\/Hiparqu%C3%ADa-297x400.jpg?resize=297%2C400&#038;ssl=1\" alt=\"Hiparqu\u00eda mujeres fil\u00f3sofas\" data-ll-status=\"loaded\" \/><\/figure>\n<\/div>\n<p style=\"text-align: justify;\">\nHiparqu\u00eda de Maronea militaba en la peculiar escuela c\u00ednica fundada por Ant\u00edstenes. Fue autora de tres libros y consigui\u00f3 colarse en las reuniones y banquetes que organizaban los fil\u00f3sofos del siglo, aunque m\u00e1s de uno no viera con buenos ojos su presencia. Cuando muri\u00f3, hicieron una fiesta en su honor desde la escuela en el p\u00f3rtico de Atenas y declararon esa fecha como el d\u00eda de la incorporaci\u00f3n de la mujer al mundo la filosof\u00eda c\u00ednica.<\/p>\n<h2 style=\"text-align: justify;\"><span id=\"Olympe_de_Gouges_1748-_1793\"><a href=\"https:\/\/es.wikipedia.org\/wiki\/Olympe_de_Gouges\" target=\"_blank\" rel=\"noreferrer noopener\" aria-label=\"Olympe de Gouges (abre en una nueva pesta\u00f1a)\">Olympe de Gouges<\/a> (1748- 1793)<\/span><\/h2>\n<div class=\"wp-block-image td-caption-align-https:\/\/www.educaciontrespuntocero.com\/wp-content\/uploads\/2018\/04\/Olympe-de-Gouges.jpg\" style=\"text-align: justify;\">\n<figure class=\"aligncenter\"><picture class=\"wp-image-78617\"><source srcset=\"https:\/\/www.educaciontrespuntocero.com\/wp-content\/uploads\/2018\/04\/Olympe-de-Gouges-326x400.jpg.webp\" type=\"image\/webp\" \/><img data-recalc-dims=\"1\" height=\"400\" width=\"326\" decoding=\"async\" class=\"lazyloaded\" src=\"https:\/\/i0.wp.com\/www.educaciontrespuntocero.com\/wp-content\/uploads\/2018\/04\/Olympe-de-Gouges-326x400.jpg?resize=326%2C400&#038;ssl=1\" alt=\"Olympe de Gouges mujeres fil\u00f3sofas\" data-ll-status=\"loaded\" \/> <\/picture><\/figure>\n<\/div>\n<p style=\"text-align: justify;\">Siglos despu\u00e9s de Hi\u00e0rqu\u00eda, segu\u00eda en tablas la lucha contra de la mujer por lograr los mismos derechos que los hombres. Olympe de Gouges fue el pseud\u00f3nimo utilizado por Marie Gouze, escritora, dramaturga, panfletista y fil\u00f3sofa pol\u00edtica francesa. Como otras feministas de su \u00e9poca, la autora de la Declaraci\u00f3n de los Derechos de la Mujer y de la Ciudadana (1791) fue abolicionista y muri\u00f3 en la guillotina por defender a \u00a0los Girondinos.<\/p>\n<h2 style=\"text-align: justify;\"><span id=\"Simone_de_Beauvoir_1908-1986\"><a href=\"https:\/\/es.wikipedia.org\/wiki\/Simone_de_Beauvoir\" target=\"_blank\" rel=\"noreferrer noopener\" aria-label=\"Simone de Beauvoir (abre en una nueva pesta\u00f1a)\">Simone de Beauvoir<\/a> (1908-1986)<\/span><\/h2>\n<div class=\"wp-block-image td-caption-align-https:\/\/www.educaciontrespuntocero.com\/wp-content\/uploads\/2018\/04\/Simone-de-Beauvoir.jpg\" style=\"text-align: justify;\">\n<figure class=\"aligncenter\"><picture class=\"wp-image-78619\"><source srcset=\"https:\/\/www.educaciontrespuntocero.com\/wp-content\/uploads\/2018\/04\/Simone-de-Beauvoir-400x395.jpg.webp\" type=\"image\/webp\" \/><img data-recalc-dims=\"1\" height=\"395\" width=\"400\" decoding=\"async\" class=\"lazyloaded\" src=\"https:\/\/i0.wp.com\/www.educaciontrespuntocero.com\/wp-content\/uploads\/2018\/04\/Simone-de-Beauvoir-400x395.jpg?resize=400%2C395&#038;ssl=1\" alt=\"Simone de Beauvoir mujeres fil\u00f3sofas\" data-ll-status=\"loaded\" \/> <\/picture><\/figure>\n<\/div>\n<p style=\"text-align: justify;\">Esta escritora, profesora y fil\u00f3sofa francesa fue una firme defensora de los derechos humanos y de la mujer.\u200b Sus novelas, ensayos, biograf\u00edas y monogr\u00e1ficos se enmarcan en la corriente filos\u00f3fica del existencialismo\u200b y su obra \u2018El segundo sexo\u2019, se considera fundamental en la historia del feminismo.<\/p>\n<h2 style=\"text-align: justify;\"><span id=\"Sophie_de_Grouchy_1764-1822\"><a href=\"https:\/\/es.wikipedia.org\/wiki\/Sophie_de_Condorcet\" target=\"_blank\" rel=\"noreferrer noopener\" aria-label=\"Sophie de Grouchy (abre en una nueva pesta\u00f1a)\">Sophie de Grouchy<\/a> (1764-1822)<\/span><\/h2>\n<div class=\"wp-block-image td-caption-align-https:\/\/www.educaciontrespuntocero.com\/wp-content\/uploads\/2018\/04\/Sophie-de-Grouchy.jpg\" style=\"text-align: justify;\">\n<figure class=\"aligncenter\"><picture class=\"wp-image-78620\"><source srcset=\"https:\/\/www.educaciontrespuntocero.com\/wp-content\/uploads\/2018\/04\/Sophie-de-Grouchy-299x400.jpg.webp\" type=\"image\/webp\" \/><img data-recalc-dims=\"1\" height=\"400\" width=\"299\" decoding=\"async\" class=\"lazyloaded\" src=\"https:\/\/i0.wp.com\/www.educaciontrespuntocero.com\/wp-content\/uploads\/2018\/04\/Sophie-de-Grouchy-299x400.jpg?resize=299%2C400&#038;ssl=1\" alt=\"Sophie de Grouchy mujeres fil\u00f3sofas\" data-ll-status=\"loaded\" \/> <\/picture><\/figure>\n<\/div>\n<p style=\"text-align: justify;\">\nEsta intelectual del siglo XVIII asist\u00eda a escondidas a las clases que recib\u00eda su hermano peque\u00f1o y as\u00ed aprendi\u00f3 a hablar varias lenguas. Organizaba tertulias filos\u00f3ficas en las que se reun\u00edan \u00a0eruditos como D\u2019Alembert, Adam Smith, Thomas Jefferson e incluso Olympe de Gouges.Tras el final de El Terror jacobino, volvi\u00f3 a retomar su carrera literaria y en 1798 public\u00f3 su obra m\u00e1s famosa: \u2018Lettres sur la Sympathie\u2019, que acompa\u00f1\u00f3 a su traducci\u00f3n al franc\u00e9s de la \u2018Teor\u00eda de los sentimientos morales\u2019 de Adam Smith.<\/p>\n<h2 style=\"text-align: justify;\"><span id=\"Harriet_Taylor_Mill_1807-1858\"><a href=\"https:\/\/es.wikipedia.org\/wiki\/Harriet_Taylor_Mill\" target=\"_blank\" rel=\"noreferrer noopener\" aria-label=\" (abre en una nueva pesta\u00f1a)\">Harriet Taylor Mill<\/a> (1807-1858)<\/span><\/h2>\n<div class=\"wp-block-image td-caption-align-https:\/\/www.educaciontrespuntocero.com\/wp-content\/uploads\/2018\/04\/Harriet-Taylor-Mill.jpg\" style=\"text-align: justify;\">\n<figure class=\"aligncenter\"><picture class=\"wp-image-78621\"><source srcset=\"https:\/\/www.educaciontrespuntocero.com\/wp-content\/uploads\/2018\/04\/Harriet-Taylor-Mill-327x400.jpg.webp\" type=\"image\/webp\" \/><img data-recalc-dims=\"1\" height=\"400\" width=\"327\" decoding=\"async\" class=\"lazyloaded\" src=\"https:\/\/i0.wp.com\/www.educaciontrespuntocero.com\/wp-content\/uploads\/2018\/04\/Harriet-Taylor-Mill-327x400.jpg?resize=327%2C400&#038;ssl=1\" alt=\"Harriet Taylor Mill mujeres fil\u00f3sofas\" data-ll-status=\"loaded\" \/> <\/picture><\/figure>\n<\/div>\n<p style=\"text-align: justify;\">Fil\u00f3sofa inglesa del feminismo y luchadora por los Derechos Humanos, se educ\u00f3 en una casa devota del unitarismo y con 19 a\u00f1os se cas\u00f3 con John Taylor. Tras su muerte, en 1852 se volvi\u00f3 a casar con el fil\u00f3sofo del utilitarismo John Stuart Mill, en quien ejerci\u00f3 una influencia con sus ideas feministas. Durante su vida escribi\u00f3 varios ensayos pero pocos llegaron a publicarse en vida: su obra sigue el deseo de establecer la igualdad definitiva entre hombre y mujer en educaci\u00f3n, matrimonio y ante la ley, destaca \u2018La emancipaci\u00f3n de las mujeres\u2019.<\/p>\n<h2 style=\"text-align: justify;\"><span id=\"Lou_Andreas-Salome_1861-1937\"><a href=\"https:\/\/es.wikipedia.org\/wiki\/Lou_Andreas-Salom%C3%A9\" target=\"_blank\" rel=\"noreferrer noopener\" aria-label=\"Lou Andreas-Salom\u00e9 (abre en una nueva pesta\u00f1a)\">Lou Andreas-Salom\u00e9<\/a> (1861-1937)<\/span><\/h2>\n<div class=\"wp-block-image td-caption-align-https:\/\/www.educaciontrespuntocero.com\/wp-content\/uploads\/2018\/04\/Lou-Andreas-Salom\u00e9.jpg\" style=\"text-align: justify;\">\n<figure class=\"aligncenter\"><img data-recalc-dims=\"1\" height=\"400\" width=\"277\" decoding=\"async\" class=\"wp-image-78622 lazyloaded\" src=\"https:\/\/i0.wp.com\/www.educaciontrespuntocero.com\/wp-content\/uploads\/2018\/04\/Lou-Andreas-Salom%C3%A9-277x400.jpg?resize=277%2C400&#038;ssl=1\" alt=\"Lou Andreas-Salom\u00e9 mujeres fil\u00f3sofas\" data-ll-status=\"loaded\" \/><\/figure>\n<\/div>\n<p style=\"text-align: justify;\">Una de las primeras mujeres fil\u00f3sofas que entr\u00f3 en la universidad de Zurich (Suiza). Fue admirada por Nietzsche, Paul R\u00e9e y Rilke. Freud dijo de ella que era una mujer \u00abde peligrosa inteligencia\u00bb. Gracias a esta \u00faltima amistad se interes\u00f3 por el psicoan\u00e1lisis y consigui\u00f3 ser una de las pocas mujeres aceptadas en el c\u00edrculo psicoanal\u00edtico de Viena.<\/p>\n<h2 style=\"text-align: justify;\"><span id=\"Mary_Wollstonecraft_1759-1797\"><a href=\"https:\/\/es.wikipedia.org\/wiki\/Mary_Wollstonecraft\" target=\"_blank\" rel=\"noreferrer noopener\" aria-label=\"Mary Wollstonecraft (abre en una nueva pesta\u00f1a)\">Mary Wollstonecraft<\/a> (1759-1797)<\/span><\/h2>\n<div class=\"wp-block-image td-caption-align-https:\/\/www.educaciontrespuntocero.com\/wp-content\/uploads\/2018\/04\/mary-wollstonecraft.jpg\" style=\"text-align: justify;\">\n<figure class=\"aligncenter\"><picture class=\"wp-image-78623\"><source srcset=\"https:\/\/www.educaciontrespuntocero.com\/wp-content\/uploads\/2018\/04\/mary-wollstonecraft-328x400.jpg.webp\" type=\"image\/webp\" \/><img data-recalc-dims=\"1\" height=\"400\" width=\"328\" decoding=\"async\" class=\"lazyloaded\" src=\"https:\/\/i0.wp.com\/www.educaciontrespuntocero.com\/wp-content\/uploads\/2018\/04\/mary-wollstonecraft-328x400.jpg?resize=328%2C400&#038;ssl=1\" alt=\"mary wollstonecraft mujeres fil\u00f3sofas\" data-ll-status=\"loaded\" \/> <\/picture><\/figure>\n<\/div>\n<p style=\"text-align: justify;\">Una de las grandiosas figuras del mundo moderno, escribi\u00f3 novelas, cuentos, ensayos, tratados, un relato de viaje y un libro de literatura infantil. En su obra \u2018Vindicaci\u00f3n de los derechos de la mujer\u2019 (1792) argumenta que las mujeres no son por naturaleza inferiores al hombre, sino que parecen serlo porque no reciben la misma educaci\u00f3n. La autora cre\u00f3 en sus obras un orden social basado en la raz\u00f3n<b> <\/b>y, precisamente, con esta obra estableci\u00f3 las bases del feminismo moderno y la convirti\u00f3 en una de las mujeres fil\u00f3sofas m\u00e1s populares de Europa de la \u00e9poca.<\/p>\n<h2 style=\"text-align: justify;\"><span id=\"Hannah_Arendt_1906-1975\"><a href=\"https:\/\/es.wikipedia.org\/wiki\/Hannah_Arendt\" target=\"_blank\" rel=\"noreferrer noopener\" aria-label=\"Hannah Arendt (abre en una nueva pesta\u00f1a)\">Hannah Arendt<\/a> (1906-1975)<\/span><\/h2>\n<div class=\"wp-block-image td-caption-align-https:\/\/www.educaciontrespuntocero.com\/wp-content\/uploads\/2018\/04\/Hannah-Arendt.jpg\" style=\"text-align: justify;\">\n<figure class=\"aligncenter\"><picture class=\"wp-image-78624\"><source srcset=\"https:\/\/www.educaciontrespuntocero.com\/wp-content\/uploads\/2018\/04\/Hannah-Arendt-339x400.jpg.webp\" type=\"image\/webp\" \/><img data-recalc-dims=\"1\" height=\"400\" width=\"339\" decoding=\"async\" class=\"lazyloaded\" src=\"https:\/\/i0.wp.com\/www.educaciontrespuntocero.com\/wp-content\/uploads\/2018\/04\/Hannah-Arendt-339x400.jpg?resize=339%2C400&#038;ssl=1\" alt=\"Hannah Arendt mujeres fil\u00f3sofas\" data-ll-status=\"loaded\" \/> <\/picture><\/figure>\n<\/div>\n<p style=\"text-align: justify;\">Fil\u00f3sofa y te\u00f3rica pol\u00edtica alemana, fue una de las personalidades m\u00e1s influyentes del siglo XX. Trabaj\u00f3 como periodista y maestra de escuela superior y public\u00f3 obras importantes sobre filosof\u00eda pol\u00edtica, aunque rechazaba ser clasificada como tal, donde defend\u00eda el concepto de pluralismo en la pol\u00edtica. Fruto de estos pensamientos se situaba de forma cr\u00edtica frente a la democracia representativa y prefer\u00eda un sistema de consejos o formas de democracia directa.<\/p>\n<h2 style=\"text-align: justify;\"><span id=\"Christine_de_Pizan_1364-1430\"><a href=\"https:\/\/es.wikipedia.org\/wiki\/Christine_de_Pizan\" target=\"_blank\" rel=\"noreferrer noopener\" aria-label=\"Christine de Pizan (abre en una nueva pesta\u00f1a)\">Christine de Pizan<\/a> (1364-1430)<\/span><\/h2>\n<div class=\"wp-block-image td-caption-align-https:\/\/www.educaciontrespuntocero.com\/wp-content\/uploads\/2018\/04\/Christine-de-Pizan.jpg\" style=\"text-align: justify;\">\n<figure class=\"aligncenter\"><picture class=\"wp-image-78625\"><source srcset=\"https:\/\/www.educaciontrespuntocero.com\/wp-content\/uploads\/2018\/04\/Christine-de-Pizan-308x400.jpg.webp\" type=\"image\/webp\" \/><img data-recalc-dims=\"1\" height=\"400\" width=\"308\" decoding=\"async\" class=\"lazyloaded\" src=\"https:\/\/i0.wp.com\/www.educaciontrespuntocero.com\/wp-content\/uploads\/2018\/04\/Christine-de-Pizan-308x400.jpg?resize=308%2C400&#038;ssl=1\" alt=\"christine de pizan mujeres fil\u00f3sofas\" data-ll-status=\"loaded\" \/> <\/picture><\/figure>\n<\/div>\n<p style=\"text-align: justify;\">Se la conoce como la primera escritora profesional de la Historia, adem\u00e1s de ser fil\u00f3sofa y poeta humanista. Su obra \u2018La ciudad de las damas\u2019 (1405), se sit\u00faa en el inicio de la llamada querella de las mujeres, un debate literario surgido en torno a la situaci\u00f3n de las mujeres y su defensa frente a la situaci\u00f3n de subordinaci\u00f3n que marcaba la \u00e9poca. Adem\u00e1s, sus poemas se organizan en colecciones con una trama narrativa extra\u00edda de su experiencia personal. Gran parte de su trabajo conten\u00eda informaci\u00f3n biogr\u00e1fica detallada, algo inusual en esa \u00e9poca y sus primeros poemas y baladas de amores perdidos transmit\u00edan la tristeza de su prematura viudez.<\/p>\n<div class=\"code-block code-block-3\">\u00a0<\/div>\n","protected":false},"excerpt":{"rendered":"<p>Estas mujeres plantearon una nueva visi\u00f3n del mundo y tuvieron un papel muy importante en&#8230;<\/p>\n","protected":false},"author":1,"featured_media":43733,"comment_status":"closed","ping_status":"closed","sticky":false,"template":"","format":"standard","meta":{"_coblocks_attr":"","_coblocks_dimensions":"","_coblocks_responsive_height":"","_coblocks_accordion_ie_support":"","jetpack_post_was_ever_published":false,"_jetpack_newsletter_access":"","_jetpack_dont_email_post_to_subs":false,"_jetpack_newsletter_tier_id":0,"_jetpack_memberships_contains_paywalled_content":false,"_jetpack_memberships_contains_paid_content":false,"footnotes":"","jetpack_publicize_message":"","jetpack_publicize_feature_enabled":true,"jetpack_social_post_already_shared":false,"jetpack_social_options":{"image_generator_settings":{"template":"highway","default_image_id":0,"enabled":false},"version":2}},"categories":[1161,44,6937,15],"tags":[1497,19],"class_list":["post-43732","post","type-post","status-publish","format-standard","has-post-thumbnail","hentry","category-ciudadania","category-noticias-de-hoy","category-sociedad","category-ultimas-noticias","tag-filosofia","tag-mujeres"],"jetpack_publicize_connections":[],"jetpack_featured_media_url":"https:\/\/i0.wp.com\/miradordeatarfe.es\/wp-content\/uploads\/2020\/12\/mujeres-filosofas.jpg?fit=600%2C317&ssl=1","jetpack_likes_enabled":true,"jetpack_sharing_enabled":true,"_links":{"self":[{"href":"https:\/\/miradordeatarfe.es\/index.php?rest_route=\/wp\/v2\/posts\/43732","targetHints":{"allow":["GET"]}}],"collection":[{"href":"https:\/\/miradordeatarfe.es\/index.php?rest_route=\/wp\/v2\/posts"}],"about":[{"href":"https:\/\/miradordeatarfe.es\/index.php?rest_route=\/wp\/v2\/types\/post"}],"author":[{"embeddable":true,"href":"https:\/\/miradordeatarfe.es\/index.php?rest_route=\/wp\/v2\/users\/1"}],"replies":[{"embeddable":true,"href":"https:\/\/miradordeatarfe.es\/index.php?rest_route=%2Fwp%2Fv2%2Fcomments&post=43732"}],"version-history":[{"count":1,"href":"https:\/\/miradordeatarfe.es\/index.php?rest_route=\/wp\/v2\/posts\/43732\/revisions"}],"predecessor-version":[{"id":43734,"href":"https:\/\/miradordeatarfe.es\/index.php?rest_route=\/wp\/v2\/posts\/43732\/revisions\/43734"}],"wp:featuredmedia":[{"embeddable":true,"href":"https:\/\/miradordeatarfe.es\/index.php?rest_route=\/wp\/v2\/media\/43733"}],"wp:attachment":[{"href":"https:\/\/miradordeatarfe.es\/index.php?rest_route=%2Fwp%2Fv2%2Fmedia&parent=43732"}],"wp:term":[{"taxonomy":"category","embeddable":true,"href":"https:\/\/miradordeatarfe.es\/index.php?rest_route=%2Fwp%2Fv2%2Fcategories&post=43732"},{"taxonomy":"post_tag","embeddable":true,"href":"https:\/\/miradordeatarfe.es\/index.php?rest_route=%2Fwp%2Fv2%2Ftags&post=43732"}],"curies":[{"name":"wp","href":"https:\/\/api.w.org\/{rel}","templated":true}]}}