{"id":43761,"date":"2020-12-10T09:58:28","date_gmt":"2020-12-10T08:58:28","guid":{"rendered":"http:\/\/miradordeatarfe.es\/?p=43761"},"modified":"2020-12-05T20:03:53","modified_gmt":"2020-12-05T19:03:53","slug":"de-un-derecho-laboral-a-la-corresponsabilidad-de-cuidar","status":"publish","type":"post","link":"https:\/\/miradordeatarfe.es\/?p=43761","title":{"rendered":"De un derecho laboral a la corresponsabilidad de cuidar"},"content":{"rendered":"<section class=\"article-titles\">\n<div id=\"m30-29-31\" class=\"article-intro \">\n<div id=\"m35-34-36\">\n<h3 style=\"text-align: justify;\">Espa\u00f1a ha avanzado a pasos agigantados: de las dos semanas para las madres a las 16 para ambos progenitores, intransferibles y remuneradas. Pero los datos siguen mostrando que es un asunto de ellas.<\/h3>\n<\/div>\n<\/div>\n<\/section>\n<div class=\"container-grid-box\">\n<section class=\"container-grid-cell content\">\n<article class=\"article-body\">\n<div class=\"multimedia\" style=\"text-align: justify;\">\n<div id=\"m40-39-41\">\n<div class=\"image-container\">\n<figure class=\"image\">\n<div>\n<div><img data-recalc-dims=\"1\" decoding=\"async\" class=\"noLazyImage\" title=\"Permiso paternidad\" src=\"https:\/\/i0.wp.com\/imagenes.20minutos.es\/files\/image_656_370\/uploads\/imagenes\/2020\/11\/20\/permiso-paternidad.jpeg?w=640&#038;ssl=1\" alt=\"Evoluci\u00f3n de la equiparaci\u00f3n de los permisos de maternidad y paternidad por nacimiento o adopci\u00f3n de hijo en Espa\u00f1a.\" \/><\/div>\n<\/div><figcaption id=\"m59-58-60\">Evoluci\u00f3n de la equiparaci\u00f3n de los permisos de maternidad y paternidad por nacimiento o adopci\u00f3n de hijo en Espa\u00f1a.<\/figcaption><div><span id=\"m64-63-65\" class=\"author \">HENAR DE PEDRO<\/span><\/div>\n<\/figure>\n<\/div>\n<\/div>\n<\/div>\n<div class=\"article-text\">\n<p id=\"m91-90-92\" class=\"paragraph \" style=\"text-align: justify;\">Lejos qued\u00f3 el entender la <strong><a title=\"Conciliaci\u00f3n familiar\" href=\"https:\/\/www.20minutos.es\/minuteca\/conciliacion-familiar\/\">conciliaci\u00f3n<\/a><\/strong> como un problema exclusivo de las mujeres. Hoy en d\u00eda, hablar de conciliaci\u00f3n es hablar de <strong>corresponsabilidad de los cuidados<\/strong>.\u00a0<\/p>\n<p id=\"m96-95-97\" class=\"paragraph \" style=\"text-align: justify;\">En los \u00faltimos 20 a\u00f1os Espa\u00f1a ha cambiado mucho en este aspecto. Fue a finales de <strong>1999<\/strong>, un a\u00f1o antes del nacimiento de <strong><em>20minutos<\/em><\/strong>, cuando el Gobierno, entonces al mando de <a title=\"Aznar\" href=\"https:\/\/www.20minutos.es\/minuteca\/aznar\/\"><strong>Jos\u00e9 Mar\u00eda Aznar<\/strong><\/a>, aprobaba la <strong>primera ley<\/strong> para promover la conciliaci\u00f3n, entendida en ese momento como la necesidad de compaginar el trabajo y la familia. El objetivo de aquella primera norma era flexibilizar los permisos de maternidad, equipararlos a la maternidad adoptiva, prohibir el despido por embarazo y establecer una prestaci\u00f3n econ\u00f3mica en caso de baja laboral durante el mismo.\u00a0<\/p>\n<p id=\"m101-100-102\" class=\"paragraph \" style=\"text-align: justify;\">Ocho a\u00f1os despu\u00e9s, con <strong><a title=\"Zapatero\" href=\"https:\/\/www.20minutos.es\/minuteca\/zapatero\/\">Jos\u00e9 Luis Rodr\u00edguez Zapatero<\/a><\/strong> como jefe del Ejecutivo, entr\u00f3 en vigor la <strong>ley de igualdad<\/strong>, la cual obligaba a las empresas de m\u00e1s de 250 personas en plantilla a negociar con los agentes sociales planes de igualdad y reconoc\u00eda dos semanas de permiso para los varones. Desde entonces, se suceden las promesas de ir ampliando este derecho pero no es hasta <strong>2017<\/strong> cuando aumenta a <strong>cuatro semanas<\/strong> para los varones. <\/p>\n<blockquote id=\"m106-105-107\" class=\"content-title-phrase \"><p><strong>El 92,3% de las excedencias por cuidado de hijos, solicitadas por las madres<\/strong><\/p><\/blockquote>\n<p id=\"m111-110-112\" class=\"paragraph \" style=\"text-align: justify;\">Hace apenas un a\u00f1o, en <strong>2019<\/strong>, se estableci\u00f3 mediante real decreto la <strong>igualaci\u00f3n progresiva de los permisos de nacimiento, acogida y adopci\u00f3n, de forma intransferible y 100% remunerados<\/strong>. Un \u00abavance hist\u00f3rico\u00bb, defiende la ministra de Igualdad, <strong><a title=\"Irene Montero\" href=\"https:\/\/www.20minutos.es\/minuteca\/irene-montero\/\">Irene Montero<\/a><\/strong>.<\/p>\n<h2 id=\"m116-115-117\" style=\"text-align: justify;\">Cifras demoledoras<\/h2>\n<p id=\"m121-120-122\" class=\"paragraph \" style=\"text-align: justify;\">Sin embargo, las cifras son demoledoras. Seg\u00fan los \u00faltimos datos disponibles del Instituto de la Mujer, en 2017 <strong>el 92,3% de las excedencias por cuidado de hijos fueron solicitadas por las madres<\/strong>. Un porcentaje que en 2005 se situaba en el 96,6%. Los padres que solicitan este permiso representan una parte \u00ednfima del total: apenas 946 pidieron excedencia en 2005, cifra que ha ido ascendiendo a\u00f1o a a\u00f1o pero que en 2017 se queda todav\u00eda en 3.363, frente a 40.536 mujeres.<\/p>\n<p id=\"m126-125-127\" class=\"paragraph \" style=\"text-align: justify;\">En cuanto al <strong>tiempo dedicado a cuidar del hogar y la familia<\/strong>, tampoco hay diferencias. En 2002 las mujeres empleaban una media de 4h 24&#8242; al d\u00eda, mientras que los hombres 1h 30&#8242;. Los \u00faltimos datos, de 2010, indican una t\u00edmida reducci\u00f3n de este desequilibrio, con 4h y 7&#8242; para las mujeres y 1h 54&#8242; para los hombres. En cuanto a las <strong>reducciones de jornada<\/strong>, las mujeres tambi\u00e9n son las que m\u00e1s renuncian: el 95,2% de las reducciones de 2018 las cogieron ellas, un porcentaje que en 2005 se situaba en el 97,9%.\u00a0<\/p>\n<blockquote id=\"m131-130-132\" class=\"content-title-phrase \"><p>\u00abEl gran reto es que las pol\u00edticas de conciliaci\u00f3n y corresponsabilidad no se conciban solo como subsidiarias de los derechos laborales\u00bb<\/p><\/blockquote>\n<p id=\"m136-135-137\" class=\"paragraph \" style=\"text-align: justify;\">\u00abEl gran reto que quiere abordar el <a title=\"Ministerio de Igualdad\" href=\"https:\/\/www.20minutos.es\/minuteca\/ministerio-de-igualdad\/\">Ministerio de Igualdad<\/a> es que las pol\u00edticas de conciliaci\u00f3n y corresponsabilidad no se conciban solo como subsidiarias de los derechos laborales de las personas, porque eso es fundamental, pero <strong>necesitamos comprender que esto va m\u00e1s all\u00e1 del empleo y que tiene una dimensi\u00f3n de igualdad que es clave<\/strong>. Tenemos que explorar el cuidado en igualdad y eso precisa que tanto el Estado como nuestro tejido empresarial nos hagamos corresponsables de dicho cuidado, porque eso supondr\u00e1 ser conscientes de que la sostenibilidad de la vida debe ser el principio rector de nuestro dise\u00f1o socioecon\u00f3mico\u00bb, ha declarado <strong><a title=\"Irene Montero\" href=\"https:\/\/www.20minutos.es\/minuteca\/irene-montero\/\">Irene Montero<\/a><\/strong> a <em><strong>20minutos<\/strong><\/em>.<\/p>\n<h2 id=\"m141-140-142\" style=\"text-align: justify;\">La \u00abtrampa\u00bb de la letra peque\u00f1a de la ley<\/h2>\n<p id=\"m146-145-147\" class=\"paragraph \" style=\"text-align: justify;\">En <strong>enero de 2021 entran en vigor las 16 semanas de permiso<\/strong> por nacimiento o adopci\u00f3n para los varones (o progenitor\/a distinto a la madre). Ser\u00e1 entonces cuando finalice el periodo de igualaci\u00f3n de este derecho para ambos progenitores previsto en el RD 6\/2019. Sin embargo, la letra peque\u00f1a de esta norma esconde una \u00abtrampa\u00bb.\u00a0<\/p>\n<p id=\"m151-150-152\" class=\"paragraph \" style=\"text-align: justify;\">Seg\u00fan lamentan desde la Plataforma por Permisos Iguales e Intransferibles de Nacimiento y Adopci\u00f3n (<a href=\"https:\/\/igualeseintransferibles.org\/\" target=\"_blank\" rel=\"nofollow noopener noreferrer\">PPiiNA<\/a>), conforme ahora mismo est\u00e1 redactado el decreto, <strong>las primeras seis semanas deben tomarse a partir del nacimiento, y por tanto simult\u00e1neamente<\/strong>. Mientras que el resto del permiso debe acordarse con la empresa, que puede forzar el disfrute a tiempo parcial y\/o en determinadas fechas.\u00a0<\/p>\n<p id=\"m156-155-157\" class=\"paragraph \" style=\"text-align: justify;\">Este detalle, denuncian, \u00abdesvirt\u00faa seriamente la utilidad del permiso\u00bb. Por ello, demandan que antes de que acabe 2020 se reforme la ley para \u00ab<strong>que los padres puedan cubrir el periodo entre el fin del permiso de maternidad y la escuela infantil<\/strong>. As\u00ed, las madres no se ver\u00edan obligadas a prolongar su permiso con reducciones de jornada y\/o excedencias\u00bb, reprueban.\u00a0<\/p>\n<p id=\"m161-160-162\" class=\"paragraph \" style=\"text-align: justify;\">As\u00ed pues, si bien en los a\u00f1os m\u00e1s recientes se ha avanzado a pasos de gigante, conciliar en Espa\u00f1a sigue siendo una <strong>ardua batalla que se lidia mayoritariamente en femenino<\/strong>.<\/p>\n<p><span class=\"article-author\"><a href=\"https:\/\/www.20minutos.es\/autor\/lolita-belenguer\"><strong>Lolita Belenguer<\/strong><\/a>\u00a0<\/span><\/p>\n<p>https:\/\/www.20minutos.es\/noticia\/4481919\/0\/conciliacion-derecho-laboral-corresponsabilidad-cuidados-espacial-20-aniversario-20-minutos\/?utm_source=twitter.com&#038;utm_medium=smm&#038;utm_campaign=noticias<\/p>\n<\/div>\n<\/article>\n<\/section>\n<\/div>\n","protected":false},"excerpt":{"rendered":"<p>Espa\u00f1a ha avanzado a pasos agigantados: de las dos semanas para las madres a las&#8230;<\/p>\n","protected":false},"author":1,"featured_media":43762,"comment_status":"closed","ping_status":"closed","sticky":false,"template":"","format":"standard","meta":{"_coblocks_attr":"","_coblocks_dimensions":"","_coblocks_responsive_height":"","_coblocks_accordion_ie_support":"","jetpack_post_was_ever_published":false,"_jetpack_newsletter_access":"","_jetpack_dont_email_post_to_subs":false,"_jetpack_newsletter_tier_id":0,"_jetpack_memberships_contains_paywalled_content":false,"_jetpack_memberships_contains_paid_content":false,"footnotes":"","jetpack_publicize_message":"","jetpack_publicize_feature_enabled":true,"jetpack_social_post_already_shared":false,"jetpack_social_options":{"image_generator_settings":{"template":"highway","default_image_id":0,"enabled":false},"version":2}},"categories":[1161,44,6937,15],"tags":[4112,7879],"class_list":["post-43761","post","type-post","status-publish","format-standard","has-post-thumbnail","hentry","category-ciudadania","category-noticias-de-hoy","category-sociedad","category-ultimas-noticias","tag-conciliacion","tag-progenitores"],"jetpack_publicize_connections":[],"jetpack_featured_media_url":"https:\/\/i0.wp.com\/miradordeatarfe.es\/wp-content\/uploads\/2020\/12\/conciliacion-laboral-1.jpg?fit=728%2C409&ssl=1","jetpack_likes_enabled":true,"jetpack_sharing_enabled":true,"_links":{"self":[{"href":"https:\/\/miradordeatarfe.es\/index.php?rest_route=\/wp\/v2\/posts\/43761","targetHints":{"allow":["GET"]}}],"collection":[{"href":"https:\/\/miradordeatarfe.es\/index.php?rest_route=\/wp\/v2\/posts"}],"about":[{"href":"https:\/\/miradordeatarfe.es\/index.php?rest_route=\/wp\/v2\/types\/post"}],"author":[{"embeddable":true,"href":"https:\/\/miradordeatarfe.es\/index.php?rest_route=\/wp\/v2\/users\/1"}],"replies":[{"embeddable":true,"href":"https:\/\/miradordeatarfe.es\/index.php?rest_route=%2Fwp%2Fv2%2Fcomments&post=43761"}],"version-history":[{"count":1,"href":"https:\/\/miradordeatarfe.es\/index.php?rest_route=\/wp\/v2\/posts\/43761\/revisions"}],"predecessor-version":[{"id":43763,"href":"https:\/\/miradordeatarfe.es\/index.php?rest_route=\/wp\/v2\/posts\/43761\/revisions\/43763"}],"wp:featuredmedia":[{"embeddable":true,"href":"https:\/\/miradordeatarfe.es\/index.php?rest_route=\/wp\/v2\/media\/43762"}],"wp:attachment":[{"href":"https:\/\/miradordeatarfe.es\/index.php?rest_route=%2Fwp%2Fv2%2Fmedia&parent=43761"}],"wp:term":[{"taxonomy":"category","embeddable":true,"href":"https:\/\/miradordeatarfe.es\/index.php?rest_route=%2Fwp%2Fv2%2Fcategories&post=43761"},{"taxonomy":"post_tag","embeddable":true,"href":"https:\/\/miradordeatarfe.es\/index.php?rest_route=%2Fwp%2Fv2%2Ftags&post=43761"}],"curies":[{"name":"wp","href":"https:\/\/api.w.org\/{rel}","templated":true}]}}