{"id":43774,"date":"2020-12-10T08:31:34","date_gmt":"2020-12-10T07:31:34","guid":{"rendered":"http:\/\/miradordeatarfe.es\/?p=43774"},"modified":"2020-12-05T20:38:05","modified_gmt":"2020-12-05T19:38:05","slug":"el-efecto-puente-o-como-la-movilidad-aumenta-los-contagios-de-coronavirus","status":"publish","type":"post","link":"https:\/\/miradordeatarfe.es\/?p=43774","title":{"rendered":"El efecto puente o c\u00f3mo la movilidad aumenta los contagios de coronavirus"},"content":{"rendered":"<div class=\"cnt-breadcrumb program\">\u00a0<\/div>\n<div id=\"noticia\" class=\"cnt-article estirar\" data-portal=\"programa\" data-seccion=\"hoy_por_hoy\" data-subseccion=\"\" data-url=\"https:\/\/cadenaser.com\/programa\/2020\/11\/30\/hoy_por_hoy\/1606718330_749696.html\" data-titulo=\"El efecto puente o c\u00f3mo la movilidad aumenta los contagios de coronavirus | Hoy por Hoy | Cadena SER\" data-id-comentarios=\"1606720713-fbf10ffa968796e07426c92e3e7c6af6\" data-tags-ids=\"32455,57568,18370,71011,23026,23019,202173,60960,63276,133311,29425,79236,29951,29409,58359\" data-twitter-title=\"El efecto puente o c\u00f3mo la movilidad aumenta los contagios de coronavirus\" data-twitter-site=\"@HoyporHoy\" data-og-title=\"El efecto puente o c\u00f3mo la movilidad aumenta los contagios de coronavirus\">\n<article>\n<header>\n<h2>Hay una correlaci\u00f3n casi lineal entre el aumento de la movilidad y el aumento de los contagios<\/h2>\n<\/header>\n<div class=\"cnt-multimedia estirar\">\n<div class=\"items\">\n<div class=\"item\">\n<div id=\"multimediaPlayer_1606726293\" class=\"cnt-audio-grande\" tabindex=\"240290\" data-hj-ignore-attributes=\"\">\n<div id=\"multimediaPlayer_1606726293_base\" class=\"commonmm_baseExpand\" data-id_player=\"270\" data-id_cuenta=\"playser\" data-id_media=\"1606726205_428402\">\u00a0<\/div>\n<\/div>\n<\/div>\n<\/div>\n<\/div>\n<\/article>\n<\/div>\n<div class=\"cnt-multimedia estirar\">\n<div class=\"items\">\n<div class=\"item\">\n<div id=\"multimediaPlayer_1606726293\" class=\"cnt-audio-grande\" tabindex=\"240290\" data-hj-ignore-attributes=\"\">\n<div id=\"multimediaPlayer_1606726293_base\" class=\"commonmm_baseExpand\" data-id_player=\"270\" data-id_cuenta=\"playser\" data-id_media=\"1606726205_428402\">\n<div id=\"UIModule_multimediaPlayer_1606726293_TopPlayer\" class=\"commonmm_sonExpand\">\n<div id=\"UISkin_multimediaPlayer_1606726293_TopPlayer\" class=\"commonmm_sonExpand\">\n<div id=\"multimediaPlayer_1606726293_TopPlayer_mm_player\" class=\"mm_player mm_player_externo mm_player-orange\">\n<div id=\"multimediaPlayer_1606726293_TopPlayer_capa_compartir\" class=\"mm_capa_compartir\">\u00a0<\/div>\n<\/div>\n<\/div>\n<\/div>\n<\/div>\n<\/div>\n<\/div>\n<\/div>\n<\/div>\n<section class=\"cnt-modulo lst-keywords\"><\/section>\n<div class=\"cnt-izq\">\n<div class=\"cnt-body\">\n<div id=\"cuerpo_noticia_r\" class=\"cuerpo\">\n<p style=\"text-align: justify;\">Las autoridades est\u00e1n pidiendo a la ciudadan\u00eda que limite su movilidad durante el pr\u00f3ximo puente de diciembre y durante las fechas de <a title=\"Navidad\" href=\"https:\/\/cadenaser.com\/tag\/navidad\/a\/\">Navidad.<\/a> Los datos muestran que cada uno de los recientes puentes, incluso con restricciones, han contribuido a <a title=\"Coronavirus Covid-19\" href=\"https:\/\/cadenaser.com\/tag\/covid_19\/a\/\">disparar los contagios.<\/a><\/p>\n<p style=\"text-align: justify;\">El efecto puente se puede traducir en cifras. Cada puente ha disparado las cufras de contagios hasta casi duplicarlas. El m\u00e1s claro de todos ha sido el reciente puente de octubre, en plena segunda ola. <strong>Ven\u00edamos de tocar pico de 14.333 casos el 18 de septiembre<\/strong> y desde entonces hab\u00edamos comenzado a controlar algo las cifras. Llev\u00e1bamos dos semanas de estabilidad y el d\u00eda 12 de octubre se registraban 10.645 casos, un 25% menos<\/p>\n<p style=\"text-align: justify;\">Y entonces lleg\u00f3 el puente<strong>: al entrar en el puente la incidencia acumulada era de 263,12 casos. 14 d\u00edas despu\u00e9s, el d\u00eda 26, la incidencia casi se hab\u00eda duplicado a 410,18 casos.<\/strong><\/p>\n<p style=\"text-align: justify;\">Podr\u00eda ser que cada uno de los enfermos contagiar a m\u00e1s gente, pero no. <strong>La R, la tasa de contagios de cada persona enferma se mantiene estable o baja.<\/strong> \u00bfQu\u00e9 factor hay? La extraordinaria base de datos del Ministerio de Fomento lo explica: <strong>hubo 1.048.576 desplazamientos con un radio medio de 137,8 kil\u00f3metros por viajero:<\/strong> quienes s\u00ed viajaron en el puente dispararon los contagios y la incidencia.<\/p>\n<p style=\"text-align: justify;\">Ese mismo efecto puente lo hemos visto en los dos anteriores: los de julio y agosto. Especialmente llamativo es el del mes de julio. Entonces la segunda ola ni siquiera hab\u00eda comenzado pero la movilidad pudo ser el primer factor que agit\u00f3 esa marea.<\/p>\n<p style=\"text-align: justify;\">En el puente del 25 de julio entramos con 2.067 casos. <strong>El 8 de agosto, los 14 d\u00edas que tardamos en contagiar e incubar el virus, los casos ya eran 4.196 y al d\u00eda siguiente 5.264.<\/strong> De nuevo se duplicaban los casos y la incidencia acumulada que salta de 37,94 casos a 79,82.<\/p>\n<section id=\"sumario_1|foto\" class=\"sumario foto left\">\n<figure>\n<div><img data-recalc-dims=\"1\" decoding=\"async\" class=\"loading\" title=\"Casos diarios de COVID.\" src=\"https:\/\/i0.wp.com\/cadenaser00.epimg.net\/programa\/imagenes\/2020\/11\/30\/hoy_por_hoy\/1606718330_749696_1606718378_sumario_normal.jpg?w=640&#038;ssl=1\" alt=\"Casos diarios de COVID.\" data-was-processed=\"true\" \/><\/div><figcaption>\n<p>Casos diarios de COVID. \/ CADENA SER<\/p>\n<\/figcaption><\/figure>\n<\/section>\n<p style=\"text-align: justify;\">De nuevo, si una persona contagia m\u00e1s, aunque no se mueva, <strong>eso podr\u00eda disparar la cifra pero la tasa de reproducci\u00f3n del virus, la R, se mantuvo estable en torno a 1,16 y 1,19.<\/strong> La movilidad hab\u00eda servido para impulsar no una marea, pero s\u00ed una marejada.<\/p>\n<p style=\"text-align: justify;\">En el puente del 15 agosto, el de la Asunci\u00f3n de la Virgen, <strong>los viajes en carretera se disparan y los casos tambi\u00e9n.<\/strong> El 15 de agosto, 5.555 casos, el d\u00eda 28, 14 d\u00edas despu\u00e9s, son 10.863. La incidencia acumulada casi se duplica: sube un 73% y salta de los 109 casos por 100.000 habitantes a los 189.<\/p>\n<p style=\"text-align: justify;\">Estos datos llegan a puertas de un nuevo puente, el de la Inmaculada, y de unas navidades en las que cuesti\u00f3n de la movilidad est\u00e1n en el aire aqu\u00ed y en todo el mundo<strong>. La movilidad interna ha multiplicado casi por dos los contagios tras cada puente y tambi\u00e9n la movilidad exterior.<\/strong><\/p>\n<p style=\"text-align: justify;\">Hoy en d\u00eda, el mapamundi queda as\u00ed:<\/p>\n<ul class=\"en_contenido\" style=\"text-align: justify;\">\n<li>50 pa\u00edses est\u00e1n completamente cerrados, entre ellos <strong>Argentina, Uruguay o Paraguay, Venezuela o Argelia, entre otros.<\/strong><\/li>\n<li>92 pa\u00edses, entre ellos <strong>Espa\u00f1a, est\u00e1n parcialmente abiertos<\/strong><\/li>\n<li>Y otros 73 pa\u00edses est\u00e1n <strong>totalmente abiertos, entre ellos Brasil,<\/strong> el segundo pa\u00eds que reporta m\u00e1s casos diarios, unos 31.100.<\/li>\n<\/ul>\n<p style=\"text-align: justify;\">Las bases de datos de Sanidad son cada vez menos transparentes y sus series menos homog\u00e9neas. Pero las de Fomento, sin embargo, son impresionantes y claman: <strong>hay una correlaci\u00f3n casi lineal entre el aumento de la movilidad y el aumento de los contagios.<\/strong><\/p>\n<p style=\"text-align: justify;\"><a href=\"https:\/\/cadenaser.com\/autor\/javier_ruiz_perez\/a\/\">Javier Ruiz<\/a><\/p>\n<p style=\"text-align: justify;\">https:\/\/cadenaser.com\/programa\/2020\/11\/30\/hoy_por_hoy\/1606718330_749696.html<\/p>\n<\/div>\n<\/div>\n<\/div>\n","protected":false},"excerpt":{"rendered":"<p>\u00a0 Hay una correlaci\u00f3n casi lineal entre el aumento de la movilidad y el aumento&#8230;<\/p>\n","protected":false},"author":1,"featured_media":43775,"comment_status":"closed","ping_status":"closed","sticky":false,"template":"","format":"standard","meta":{"_coblocks_attr":"","_coblocks_dimensions":"","_coblocks_responsive_height":"","_coblocks_accordion_ie_support":"","jetpack_post_was_ever_published":false,"_jetpack_newsletter_access":"","_jetpack_dont_email_post_to_subs":false,"_jetpack_newsletter_tier_id":0,"_jetpack_memberships_contains_paywalled_content":false,"_jetpack_memberships_contains_paid_content":false,"footnotes":"","jetpack_publicize_message":"","jetpack_publicize_feature_enabled":true,"jetpack_social_post_already_shared":false,"jetpack_social_options":{"image_generator_settings":{"template":"highway","default_image_id":0,"enabled":false},"version":2}},"categories":[1161,7149,44,6937,15],"tags":[7884,7021,5342],"class_list":["post-43774","post","type-post","status-publish","format-standard","has-post-thumbnail","hentry","category-ciudadania","category-coronavirus","category-noticias-de-hoy","category-sociedad","category-ultimas-noticias","tag-aumento-de-virus","tag-coronavirus","tag-reuniones"],"jetpack_publicize_connections":[],"jetpack_featured_media_url":"https:\/\/i0.wp.com\/miradordeatarfe.es\/wp-content\/uploads\/2020\/12\/Turismo8.jpg?fit=1068%2C712&ssl=1","jetpack_likes_enabled":true,"jetpack_sharing_enabled":true,"_links":{"self":[{"href":"https:\/\/miradordeatarfe.es\/index.php?rest_route=\/wp\/v2\/posts\/43774","targetHints":{"allow":["GET"]}}],"collection":[{"href":"https:\/\/miradordeatarfe.es\/index.php?rest_route=\/wp\/v2\/posts"}],"about":[{"href":"https:\/\/miradordeatarfe.es\/index.php?rest_route=\/wp\/v2\/types\/post"}],"author":[{"embeddable":true,"href":"https:\/\/miradordeatarfe.es\/index.php?rest_route=\/wp\/v2\/users\/1"}],"replies":[{"embeddable":true,"href":"https:\/\/miradordeatarfe.es\/index.php?rest_route=%2Fwp%2Fv2%2Fcomments&post=43774"}],"version-history":[{"count":1,"href":"https:\/\/miradordeatarfe.es\/index.php?rest_route=\/wp\/v2\/posts\/43774\/revisions"}],"predecessor-version":[{"id":43776,"href":"https:\/\/miradordeatarfe.es\/index.php?rest_route=\/wp\/v2\/posts\/43774\/revisions\/43776"}],"wp:featuredmedia":[{"embeddable":true,"href":"https:\/\/miradordeatarfe.es\/index.php?rest_route=\/wp\/v2\/media\/43775"}],"wp:attachment":[{"href":"https:\/\/miradordeatarfe.es\/index.php?rest_route=%2Fwp%2Fv2%2Fmedia&parent=43774"}],"wp:term":[{"taxonomy":"category","embeddable":true,"href":"https:\/\/miradordeatarfe.es\/index.php?rest_route=%2Fwp%2Fv2%2Fcategories&post=43774"},{"taxonomy":"post_tag","embeddable":true,"href":"https:\/\/miradordeatarfe.es\/index.php?rest_route=%2Fwp%2Fv2%2Ftags&post=43774"}],"curies":[{"name":"wp","href":"https:\/\/api.w.org\/{rel}","templated":true}]}}