{"id":43787,"date":"2020-12-10T10:03:10","date_gmt":"2020-12-10T09:03:10","guid":{"rendered":"http:\/\/miradordeatarfe.es\/?p=43787"},"modified":"2020-12-05T21:07:36","modified_gmt":"2020-12-05T20:07:36","slug":"lavadora-y-ansiedad","status":"publish","type":"post","link":"https:\/\/miradordeatarfe.es\/?p=43787","title":{"rendered":"Lavadora y ansiedad"},"content":{"rendered":"<div class=\"c-header\">\n<div class=\"news-header\">\n<h3 style=\"text-align: justify;\">Desde marzo las cosas cotidianas pueden resultar extremas y aparece la ansiedad. Llamar a un manitas, reparar un calentador, dar dos besos o quitarte el ch\u00e1ndal<\/h3>\n<\/div>\n<\/div>\n<div class=\"c-subheader\" style=\"text-align: justify;\">\n<div class=\"author-pill-wrapper\">\n<footer class=\"cmp-featured-signature-component\">\n<div class=\"featured-signature-component\">\n<div class=\"featured-avatar\"><picture class=\"rounded-img avatar\"><source srcset=\"https:\/\/static.eldiario.es\/clip\/d78f17e9-cb19-42d3-a219-4053e4b533e1_source-aspect-ratio_default_0.jpg\" media=\"(max-width: 576px)\" data-srcset=\"https:\/\/static.eldiario.es\/clip\/d78f17e9-cb19-42d3-a219-4053e4b533e1_source-aspect-ratio_default_0.jpg\" \/><source srcset=\"https:\/\/static.eldiario.es\/clip\/d78f17e9-cb19-42d3-a219-4053e4b533e1_source-aspect-ratio_default_0.jpg\" media=\"(max-width: 768px)\" data-srcset=\"https:\/\/static.eldiario.es\/clip\/d78f17e9-cb19-42d3-a219-4053e4b533e1_source-aspect-ratio_default_0.jpg\" \/><source srcset=\"https:\/\/static.eldiario.es\/clip\/d78f17e9-cb19-42d3-a219-4053e4b533e1_source-aspect-ratio_default_0.jpg\" media=\"(min-width: 769px)\" data-srcset=\"https:\/\/static.eldiario.es\/clip\/d78f17e9-cb19-42d3-a219-4053e4b533e1_source-aspect-ratio_default_0.jpg\" \/><\/picture>Como en una coda ag\u00f3nica, el aparato emiti\u00f3 unos estridentes pitidos finales y hasta el sal\u00f3n lleg\u00f3 un olor a goma quemada que me hizo temer lo peor. Es verdad, no era un edificio en llamas, ni una ventolera azotando las cristaleras, ni se hab\u00eda desprendido un trozo de escayola del techo del sal\u00f3n. La lavadora hab\u00eda muerto y en su interior, enrollada y mojada, se encontraba una masa informe de ropa sin lavar ni centrifugar. Entre todo el desastre, una de mis camisas favoritas, a la que asign\u00e9 la cualidad de dar buena suerte una vez abotonada, pero por ahora nada en este 2020.<\/div>\n<\/div>\n<\/footer>\n<\/div>\n<\/div>\n<div class=\"content-container col-12 col-lg-8\">\n<div class=\"c-content\">\n<div class=\"partner-wrapper article-page__body-row\">\n<div class=\"second-col\">\n<p class=\"article-text\" style=\"text-align: justify;\">Me qued\u00e9 mirando a la esfera oscura llena de pantalones y calcetines como quien mira al vac\u00edo. Abrir o dejar cerrada aquella puerta de cristal que me llevaba hacia el caos, esa era mi duda. Puede que suene exagerado, lo comprendo, pero en el momento, se me vino el mundo encima. Qu\u00e9 dir\u00edan los caseros. Qui\u00e9n pagar\u00eda la reparaci\u00f3n. Cu\u00e1ntos a\u00f1os ten\u00eda aquella vieja lavadora, que caminaba hacia adelante al final del lavado y amenazaba con hacer las maletas e irse del piso siempre que se pon\u00eda en marcha.<\/p>\n<p class=\"article-text\" style=\"text-align: justify;\"><strong>Ansiedad.<\/strong><\/p>\n<p class=\"article-text\" style=\"text-align: justify;\">Accion\u00e9 la palanca del \u00f3culo en una maniobra compleja puesto que la pesta\u00f1ita de la puerta llevaba rota al menos dos a\u00f1os, y met\u00ed la mano. La ropa chorreaba y, para tenderla, primero tuve que escurrirla. Prenda por prenda. Mi camisa, la de la suerte, estaba hecha un bru\u00f1o y sent\u00ed l\u00e1stima por las dos. Por ella, porque hab\u00eda quedado despojada de cualquier poder superior, y por m\u00ed, porque me esperaba una conversaci\u00f3n inc\u00f3moda con los due\u00f1os de la casa y varios d\u00edas sin lavar.\u00a0<\/p>\n<p class=\"article-text\" style=\"text-align: justify;\"><strong>M\u00e1s ansiedad.<\/strong><\/p>\n<p class=\"article-text\" style=\"text-align: justify;\">Hac\u00eda poco, adem\u00e1s, tambi\u00e9n hab\u00eda notado raro al calentador. Y no es que hable con los artilugios de mi casa, que podr\u00eda, la cuesti\u00f3n era que muchos d\u00edas en la ducha me quedaba pajarito esperando por el agua caliente y hab\u00eda decidido informar. Dos reparaciones en la misma semana. El horror.\u00a0<\/p>\n<p class=\"article-text\" style=\"text-align: justify;\">Con la casa oliendo a hoguera y el suelo del balc\u00f3n lleno de agua, escrib\u00ed a mis caseros. Les envi\u00e9 uno de esos Whatsapps eternos en los que cuentas la vida y obra de las cosas, borras y vuelves a escribir, y finalmente le das a enviar cerrando los ojos, como si estuvieras frente a un precipicio mortal. La respuesta, en formato audio, simple y esperanzadora: \u00abLlama a este n\u00famero para que revisen la caldera. Cambiamos la lavadora\u00bb.<\/p>\n<p class=\"article-text\" style=\"text-align: justify;\">Desde marzo las cosas cotidianas pueden parecer extremas y aparece la ansiedad. Llamar a un manitas, reparar un calentador, dar dos besos, conocer a un nuevo sobrino (todav\u00eda no lo he hecho y me muero de ganas), cambiar los vaqueros ajustados por una vida en ch\u00e1ndal.<\/p>\n<\/div>\n<div class=\"first-col\">\n<div class=\"tags\">\n<div class=\"author-pill-wrapper\">\n<footer class=\"cmp-featured-signature-component\">\n<div class=\"featured-signature-component\">\n<div class=\"featured-data\">\n<p><a class=\"featured-name\" href=\"https:\/\/www.eldiario.es\/autores\/cristina_armunia_berges\/\">Cristina Armunia Berges<\/a><\/p>\n<div>\n<div><a class=\"twitter-account\" href=\"https:\/\/twitter.com\/CristinaArmunia\" target=\"_blank\" rel=\"noopener noreferrer\"><span class=\"featured-twitter\"> @CristinaArmunia <\/span><\/a><\/div>\n<\/div>\n<\/div>\n<\/div>\n<\/footer>\n<\/div>\n<footer class=\"rs-pill\">\n<div class=\"edi-social-buttons hide-in-mobile\">\n<div class=\"buttons-rs-panel\">\u00a0<\/div>\n<\/div>\n<\/footer>\n<p><span class=\"tags-title\">FOTO: <span class=\"title\">Dos mujeres hablan desde sus balcones durante el estado de alarma en Madrid <\/span><br \/>\n<\/span><\/p>\n<\/div>\n<\/div>\n<div>https:\/\/www.eldiario.es\/opinion\/zona-critica\/lavadora-ansiedad_129_6464509.html<\/div>\n<\/div>\n<\/div>\n<\/div>\n","protected":false},"excerpt":{"rendered":"<p>Desde marzo las cosas cotidianas pueden resultar extremas y aparece la ansiedad. Llamar a un&#8230;<\/p>\n","protected":false},"author":1,"featured_media":43789,"comment_status":"closed","ping_status":"closed","sticky":false,"template":"","format":"standard","meta":{"_coblocks_attr":"","_coblocks_dimensions":"","_coblocks_responsive_height":"","_coblocks_accordion_ie_support":"","jetpack_post_was_ever_published":false,"_jetpack_newsletter_access":"","_jetpack_dont_email_post_to_subs":false,"_jetpack_newsletter_tier_id":0,"_jetpack_memberships_contains_paywalled_content":false,"_jetpack_memberships_contains_paid_content":false,"footnotes":"","jetpack_publicize_message":"","jetpack_publicize_feature_enabled":true,"jetpack_social_post_already_shared":false,"jetpack_social_options":{"image_generator_settings":{"template":"highway","default_image_id":0,"enabled":false},"version":2}},"categories":[1161,7149,44,15],"tags":[2463,7021],"class_list":["post-43787","post","type-post","status-publish","format-standard","has-post-thumbnail","hentry","category-ciudadania","category-coronavirus","category-noticias-de-hoy","category-ultimas-noticias","tag-ansiedad","tag-coronavirus"],"jetpack_publicize_connections":[],"jetpack_featured_media_url":"https:\/\/i0.wp.com\/miradordeatarfe.es\/wp-content\/uploads\/2020\/12\/6f4e3aab-cabf-4de2-bda8-9e3a592c0508_16-9-aspect-ratio_default_0.jpg?fit=880%2C495&ssl=1","jetpack_likes_enabled":true,"jetpack_sharing_enabled":true,"_links":{"self":[{"href":"https:\/\/miradordeatarfe.es\/index.php?rest_route=\/wp\/v2\/posts\/43787","targetHints":{"allow":["GET"]}}],"collection":[{"href":"https:\/\/miradordeatarfe.es\/index.php?rest_route=\/wp\/v2\/posts"}],"about":[{"href":"https:\/\/miradordeatarfe.es\/index.php?rest_route=\/wp\/v2\/types\/post"}],"author":[{"embeddable":true,"href":"https:\/\/miradordeatarfe.es\/index.php?rest_route=\/wp\/v2\/users\/1"}],"replies":[{"embeddable":true,"href":"https:\/\/miradordeatarfe.es\/index.php?rest_route=%2Fwp%2Fv2%2Fcomments&post=43787"}],"version-history":[{"count":2,"href":"https:\/\/miradordeatarfe.es\/index.php?rest_route=\/wp\/v2\/posts\/43787\/revisions"}],"predecessor-version":[{"id":43790,"href":"https:\/\/miradordeatarfe.es\/index.php?rest_route=\/wp\/v2\/posts\/43787\/revisions\/43790"}],"wp:featuredmedia":[{"embeddable":true,"href":"https:\/\/miradordeatarfe.es\/index.php?rest_route=\/wp\/v2\/media\/43789"}],"wp:attachment":[{"href":"https:\/\/miradordeatarfe.es\/index.php?rest_route=%2Fwp%2Fv2%2Fmedia&parent=43787"}],"wp:term":[{"taxonomy":"category","embeddable":true,"href":"https:\/\/miradordeatarfe.es\/index.php?rest_route=%2Fwp%2Fv2%2Fcategories&post=43787"},{"taxonomy":"post_tag","embeddable":true,"href":"https:\/\/miradordeatarfe.es\/index.php?rest_route=%2Fwp%2Fv2%2Ftags&post=43787"}],"curies":[{"name":"wp","href":"https:\/\/api.w.org\/{rel}","templated":true}]}}