{"id":43791,"date":"2020-12-07T11:55:01","date_gmt":"2020-12-07T10:55:01","guid":{"rendered":"http:\/\/miradordeatarfe.es\/?p=43791"},"modified":"2020-12-07T12:23:54","modified_gmt":"2020-12-07T11:23:54","slug":"el-colectivo-atarfe-sostenible-2030-lanza-su-primer-reto-a-la-ciudadania-de-atarfe","status":"publish","type":"post","link":"https:\/\/miradordeatarfe.es\/?p=43791","title":{"rendered":"\u201cATARFE SOSTENIBLE 2030\u201d LANZA SU PRIMER RETO A LA CIUDADAN\u00cdA DE ATARFE"},"content":{"rendered":"<h3><b>Este mes comienza en ATARFE el camino hacia h\u00e1bitos de vida m\u00e1s sostenibles. <\/b><\/h3>\n<p>Los centros educativos, durante este trimestre han trabajado en reducir el consumo, bajo el lema: Las 3 R (REDUCIR, REUTILIZAR y RECICLAR).<\/p>\n<p>A comienzos de curso trabajaron c\u00f3mo reducir los materiales escolares, compartiendo o Reutilizando los de a\u00f1os anteriores y los de hermanos, familiares o amigos. Tambi\u00e9n est\u00e1n trabajando la reducci\u00f3n de embalajes de pl\u00e1sticos de un solo uso (envoltorios de comida y botellas de agua de un solo uso), en esa tarea contin\u00faan. Todo esto dentro de una propuesta sistem\u00e1tica de educaci\u00f3n en valores y acci\u00f3n tutorial centrado en las Objetivos de Desarrollo Sostenible (ODS) de la ONU, Agenda 2030.<\/p>\n<p>En consonancia con estos trabajos y con un doble objetivo, reforzar el proceso formativo del alumnado en h\u00e1bitos sostenibles y, a la par, cambiar los h\u00e1bitos de personas mayores en esa misma l\u00ednea,<em> el Colectivo Atarfe Sostenible, 2030, lanza el reto<\/em>:<\/p>\n<ul>\n<li>\n<h3><i><b>Reducir el uso de bolsas de pl\u00e1stico desechables, concretamente en la compara de Pan y de Frutas y Verduras<\/b><\/i>.<\/h3>\n<\/li>\n<\/ul>\n<p><i><b>Sab\u00edas qu\u00e9 \u2026<\/b><\/i>Cada a\u00f1o, <b>en el mundo<\/b>, terminan en los oc\u00e9anos entre 5 y 13 millones de toneladas de pl\u00e1sticos. En 2014<b>, en Espa\u00f1a<\/b>, se pusieron en el mercado unas 62.560 toneladas de bolsas de pl\u00e1stico.<\/p>\n<p>Una bolsa de pl\u00e1stico se usa, como media, unos 12 mn (desde que te la dan hasta que se desecha) y tarda en descomponerse unos 500 a\u00f1os.<\/p>\n<h3><b>En Atarfe<\/b>, se gastan, semanalmente, m\u00e1s de 40.000 bolsas de pl\u00e1stico en la compra de pan. Y unas 55\/60.000 en la compra de fruta y verduras. Son 100.000 bolsas de pl\u00e1stico desechables a la semana, 400.000 al mes y cerca de 5 millones de bolsas al a\u00f1o.<\/h3>\n<p>Para que nuestros hijos e hijas tengan futuro en este planeta hemos de frenar la emergencia clim\u00e1tica. <b>REDUCIR, REUTILIZAR y RECICLAR.<\/b><\/p>\n<p>\u00bfSeremos capaces, en Atarfe, de <b>REDUCIR<\/b> ese excesivo <b>uso de bolsas de pl\u00e1stico<\/b>?<\/p>\n<h3><i><b>REDUZCAMOS EL USO DE BOLSAS DESECHABLES, UTILICEMOS BOLSAS REUTILIZABLES<\/b><\/i>.<\/h3>\n<h3 align=\"CENTER\"><span style=\"font-family: Baskerville Old Face, serif;\"><span style=\"font-size: medium;\"><i><b>\u00a1\u00a1\u00a1 ESE ES NUESTRO RETO!! <\/b><\/i><\/span><\/span><span style=\"font-family: Wingdings, serif;\"><span style=\"font-size: medium;\"><i><b>\uf0e0<\/b><\/i><\/span><\/span><span style=\"font-family: Baskerville Old Face, serif;\"><span style=\"font-size: medium;\"><i><b> A POR \u00c9L, Por tener futuro<\/b><\/i><\/span><\/span><b> <\/b><\/h3>\n<p><span style=\"font-size: medium;\"><i><b>Qu\u00e9 vamos a hacer<\/b><\/i><\/span><span style=\"font-size: medium;\">\u2026 Est\u00e1 previsto realizar diferentes acciones para darlo a conocer, sensibilizar, dar ideas y apoyar el cambio de comportamiento y de costumbre.<br \/>\n<\/span><\/p>\n<p><span style=\"font-size: medium;\">Entre las Acciones que el colectivo se ha propuesto est\u00e1:<\/span><\/p>\n<ul>\n<li><span style=\"font-size: medium;\">\u00a0Contacto con panader\u00edas y fruter\u00edas para que se sumen al reto<br \/>\n<\/span><\/li>\n<li><span style=\"font-size: medium;\"> Reparto de carteles documentos informativos (preferentemente v\u00eda on line)<\/span><\/li>\n<li><span style=\"font-size: medium;\">Difusi\u00f3n de tutoriales para confecci\u00f3n de bolsas de pan<\/span><\/li>\n<li><span style=\"font-size: medium;\">Informaci\u00f3n sobre bolsas reutilizables para fruta y verduras <\/span><\/li>\n<li><span style=\"font-size: medium;\">Campa\u00f1as para recabar im\u00e1genes de personas que utilizan bolsas adecuadas<\/span><span style=\"font-size: medium;\"> Todo ello con difusi\u00f3n en redes y, sobretodo, el boca a boca y apoyo mutuo entre atarfe\u00f1as y atarfe\u00f1os.<\/span><\/li>\n<\/ul>\n<p align=\"CENTER\"><span style=\"font-size: x-large;\"><b><a href=\"https:\/\/i0.wp.com\/miradordeatarfe.es\/wp-content\/uploads\/2020\/12\/cartel-bolsa-pan-1.jpeg?ssl=1\"><img data-recalc-dims=\"1\" loading=\"lazy\" decoding=\"async\" class=\"alignnone wp-image-43792 size-full\" src=\"https:\/\/i0.wp.com\/miradordeatarfe.es\/wp-content\/uploads\/2020\/12\/cartel-bolsa-pan-1.jpeg?resize=640%2C906&#038;ssl=1\" alt=\"\" width=\"640\" height=\"906\" srcset=\"https:\/\/i0.wp.com\/miradordeatarfe.es\/wp-content\/uploads\/2020\/12\/cartel-bolsa-pan-1.jpeg?w=800&amp;ssl=1 800w, https:\/\/i0.wp.com\/miradordeatarfe.es\/wp-content\/uploads\/2020\/12\/cartel-bolsa-pan-1.jpeg?resize=212%2C300&amp;ssl=1 212w, https:\/\/i0.wp.com\/miradordeatarfe.es\/wp-content\/uploads\/2020\/12\/cartel-bolsa-pan-1.jpeg?resize=724%2C1024&amp;ssl=1 724w, https:\/\/i0.wp.com\/miradordeatarfe.es\/wp-content\/uploads\/2020\/12\/cartel-bolsa-pan-1.jpeg?resize=768%2C1087&amp;ssl=1 768w\" sizes=\"auto, (max-width: 640px) 100vw, 640px\" \/><\/a><\/b><\/span><\/p>\n<p align=\"CENTER\"><span style=\"font-size: x-large;\"><b>\u00a1\u00a1VIVAMOS ATARFE SIN DESPERDICIAR EL PLANETA!!<\/b><\/span><\/p>\n<h2 align=\"CENTER\">PUEDES ENCONTRARNOS EN :<\/h2>\n<h2 style=\"text-align: center;\"><strong>WEB<\/strong><br \/>\n<a href=\"http:\/\/atarfesostenible.es\/\">http:\/\/atarfesostenible.es\/<\/a><br \/>\n<strong>FACEBOOK<\/strong><br \/>\n<a href=\"https:\/\/www.facebook.com\/AtarfeSostenible2030\">https:\/\/www.facebook.com\/AtarfeSostenible2030<\/a><br \/>\n<strong>TWITTER<\/strong><br \/>\n<a href=\"https:\/\/twitter.com\/AtarfeSos2030\">https:\/\/twitter.com\/AtarfeSos2030<\/a><br \/>\nINSTAGRAM<br \/>\n<a href=\"https:\/\/www.instagram.com\/atarfesostenible2030\/\">https:\/\/www.instagram.com\/atarfesostenible2030\/<\/a><\/h2>\n","protected":false},"excerpt":{"rendered":"<p>Este mes comienza en ATARFE el camino hacia h\u00e1bitos de vida m\u00e1s sostenibles. Los centros&#8230;<\/p>\n","protected":false},"author":1,"featured_media":43793,"comment_status":"closed","ping_status":"closed","sticky":false,"template":"","format":"standard","meta":{"_coblocks_attr":"","_coblocks_dimensions":"","_coblocks_responsive_height":"","_coblocks_accordion_ie_support":"","jetpack_post_was_ever_published":false,"_jetpack_newsletter_access":"","_jetpack_dont_email_post_to_subs":false,"_jetpack_newsletter_tier_id":0,"_jetpack_memberships_contains_paywalled_content":false,"_jetpack_memberships_contains_paid_content":false,"footnotes":"","jetpack_publicize_message":"","jetpack_publicize_feature_enabled":true,"jetpack_social_post_already_shared":false,"jetpack_social_options":{"image_generator_settings":{"template":"highway","default_image_id":0,"enabled":false},"version":2}},"categories":[7725,9,44,15,10],"tags":[7726,924,7887,2706],"class_list":["post-43791","post","type-post","status-publish","format-standard","has-post-thumbnail","hentry","category-atarfe-sostenible","category-medio-ambiente","category-noticias-de-hoy","category-ultimas-noticias","category-salud","tag-atarfe-sostenible","tag-reciclar","tag-reducir","tag-reutilizar"],"jetpack_publicize_connections":[],"jetpack_featured_media_url":"https:\/\/i0.wp.com\/miradordeatarfe.es\/wp-content\/uploads\/2020\/12\/images.jpg?fit=270%2C187&ssl=1","jetpack_likes_enabled":true,"jetpack_sharing_enabled":true,"_links":{"self":[{"href":"https:\/\/miradordeatarfe.es\/index.php?rest_route=\/wp\/v2\/posts\/43791","targetHints":{"allow":["GET"]}}],"collection":[{"href":"https:\/\/miradordeatarfe.es\/index.php?rest_route=\/wp\/v2\/posts"}],"about":[{"href":"https:\/\/miradordeatarfe.es\/index.php?rest_route=\/wp\/v2\/types\/post"}],"author":[{"embeddable":true,"href":"https:\/\/miradordeatarfe.es\/index.php?rest_route=\/wp\/v2\/users\/1"}],"replies":[{"embeddable":true,"href":"https:\/\/miradordeatarfe.es\/index.php?rest_route=%2Fwp%2Fv2%2Fcomments&post=43791"}],"version-history":[{"count":4,"href":"https:\/\/miradordeatarfe.es\/index.php?rest_route=\/wp\/v2\/posts\/43791\/revisions"}],"predecessor-version":[{"id":43831,"href":"https:\/\/miradordeatarfe.es\/index.php?rest_route=\/wp\/v2\/posts\/43791\/revisions\/43831"}],"wp:featuredmedia":[{"embeddable":true,"href":"https:\/\/miradordeatarfe.es\/index.php?rest_route=\/wp\/v2\/media\/43793"}],"wp:attachment":[{"href":"https:\/\/miradordeatarfe.es\/index.php?rest_route=%2Fwp%2Fv2%2Fmedia&parent=43791"}],"wp:term":[{"taxonomy":"category","embeddable":true,"href":"https:\/\/miradordeatarfe.es\/index.php?rest_route=%2Fwp%2Fv2%2Fcategories&post=43791"},{"taxonomy":"post_tag","embeddable":true,"href":"https:\/\/miradordeatarfe.es\/index.php?rest_route=%2Fwp%2Fv2%2Ftags&post=43791"}],"curies":[{"name":"wp","href":"https:\/\/api.w.org\/{rel}","templated":true}]}}