{"id":43803,"date":"2020-12-06T18:29:18","date_gmt":"2020-12-06T17:29:18","guid":{"rendered":"http:\/\/miradordeatarfe.es\/?p=43803"},"modified":"2020-12-06T18:29:18","modified_gmt":"2020-12-06T17:29:18","slug":"atarfe-da-la-bienvenida-a-la-navidad","status":"publish","type":"post","link":"https:\/\/miradordeatarfe.es\/?p=43803","title":{"rendered":"Atarfe da la bienvenida a la Navidad"},"content":{"rendered":"<p>Esta tarde hemos llevado a cabo el encendido del alumbrado navide\u00f1o con el que damos la bienvenida a la Navidad. Una celebraci\u00f3n distinta a la de a\u00f1os anteriores marcada por la Crisis Sanitaria, pero no por ello vamos a renunciar a vivirla con ilusi\u00f3n y el deseo de que el pr\u00f3ximo a\u00f1o recobremos la tan ansiada normalidad.<\/p>\n<p>Llenar nuestras calles de luz y colorido ilusiona a los m\u00e1s peque\u00f1os de la casa, es un apoyo a los negocios de nuestro pueblo, representa la esperanza de que pronto dejaremos atr\u00e1s esta crisis,\u2026 Y todo ello lo hemos querido celebrar junto a los representantes de las personas que han estado cuidando de todos y haci\u00e9ndonos la vida m\u00e1s f\u00e1cil estos meses.<\/p>\n<p>\u00a1Feliz Navidad!<\/p>\n<p><div class=\"jetpack-video-wrapper\"><iframe loading=\"lazy\" title=\"ATARFE DA LA BIENVENIDA A LA NAVIDAD\" width=\"640\" height=\"360\" src=\"https:\/\/www.youtube.com\/embed\/XGEYqTn2eug?feature=oembed\" frameborder=\"0\" allow=\"accelerometer; autoplay; clipboard-write; encrypted-media; gyroscope; picture-in-picture; web-share\" referrerpolicy=\"strict-origin-when-cross-origin\" allowfullscreen><\/iframe><\/div><\/p>\n","protected":false},"excerpt":{"rendered":"<p>Esta tarde hemos llevado a cabo el encendido del alumbrado navide\u00f1o con el que damos&#8230;<\/p>\n","protected":false},"author":1,"featured_media":43804,"comment_status":"closed","ping_status":"closed","sticky":false,"template":"","format":"standard","meta":{"_coblocks_attr":"","_coblocks_dimensions":"","_coblocks_responsive_height":"","_coblocks_accordion_ie_support":"","jetpack_post_was_ever_published":false,"_jetpack_newsletter_access":"","_jetpack_dont_email_post_to_subs":false,"_jetpack_newsletter_tier_id":0,"_jetpack_memberships_contains_paywalled_content":false,"_jetpack_memberships_contains_paid_content":false,"footnotes":"","jetpack_publicize_message":"","jetpack_publicize_feature_enabled":true,"jetpack_social_post_already_shared":false,"jetpack_social_options":{"image_generator_settings":{"template":"highway","default_image_id":0,"enabled":false},"version":2}},"categories":[2,6916,44,15],"tags":[81,864,1826],"class_list":["post-43803","post","type-post","status-publish","format-standard","has-post-thumbnail","hentry","category-atarfe","category-ayuntamiento-de-atarfe","category-noticias-de-hoy","category-ultimas-noticias","tag-atarfe","tag-ayuntamiento","tag-navidad"],"jetpack_publicize_connections":[],"jetpack_featured_media_url":"https:\/\/i0.wp.com\/miradordeatarfe.es\/wp-content\/uploads\/2020\/12\/condolencias.jpg?fit=600%2C400&ssl=1","jetpack_likes_enabled":true,"jetpack_sharing_enabled":true,"_links":{"self":[{"href":"https:\/\/miradordeatarfe.es\/index.php?rest_route=\/wp\/v2\/posts\/43803","targetHints":{"allow":["GET"]}}],"collection":[{"href":"https:\/\/miradordeatarfe.es\/index.php?rest_route=\/wp\/v2\/posts"}],"about":[{"href":"https:\/\/miradordeatarfe.es\/index.php?rest_route=\/wp\/v2\/types\/post"}],"author":[{"embeddable":true,"href":"https:\/\/miradordeatarfe.es\/index.php?rest_route=\/wp\/v2\/users\/1"}],"replies":[{"embeddable":true,"href":"https:\/\/miradordeatarfe.es\/index.php?rest_route=%2Fwp%2Fv2%2Fcomments&post=43803"}],"version-history":[{"count":1,"href":"https:\/\/miradordeatarfe.es\/index.php?rest_route=\/wp\/v2\/posts\/43803\/revisions"}],"predecessor-version":[{"id":43805,"href":"https:\/\/miradordeatarfe.es\/index.php?rest_route=\/wp\/v2\/posts\/43803\/revisions\/43805"}],"wp:featuredmedia":[{"embeddable":true,"href":"https:\/\/miradordeatarfe.es\/index.php?rest_route=\/wp\/v2\/media\/43804"}],"wp:attachment":[{"href":"https:\/\/miradordeatarfe.es\/index.php?rest_route=%2Fwp%2Fv2%2Fmedia&parent=43803"}],"wp:term":[{"taxonomy":"category","embeddable":true,"href":"https:\/\/miradordeatarfe.es\/index.php?rest_route=%2Fwp%2Fv2%2Fcategories&post=43803"},{"taxonomy":"post_tag","embeddable":true,"href":"https:\/\/miradordeatarfe.es\/index.php?rest_route=%2Fwp%2Fv2%2Ftags&post=43803"}],"curies":[{"name":"wp","href":"https:\/\/api.w.org\/{rel}","templated":true}]}}