{"id":43846,"date":"2020-12-09T13:11:39","date_gmt":"2020-12-09T12:11:39","guid":{"rendered":"http:\/\/miradordeatarfe.es\/?p=43846"},"modified":"2020-12-09T13:19:08","modified_gmt":"2020-12-09T12:19:08","slug":"valentia-maraton-por-manuel-jimenez","status":"publish","type":"post","link":"https:\/\/miradordeatarfe.es\/?p=43846","title":{"rendered":"\u00abVALENT\u00cdA MARAT\u00d3N.\u00bb por Manuel Jim\u00e9nez"},"content":{"rendered":"<h3 align=\"JUSTIFY\"><span style=\"font-family: Tahoma, serif;\">Siempre se ha dicho que correr es de cobardes pero diariamente tenemos ejemplos de que este axioma es falso y sin duda este domingo hemos tenido un claro ejemplo que m\u00e1s bien el axioma es al rev\u00e9s, <\/span><span style=\"font-family: Tahoma, serif;\"><b>correr es de valientes. <\/b><\/span><\/h3>\n<p align=\"JUSTIFY\"><span style=\"font-family: Tahoma, serif;\">Valencia ha celebrado la disputa de la 40\u00ba edici\u00f3n de su Marat\u00f3n si bien en esta ocasi\u00f3n y debido a las exigencias sanitarias s\u00f3lo han podido participar los atletas \u00e9lites. Se ha unificado la media y el marat\u00f3n por razones log\u00edsticas en lo que ser\u00e1n las mejores pruebas de medio marat\u00f3n y marat\u00f3n disputados este at\u00edpico ejercicio. <\/span><\/p>\n<p align=\"JUSTIFY\"><span style=\"font-family: Times New Roman, serif;\"><span style=\"font-size: medium;\"><span style=\"font-family: Tahoma, serif;\"><span style=\"font-size: small;\">Los primeros valientes han sido los organizadores de la prueba pues mientras se suced\u00edan las cancelaciones de eventos atl\u00e9ticos de ruta en todo el mundo apostaron por sacar sus pruebas a cualquier precio y el precio ha sido 5,3 millones de euros de los que 4,6 los pone la Fundaci\u00f3n Trinidad Alfonso de Juan Roig due\u00f1o de Mercadona y el resto de patrocinadores mientras la aportaci\u00f3n p\u00fablica se ci\u00f1e a los 100.000 \u20ac que aporta el ayuntamiento de la capital del Turia. Gran parte del presupuesto va destinado a premios: por ganar el marat\u00f3n bajando de 2h05\/2h20.30 se entregan 75.000 \u20ac al primero y hasta 2.000 \u20ac al 12\u00ba. Si la marca es inferior a 2h06\/2h22 los premios se reducen desde 50.000 a 1.500 \u20ac y si no se consigue bajar de estos l\u00edmites los premios ir\u00edan de 35.000 a 1.000 \u20ac. <\/span><\/span><span style=\"color: #000000;\"><span style=\"font-family: Tahoma, serif;\"><span style=\"font-size: small;\">Los records del mundo (2.01.39\/2.14.04) se pagan con 250.000 \u20ac.<\/span><\/span><\/span><\/span><\/span><\/p>\n<p align=\"JUSTIFY\"><span style=\"font-family: Times New Roman, serif;\"><span style=\"font-size: medium;\"><span style=\"font-family: Tahoma, serif;\"><span style=\"font-size: small;\">Por su parte la media marat\u00f3n entrega 70.000 \u20ac a quien bata el record del mundo (58.01\/1h04.31) con 30.000 \u20ac adicionales si la marca fuera inferior a 58\/1h04. El r\u00e9cord de Espa\u00f1a (59.52\/1h09.51) se pagaba a 3000 \u20ac. <\/span><\/span><span style=\"color: #000000;\"><span style=\"font-family: Tahoma, serif;\"><span style=\"font-size: small;\">En cuanto a los ganadores, el premio est\u00e1 entre los 14.000\u20ac (m\u00e1s de 60 y de 67 minutos) y 35.000\u20ac (menos de 58:45 y 65:30), con dinero para repartir hasta el 10\u00ba puesto (entre 600 y 1.500\u20ac). Valientes han sido tambi\u00e9n los atletas participantes pues en general no han especulado nada y han salido a morir desde el primer metro con la sana intenci\u00f3n de que sobrara poca \u201cbolsa\u201d econ\u00f3mica y a fe que lo han conseguido. <\/span><\/span><\/span><\/span><\/span><\/p>\n<p align=\"JUSTIFY\"><span style=\"font-family: Times New Roman, serif;\"><span style=\"font-size: medium;\"><span style=\"color: #000000;\"><span style=\"font-family: Tahoma, serif;\"><span style=\"font-size: small;\">Se inici\u00f3 la ma\u00f1ana con la salida (8 horas) del medio marat\u00f3n con tan solo 31 participantes (21\/10) de ellos 11 espa\u00f1oles (8\/3). Que salieron a batir el actual record mundial (58.01 Kanworor) se vio al ver el crono al paso por el primer mil (2.35) y as\u00ed siguieron trag\u00e1ndose kil\u00f3metros a ritmos por debajo del actual record situaci\u00f3n que se mantuvo durante todo el recorrido hasta el punto que los cuatro primeros clasificados terminaron la prueba por debajo de los 58 minutos encabezados por el keniano Kibiwott Kandie. Que este se\u00f1or es un valiente nos lo muestra el hecho de que lleva dos a\u00f1os practicando atletismo lo cual ya vemos que no es \u00f3bice para salir como un cohete y a ver qu\u00e9 pasa. Las chicas tambi\u00e9n salieron escopeteadas si bien ausencias de \u00faltima hora impidieron contar con suficientes atletas que atentaran contra el actual record, aun as\u00ed la ganadora Genzebe Dibaba demostr\u00f3 su valent\u00eda pues siendo debutante en la distancia sali\u00f3 a darlo todo concluyendo en 1h.05.18 y dando un gran espect\u00e1culo como los que nos ten\u00eda acostumbrados en el anillo.<\/span><\/span><\/span><\/span><\/span><\/p>\n<p align=\"JUSTIFY\"><span style=\"font-family: Times New Roman, serif;\"><span style=\"font-size: medium;\"><span style=\"color: #000000;\"><span style=\"font-family: Tahoma, serif;\"><span style=\"font-size: small;\">Entre los espa\u00f1oles no faltaron los valientes, otro debutante, Carlos Mayo, mostr\u00f3 su osad\u00eda al seguir la estela del a priori favorito para sobrepasarlo a mitad de la prueba e incrementar el ritmo paulatinamente hasta acariciar bajar de la hora (1.00.06) segunda mejor marca de la historia. Las chicas se quedaron bastante lejos de acariciar el record aun as\u00ed consiguieron grandes registros con la primera posici\u00f3n para Mar\u00eda Jos\u00e9 P\u00e9rez en 1h.12.57.<\/span><\/span><\/span><\/span><\/span><\/p>\n<p align=\"JUSTIFY\"><span style=\"font-family: Times New Roman, serif;\"><span style=\"font-size: medium;\"><span style=\"color: #000000;\"><span style=\"font-family: Tahoma, serif;\"><span style=\"font-size: small;\">En cuanto al marat\u00f3n batir el record del mundo se antojaba imposible sin contar en la l\u00ednea de salida con Kipchoge, Bekele o Chepteguei aun as\u00ed el elenco de participantes (134 corredores: 87\/47) auguraba la consecuci\u00f3n de grandes registros y como estamos entre valientes as\u00ed ocurri\u00f3, el primer clasificado Evans Chebet de Kenia ultim\u00f3 en 2h03.00, tercera mejor marca hist\u00f3rica de siempre, el segundo clasificado L. Cherono 2.03.04 y el tercero Legese 2h.03.16 dieron lustre al evento igual que el hecho de que los 4 primeros bajaran de 2h04, 6 de 2h05 y hasta 11 de 2h06. <\/span><\/span><\/span><\/span><\/span><\/p>\n<p align=\"JUSTIFY\"><span style=\"font-family: Times New Roman, serif;\"><span style=\"font-size: medium;\"><span style=\"color: #000000;\"><span style=\"font-family: Tahoma, serif;\"><span style=\"font-size: small;\"><a href=\"https:\/\/i0.wp.com\/miradordeatarfe.es\/wp-content\/uploads\/2020\/12\/peres-valencia-2020.jpg?ssl=1\"><img data-recalc-dims=\"1\" loading=\"lazy\" decoding=\"async\" class=\"wp-image-43848 size-full alignleft\" src=\"https:\/\/i0.wp.com\/miradordeatarfe.es\/wp-content\/uploads\/2020\/12\/peres-valencia-2020.jpg?resize=480%2C295&#038;ssl=1\" alt=\"\" width=\"480\" height=\"295\" srcset=\"https:\/\/i0.wp.com\/miradordeatarfe.es\/wp-content\/uploads\/2020\/12\/peres-valencia-2020.jpg?w=480&amp;ssl=1 480w, https:\/\/i0.wp.com\/miradordeatarfe.es\/wp-content\/uploads\/2020\/12\/peres-valencia-2020.jpg?resize=300%2C184&amp;ssl=1 300w\" sizes=\"auto, (max-width: 480px) 100vw, 480px\" \/><\/a>La primera mujer, Peres Jepchirchir gana con 2h17.16, nuevo record de la prueba, siendo segunda J. Jepkosgei 2h18.40 y la tercera H. Johannes 2.19.52 con tres mujeres m\u00e1s por debajo de las 2h20.<\/span><\/span><\/span><\/span><\/span><\/p>\n<p align=\"JUSTIFY\"><span style=\"font-family: Times New Roman, serif;\"><span style=\"font-size: medium;\"><span style=\"color: #000000;\"><span style=\"font-family: Tahoma, serif;\"><span style=\"font-size: small;\">A nivel nacional m\u00e1s valientes en liza, con marcas muy alejadas del hasta hoy record nacional (2h.06.52) hasta tres atletas siguieron a las liebres que los llevaban por debajo de este tope, al final el veterano Ayad Lamdassem fue quien mejor aguant\u00f3 el ritmo para batir el tope hispano con 2h.06.35. El ceut\u00ed Hamid Ben Daoud con 2.07.03 se mete tercero hist\u00f3rico e incluso Dani Mateo que se rezag\u00f3 del ritmo del record sobre el K30 lleg\u00f3 a meta en unos interesantes 2h.08.22 batiendo su marca en casi dos minutos. Otros dos atletas bajaron de las 2h10, Yago Rojo en su debut 2.09.56, ya me dir\u00e1n si no es de valientes salir a este ritmo cuando no se conoce el \u201cmuro\u201d. <\/span><\/span><\/span><\/span><\/span><\/p>\n<p align=\"JUSTIFY\"><span style=\"font-family: Times New Roman, serif;\"><span style=\"font-size: medium;\"><span style=\"color: #000000;\"><span style=\"font-family: Tahoma, serif;\"><span style=\"font-size: small;\">Terminamos con otra valiente que partiendo con un registro personal que distaba m\u00e1s de dos minutos del actual record nacional (2h26.51) se lanz\u00f3 tras su liebre a ritmos sub actual record y se mantuvo \u201con fire\u201d hasta pasado los 30K y aun perdiendo algo de fuelle en los kil\u00f3metros finales supo aguantar el tir\u00f3n para terminar con unos enormes 2h27.08, casi dos minutos menos que su anterior tope. Valientes tambi\u00e9n fueron Elena Loyo que con 2h28.25 deja muy atr\u00e1s sus anteriores 2h30.57 o Gema Barrachina que con 2h30.12 destroza sus anteriores 2h.33.29<\/span><\/span><\/span><\/span><\/span><\/p>\n<p align=\"JUSTIFY\"><a name=\"Bookmark\"><\/a> <span style=\"font-family: Times New Roman, serif;\"><span style=\"font-size: medium;\"><span style=\"color: #000000;\"><span style=\"font-family: Tahoma, serif;\"><span style=\"font-size: small;\">As\u00ed como todos los valientes los de hoy tambi\u00e9n tienen su amuleto que les da coraje, protecci\u00f3n y resistencia siendo curioso que todos coinciden en tal objeto que no es otro que las zapatillas con placa de carbono (Next, Alphafly, Pro,\u2026) sin las que seguro que muchas de estas gestas ser\u00edan bastantes m\u00e1s dif\u00edciles de conseguir. <\/span><\/span><\/span><\/span><\/span><\/p>\n<p align=\"JUSTIFY\"><a href=\"https:\/\/i0.wp.com\/miradordeatarfe.es\/wp-content\/uploads\/2020\/12\/Landassem-valencia-2020.jpg?ssl=1\"><img data-recalc-dims=\"1\" loading=\"lazy\" decoding=\"async\" class=\"alignnone wp-image-43849 size-full\" src=\"https:\/\/i0.wp.com\/miradordeatarfe.es\/wp-content\/uploads\/2020\/12\/Landassem-valencia-2020.jpg?resize=640%2C360&#038;ssl=1\" alt=\"\" width=\"640\" height=\"360\" srcset=\"https:\/\/i0.wp.com\/miradordeatarfe.es\/wp-content\/uploads\/2020\/12\/Landassem-valencia-2020.jpg?w=1600&amp;ssl=1 1600w, https:\/\/i0.wp.com\/miradordeatarfe.es\/wp-content\/uploads\/2020\/12\/Landassem-valencia-2020.jpg?resize=300%2C169&amp;ssl=1 300w, https:\/\/i0.wp.com\/miradordeatarfe.es\/wp-content\/uploads\/2020\/12\/Landassem-valencia-2020.jpg?resize=1024%2C576&amp;ssl=1 1024w, https:\/\/i0.wp.com\/miradordeatarfe.es\/wp-content\/uploads\/2020\/12\/Landassem-valencia-2020.jpg?resize=768%2C432&amp;ssl=1 768w, https:\/\/i0.wp.com\/miradordeatarfe.es\/wp-content\/uploads\/2020\/12\/Landassem-valencia-2020.jpg?resize=1536%2C864&amp;ssl=1 1536w, https:\/\/i0.wp.com\/miradordeatarfe.es\/wp-content\/uploads\/2020\/12\/Landassem-valencia-2020.jpg?resize=1320%2C743&amp;ssl=1 1320w\" sizes=\"auto, (max-width: 640px) 100vw, 640px\" \/><\/a><\/p>\n","protected":false},"excerpt":{"rendered":"<p>Siempre se ha dicho que correr es de cobardes pero diariamente tenemos ejemplos de que&#8230;<\/p>\n","protected":false},"author":1,"featured_media":43847,"comment_status":"closed","ping_status":"closed","sticky":false,"template":"","format":"standard","meta":{"_coblocks_attr":"","_coblocks_dimensions":"","_coblocks_responsive_height":"","_coblocks_accordion_ie_support":"","jetpack_post_was_ever_published":false,"_jetpack_newsletter_access":"","_jetpack_dont_email_post_to_subs":false,"_jetpack_newsletter_tier_id":0,"_jetpack_memberships_contains_paywalled_content":false,"_jetpack_memberships_contains_paid_content":false,"footnotes":"","jetpack_publicize_message":"","jetpack_publicize_feature_enabled":true,"jetpack_social_post_already_shared":false,"jetpack_social_options":{"image_generator_settings":{"template":"highway","default_image_id":0,"enabled":false},"version":2}},"categories":[182,6915,44,15,1],"tags":[81,85,617],"class_list":["post-43846","post","type-post","status-publish","format-standard","has-post-thumbnail","hentry","category-deportes","category-opinion-de-manuel-jimenez","category-noticias-de-hoy","category-ultimas-noticias","category-uncategorized","tag-atarfe","tag-atletismo","tag-maraton"],"jetpack_publicize_connections":[],"jetpack_featured_media_url":"https:\/\/i0.wp.com\/miradordeatarfe.es\/wp-content\/uploads\/2020\/12\/Kandie-valencia-2020.jpg?fit=660%2C371&ssl=1","jetpack_likes_enabled":true,"jetpack_sharing_enabled":true,"_links":{"self":[{"href":"https:\/\/miradordeatarfe.es\/index.php?rest_route=\/wp\/v2\/posts\/43846","targetHints":{"allow":["GET"]}}],"collection":[{"href":"https:\/\/miradordeatarfe.es\/index.php?rest_route=\/wp\/v2\/posts"}],"about":[{"href":"https:\/\/miradordeatarfe.es\/index.php?rest_route=\/wp\/v2\/types\/post"}],"author":[{"embeddable":true,"href":"https:\/\/miradordeatarfe.es\/index.php?rest_route=\/wp\/v2\/users\/1"}],"replies":[{"embeddable":true,"href":"https:\/\/miradordeatarfe.es\/index.php?rest_route=%2Fwp%2Fv2%2Fcomments&post=43846"}],"version-history":[{"count":1,"href":"https:\/\/miradordeatarfe.es\/index.php?rest_route=\/wp\/v2\/posts\/43846\/revisions"}],"predecessor-version":[{"id":43850,"href":"https:\/\/miradordeatarfe.es\/index.php?rest_route=\/wp\/v2\/posts\/43846\/revisions\/43850"}],"wp:featuredmedia":[{"embeddable":true,"href":"https:\/\/miradordeatarfe.es\/index.php?rest_route=\/wp\/v2\/media\/43847"}],"wp:attachment":[{"href":"https:\/\/miradordeatarfe.es\/index.php?rest_route=%2Fwp%2Fv2%2Fmedia&parent=43846"}],"wp:term":[{"taxonomy":"category","embeddable":true,"href":"https:\/\/miradordeatarfe.es\/index.php?rest_route=%2Fwp%2Fv2%2Fcategories&post=43846"},{"taxonomy":"post_tag","embeddable":true,"href":"https:\/\/miradordeatarfe.es\/index.php?rest_route=%2Fwp%2Fv2%2Ftags&post=43846"}],"curies":[{"name":"wp","href":"https:\/\/api.w.org\/{rel}","templated":true}]}}