{"id":43866,"date":"2020-12-10T11:41:41","date_gmt":"2020-12-10T10:41:41","guid":{"rendered":"http:\/\/miradordeatarfe.es\/?p=43866"},"modified":"2020-12-09T17:58:47","modified_gmt":"2020-12-09T16:58:47","slug":"atarfe-sostenible-eliminar-el-plastico-un-objetivo-a-corto-plazo","status":"publish","type":"post","link":"https:\/\/miradordeatarfe.es\/?p=43866","title":{"rendered":"ATARFE SOSTENIBLE : Eliminar el pl\u00e1stico, un objetivo a corto plazo"},"content":{"rendered":"<h3 class=\"epigraph\" style=\"text-align: justify;\">Conseguir que en el futuro pr\u00f3ximo todos los envases sean reciclables o compostables es uno de los grandes retos compartidos por las empresas y los ciudadanos, que deben trabajar conjuntamente para reducir eficazmente micro y macropl\u00e1sticos del entorno<\/h3>\n<p class=\"paragraph\" style=\"text-align: justify;\" data-gtm-element-container=\"modulo-texto-link\">Bolsas de supermercado, redes de fruta, bandejas de poliestireno, packaging de producto fresco&#8230; el pl\u00e1stico todav\u00eda est\u00e1 muy presente en nuestro d\u00eda a d\u00eda, pese a todos los esfuerzos que se hacen para evitar su consumo masivo. Desde los organismos internacionales se toman el problema muy en serio. Tanto, que la Comisi\u00f3n Europea tiene como objetivo que todos los envases pl\u00e1sticos sean reciclables o reutilizables para el a\u00f1o 2030. Para conseguirlo, se necesita<strong> el compromiso de ciudadanos, gobiernos y empresas, que deben promover alternativas a este elemento tan nocivo para el medio ambiente<\/strong>.<\/p>\n<h3 class=\"paragraph\" style=\"text-align: justify;\" data-gtm-element-container=\"modulo-texto-link\"><strong>Pl\u00e1sticos y alimentaci\u00f3n<\/strong><\/h3>\n<p class=\"paragraph\" style=\"text-align: justify;\" data-gtm-element-container=\"modulo-texto-link\">Los supermercados y tiendas de alimentaci\u00f3n son uno de los sectores donde m\u00e1s pl\u00e1stico se consume, normalmente en forma de envases para carnes, pescados o verduras. Y no olvidemos las bolsas de pl\u00e1stico: seg\u00fan datos de Naciones Unidas, <strong>se utilizan 5 billones de bolsas desechables cada a\u00f1o<\/strong>. Es por esta raz\u00f3n que cada vez m\u00e1s establecimientos sustituyen dichas bolsas por otras de papel y material reciclado en todas sus secciones, apostando por soluciones que incluyen el uso de materiales vegetales como la pulpa de ca\u00f1a de az\u00facar. Tambi\u00e9n intentan reducir aquellos art\u00edculos de pl\u00e1stico de un solo uso, ya que, de nuevo seg\u00fan datos de Naciones Unidas, el 50% del pl\u00e1stico que existe se utiliza solo una vez.<\/p>\n<p style=\"text-align: justify;\">\u00a0<\/p>\n<div id=\"google_ads_iframe_\/55964524\/lv_w\/natural\/n_6__container__\" style=\"text-align: justify;\"><iframe id=\"google_ads_iframe_\/55964524\/lv_w\/natural\/n_6\" title=\"3rd party ad content\" name=\"google_ads_iframe_\/55964524\/lv_w\/natural\/n_6\" width=\"1\" height=\"1\" frameborder=\"0\" marginwidth=\"0\" marginheight=\"0\" scrolling=\"no\" data-google-container-id=\"7\" data-load-complete=\"true\" data-mce-fragment=\"1\"><\/iframe><\/div>\n<p style=\"text-align: justify;\">\u00a0<\/p>\n<div id=\"_wmass_585\" style=\"text-align: justify;\">\n<div id=\"jw-s_585585\" class=\"St_jw-s_585585\">\n<div class=\"wm-wrapper\">\n<div class=\"wm-aspect\"><img data-recalc-dims=\"1\" loading=\"lazy\" decoding=\"async\" class=\"lazy loaded alignleft\" src=\"https:\/\/i0.wp.com\/www.lavanguardia.com\/files\/content_image_mobile_filter\/uploads\/2020\/11\/16\/5fbb904433cff.jpeg?resize=287%2C192&#038;ssl=1\" alt=\"Branded Content Mercadona\" width=\"287\" height=\"192\" data-full-src=\"https:\/\/www.lavanguardia.com\/uploads\/2020\/11\/16\/5fbb904433cff.jpeg\" data-ll-status=\"loaded\" \/><\/div>\n<\/div>\n<\/div>\n<\/div>\n<figure class=\"composite-image image-container \" style=\"text-align: justify;\" data-gtm-element-container=\"button-gallery\"><picture><source srcset=\"https:\/\/www.lavanguardia.com\/files\/content_image_desktop_filter\/uploads\/2020\/11\/16\/5fbb904433cff.jpeg\" media=\"(min-width: 638px)\" \/><source srcset=\"https:\/\/www.lavanguardia.com\/files\/content_image_intermediate_filter\/uploads\/2020\/11\/16\/5fbb904433cff.jpeg\" media=\"(min-width: 480px)\" \/><\/picture><figcaption class=\"figure-caption\"><\/figcaption><\/figure>\n<p class=\"paragraph\" style=\"text-align: justify;\" data-gtm-element-container=\"modulo-texto-link\">Estas alternativas siguen una misma filosof\u00eda:<em> la de alejarse de la cultura del \u201cusar y tirar\u201d para apostar por un comercio sostenible y una econom\u00eda circular, basada en materiales biodegradables, compostables y reciclables<\/em>. Una filosof\u00eda que tambi\u00e9n est\u00e1 muy vinculada a la venta a granel, no solo de frutas y verduras sino tambi\u00e9n de fruto secos o pescado congelado. Pero el pl\u00e1stico no solo se encuentra en los envases de los productos, sino tambi\u00e9n en muchos otros elementos a los que a veces no prestamos tanta atenci\u00f3n.<\/p>\n<p class=\"paragraph\" style=\"text-align: justify;\" data-gtm-element-container=\"modulo-texto-link\">Este es el caso de los cosm\u00e9ticos y los productos de higiene, como exfoliantes, detergentes, champ\u00fas o pastas de dientes, que tambi\u00e9n deben empezar a apostar por alternativas sostenibles para el futuro. En este sentido, es importante reducir y sustituir aquellos productos cosm\u00e9ticos y de limpieza que contengan micropl\u00e1sticos, es decir, fragmentos inferiores a 5 mm que pueden resultar de la rotura de trozos grandes de pl\u00e1stico. Estos elementos son especialmente contaminantes y dif\u00edciles de localizar, y tienen un impacto muy negativo en el medio ambiente.<\/p>\n<h3 class=\"subtitle\" style=\"text-align: justify;\">Es igualmente importante saber c\u00f3mo separar los residuos, con el objetivo de darles una segunda vida. No s\u00f3lo se trata de reducir el consumo de pl\u00e1stico sino de saber c\u00f3mo reciclarlo<\/h3>\n<p class=\"paragraph\" style=\"text-align: justify;\" data-gtm-element-container=\"modulo-texto-link\"><strong>Responsabilidad individual<\/strong><\/p>\n<p class=\"paragraph\" style=\"text-align: justify;\" data-gtm-element-container=\"modulo-texto-link\">Es tambi\u00e9n responsabilidad de los ciudadanos la de hacer una gesti\u00f3n adecuada de los residuos. Esto se puede hacer individualmente, apostando por bolsas reutilizables, evitando productos con dobles plastificados o comprando a granel, tambi\u00e9n en los supermercados. A nivel social, los ciudadanos pueden priorizar aquellos negocios y establecimientos que defiendan el medio ambiente p\u00fablicamente y que tomen acciones trazables y mantenidas en el tiempo en relaci\u00f3n a la reducci\u00f3n de pl\u00e1stico. Porque no s\u00f3lo basta con posicionarse en contra de los residuos, sino que dichas empresas tienen que ser consecuentes y poder demostrar que est\u00e1n trabajando para eliminarlos.<\/p>\n<p class=\"paragraph\" style=\"text-align: justify;\" data-gtm-element-container=\"modulo-texto-link\"><strong><a href=\"https:\/\/i0.wp.com\/miradordeatarfe.es\/wp-content\/uploads\/2020\/12\/IMG-20201207-WA0036.jpg?ssl=1\"><img data-recalc-dims=\"1\" loading=\"lazy\" decoding=\"async\" class=\"size-medium wp-image-43870 alignleft\" src=\"https:\/\/i0.wp.com\/miradordeatarfe.es\/wp-content\/uploads\/2020\/12\/IMG-20201207-WA0036.jpg?resize=212%2C300&#038;ssl=1\" alt=\"\" width=\"212\" height=\"300\" srcset=\"https:\/\/i0.wp.com\/miradordeatarfe.es\/wp-content\/uploads\/2020\/12\/IMG-20201207-WA0036.jpg?resize=212%2C300&amp;ssl=1 212w, https:\/\/i0.wp.com\/miradordeatarfe.es\/wp-content\/uploads\/2020\/12\/IMG-20201207-WA0036.jpg?resize=724%2C1024&amp;ssl=1 724w, https:\/\/i0.wp.com\/miradordeatarfe.es\/wp-content\/uploads\/2020\/12\/IMG-20201207-WA0036.jpg?resize=768%2C1086&amp;ssl=1 768w, https:\/\/i0.wp.com\/miradordeatarfe.es\/wp-content\/uploads\/2020\/12\/IMG-20201207-WA0036.jpg?resize=1086%2C1536&amp;ssl=1 1086w, https:\/\/i0.wp.com\/miradordeatarfe.es\/wp-content\/uploads\/2020\/12\/IMG-20201207-WA0036.jpg?w=1131&amp;ssl=1 1131w\" sizes=\"auto, (max-width: 212px) 100vw, 212px\" \/><\/a>El reciclaje es importante<\/strong><\/p>\n<p class=\"paragraph\" style=\"text-align: justify;\" data-gtm-element-container=\"modulo-texto-link\">En la misma l\u00ednea, es igualmente importante saber c\u00f3mo separar adecuadamente los residuos, con el objetivo de darles una segunda vida. Tal y como apuntan desde Greenpeace Espa\u00f1a, en nuestro pa\u00eds solo se recicla el 30% de los pl\u00e1sticos, una cifra muy inferior a la deseada. La organizaci\u00f3n internacional, adem\u00e1s, recuerda que, cada a\u00f1o, los mares y oc\u00e9anos son receptores de hasta 12 millones de toneladas de basura.<\/p>\n<p class=\"paragraph\" style=\"text-align: justify;\" data-gtm-element-container=\"modulo-texto-link\">En definitiva, no s\u00f3lo se trata de reducir el consumo de pl\u00e1stico de manera eficaz sino tambi\u00e9n de intentar reciclar el que ya existe. La necesidad de hacerlo se convierte en imperiosa al tomar consciencia de los altos niveles de contaminaci\u00f3n de este material, al cual algunos expertos otorgan una vida \u00fatil de m\u00e1s de 500 a\u00f1os. Demasiado tiempo para poner en riesgo la salud de todos.<\/p>\n<h2 class=\"subtitle\" style=\"text-align: justify;\">Covid-19, una marea de pl\u00e1stico<\/h2>\n<p class=\"paragraph\" style=\"text-align: justify;\" data-gtm-element-container=\"modulo-texto-link\">La Conferencia de las Naciones Unidas para el Comercio y el Desarrollo (UNCTAD) ya ha se\u00f1alado que la pandemia del coronavirus implica un grave costo para el medio ambiente, debido a que el 75% del pl\u00e1stico generado durante estos meses se convertir\u00e1 en desechos que llegar\u00e1n directos a vertederos y mares. Veamos de qu\u00e9 manera la Covid-19 se relaciona con el aumento del uso del pl\u00e1stico.<\/p>\n<p class=\"paragraph\" style=\"text-align: justify;\" data-gtm-element-container=\"modulo-texto-link\"><strong>El take-away y el delivery han hecho aumentar el uso de pl\u00e1stico<\/strong>, ya que muchos restaurantes han optado por cubiertos, platos y envases elaborados con este material. Hay que recordar que existen m\u00faltiples opciones reciclables y compostables, que trabajan para conseguir un packaging sostenible y respetuoso con el medio ambiente.<\/p>\n<p class=\"paragraph\" style=\"text-align: justify;\" data-gtm-element-container=\"modulo-texto-link\"><strong>Se ha incrementado el uso de guantes de pl\u00e1stico<\/strong>, especialmente en los primeros meses de la pandemia. Aunque en una primera fase se crey\u00f3 que pod\u00edan proteger del virus, con el tiempo se ha demostrado que los guantes pueden generar todav\u00eda m\u00e1s contagios.<\/p>\n<p class=\"paragraph\" style=\"text-align: justify;\" data-gtm-element-container=\"modulo-texto-link\"><strong>Las mascarillas quir\u00fargicas e higi\u00e9nicas <\/strong>no reutilizables tienen un gran impacto ambiental y no se pueden reciclar. Entre sus componentes se encuentra el polipropileno, muy contaminante, y es por lo que se recomienda el uso de mascarillas reutilizables.<\/p>\n<p class=\"paragraph\" style=\"text-align: justify;\" data-gtm-element-container=\"modulo-texto-link\"><strong>Seg\u00fan datos publicados por el Ministerio de Sanidad<\/strong>, el coronavirus puede sobrevivir hasta m\u00e1s de cuatro d\u00edas en pl\u00e1sticos y mascarillas quir\u00fargicas. En este sentido, se mantiene activo con superficies como el acero inoxidable, el cart\u00f3n o el cobre.<\/p>\n<p>FOTO: Las bolsas de pl\u00e1stico tienen que ir desapareciendo paulatinamente de nuestros supermercados, para dejar paso a bolsas compostables o reutilizables<\/p>\n<p>BASADO EN EL ARTICULO PUBLICADO POR LA VANGUARDIA<\/p>\n<p>https:\/\/www.lavanguardia.com\/natural\/20201117\/49499339943\/eliminar-plastico-objetivo-corto-plazo.html<\/p>\n","protected":false},"excerpt":{"rendered":"<p>Conseguir que en el futuro pr\u00f3ximo todos los envases sean reciclables o compostables es uno&#8230;<\/p>\n","protected":false},"author":1,"featured_media":43869,"comment_status":"closed","ping_status":"closed","sticky":false,"template":"","format":"standard","meta":{"_coblocks_attr":"","_coblocks_dimensions":"","_coblocks_responsive_height":"","_coblocks_accordion_ie_support":"","jetpack_post_was_ever_published":false,"_jetpack_newsletter_access":"","_jetpack_dont_email_post_to_subs":false,"_jetpack_newsletter_tier_id":0,"_jetpack_memberships_contains_paywalled_content":false,"_jetpack_memberships_contains_paid_content":false,"footnotes":"","jetpack_publicize_message":"","jetpack_publicize_feature_enabled":true,"jetpack_social_post_already_shared":false,"jetpack_social_options":{"image_generator_settings":{"template":"highway","default_image_id":0,"enabled":false},"version":2}},"categories":[7725,1161,7149,9,44,15],"tags":[7726,6526],"class_list":["post-43866","post","type-post","status-publish","format-standard","has-post-thumbnail","hentry","category-atarfe-sostenible","category-ciudadania","category-coronavirus","category-medio-ambiente","category-noticias-de-hoy","category-ultimas-noticias","tag-atarfe-sostenible","tag-plastico"],"jetpack_publicize_connections":[],"jetpack_featured_media_url":"https:\/\/i0.wp.com\/miradordeatarfe.es\/wp-content\/uploads\/2020\/12\/5fbb8e05400c2-1.jpeg?fit=948%2C465&ssl=1","jetpack_likes_enabled":true,"jetpack_sharing_enabled":true,"_links":{"self":[{"href":"https:\/\/miradordeatarfe.es\/index.php?rest_route=\/wp\/v2\/posts\/43866","targetHints":{"allow":["GET"]}}],"collection":[{"href":"https:\/\/miradordeatarfe.es\/index.php?rest_route=\/wp\/v2\/posts"}],"about":[{"href":"https:\/\/miradordeatarfe.es\/index.php?rest_route=\/wp\/v2\/types\/post"}],"author":[{"embeddable":true,"href":"https:\/\/miradordeatarfe.es\/index.php?rest_route=\/wp\/v2\/users\/1"}],"replies":[{"embeddable":true,"href":"https:\/\/miradordeatarfe.es\/index.php?rest_route=%2Fwp%2Fv2%2Fcomments&post=43866"}],"version-history":[{"count":3,"href":"https:\/\/miradordeatarfe.es\/index.php?rest_route=\/wp\/v2\/posts\/43866\/revisions"}],"predecessor-version":[{"id":43872,"href":"https:\/\/miradordeatarfe.es\/index.php?rest_route=\/wp\/v2\/posts\/43866\/revisions\/43872"}],"wp:featuredmedia":[{"embeddable":true,"href":"https:\/\/miradordeatarfe.es\/index.php?rest_route=\/wp\/v2\/media\/43869"}],"wp:attachment":[{"href":"https:\/\/miradordeatarfe.es\/index.php?rest_route=%2Fwp%2Fv2%2Fmedia&parent=43866"}],"wp:term":[{"taxonomy":"category","embeddable":true,"href":"https:\/\/miradordeatarfe.es\/index.php?rest_route=%2Fwp%2Fv2%2Fcategories&post=43866"},{"taxonomy":"post_tag","embeddable":true,"href":"https:\/\/miradordeatarfe.es\/index.php?rest_route=%2Fwp%2Fv2%2Ftags&post=43866"}],"curies":[{"name":"wp","href":"https:\/\/api.w.org\/{rel}","templated":true}]}}