{"id":43874,"date":"2020-12-20T11:33:06","date_gmt":"2020-12-20T10:33:06","guid":{"rendered":"http:\/\/miradordeatarfe.es\/?p=43874"},"modified":"2020-12-09T20:45:16","modified_gmt":"2020-12-09T19:45:16","slug":"atarfe-v-concurso-de-villancicos","status":"publish","type":"post","link":"https:\/\/miradordeatarfe.es\/?p=43874","title":{"rendered":"ATARFE ESTE A\u00d1O 2020 NO SE CELEBRA EL CONCURSO DE VILLANCICOS POR LA PANDEMIA"},"content":{"rendered":"<h3 style=\"text-align: justify;\">HACE 17 A\u00d1OS PUBLICAMOS ESTE ARTICULO DE FRANCISCO J. JIM\u00c9NEZ EN EL MIRADOR DE ATARFE EN PAPEL A\u00d1O 2 NUMERO 17 NOVIEMBRE \/DICIEMBRE 2002.<\/h3>\n<h3 style=\"text-align: justify;\">HOY QUE <em>NO HAY LA POSIBILIDAD DE CELEBRAR EL CONCURSO DE VILLANCICOS QUEREMOS RENDIR HOMENAJE A TODOS Y TODAS LOS QUE HAN PARTICIPADO DESDE SU NACIMIENTO EN EL 1997<br \/>\n<\/em><\/h3>\n<p>&nbsp;<\/p>\n<p><strong><b>CUANDO ESTAMOS ALEGRES, CANTAMOS POR ESO CELEBRAMOS LA \u00a0NA VIDAD CON VILLANCICOS.<\/b><\/strong><\/p>\n<p><em><i> \u00a0Por Francisco Jos\u00e9 Jim\u00e9nez Molina.<\/i><\/em><\/p>\n<p style=\"text-align: justify;\"><em>El pasado 20 de Diciembre sali\u00f3 de su lugar habitual: la parroquia el certamen de villancicos.Se celebr\u00f3 en el Centro Cultural \u201c Medina Elvira\u201d con gran \u00e9xito de grupos y p\u00fablico en general.<\/em><\/p>\n<p style=\"text-align: justify;\"><em>\u00a0\u00bfC\u00f3mo podr\u00e1 el mundo tener la <strong><b>luz<\/b><\/strong><strong><b>\u00a0<\/b><\/strong>si no hay nadie para poner un poco de alegr\u00eda? \u00a0\u00bfC\u00f3mo podr\u00e1 el mundo acoger al Ni\u00f1o si no hay para compartir un poco de Amor? \u00bfC\u00f3mo podr\u00e1 el mundo acoger la Paz, si nadie se atreve a dar el primer paso?<\/em><\/p>\n<p style=\"text-align: justify;\"><em>Por eso nos unimos en Navidad de una forma tradicional \u00abcantando villancicos\u00bb, para poner un poco de alegr\u00eda, para compartir un poco de amor y para dar el primer paso.<\/em><\/p>\n<p style=\"text-align: justify;\"><em>En nuestro V certamen, celebrado el 20 de diciembre, en el centro cultural \u00abMedina Elvira\u00bb, hemos participado 18 grupos de los distintos colectivos del pueblo (colegios, asociaciones, parroquia). Es un encuentro en el que todos nos unimos para preparar, con ilusi\u00f3n, los villancicos, intentando que cada uno de ellos sea una estrella que ilumine el portal de Bel\u00e9n. Estos momentos est\u00e1n marcados por la unidad, la ternura, la escucha, el acercamiento, la bondad, la tolerancia&#8230; Y todo esto lo podemos celebrar por que es Navidad.<\/em><\/p>\n<p style=\"text-align: justify;\"><em>Navidad significa la esperanza de que este mundo nuestro tan maltratado por la injusticia, la guerra, la intolerancia, puede ser salvado por el Ni\u00f1o que nace. Ni\u00f1o que cambiar\u00e1 el llanto en risa, el odio en amor, la guerra en paz.<\/em><\/p>\n<p style=\"text-align: justify;\"><em>Desde el Dinamismo Juvenil Parroquial, os deseamos una Feliz Navidad y un Pr\u00f3spero a\u00f1o 2003.<\/em><\/p>\n<p style=\"text-align: justify;\"><em>\u00abSi nuestra vida es, vivir por los dem\u00e1s Dios ha nacido y siempre ser\u00e1 Navidad\u00bb.<\/em><\/p>\n<div class=\"tiled-gallery type-rectangular tiled-gallery-unresized\" data-original-width=\"640\" data-carousel-extra='null' itemscope itemtype=\"http:\/\/schema.org\/ImageGallery\" > <div class=\"gallery-row\" style=\"width: 640px; height: 278px;\" data-original-width=\"640\" data-original-height=\"278\" > <div class=\"gallery-group images-1\" style=\"width: 440px; height: 278px;\" data-original-width=\"440\" data-original-height=\"278\" > <div class=\"tiled-gallery-item tiled-gallery-item-large\" itemprop=\"associatedMedia\" itemscope itemtype=\"http:\/\/schema.org\/ImageObject\"> <a href=\"https:\/\/miradordeatarfe.es\/?attachment_id=43875\" border=\"0\" itemprop=\"url\"> <meta itemprop=\"width\" content=\"436\"> <meta itemprop=\"height\" content=\"274\"> <img decoding=\"async\" class=\"\" data-attachment-id=\"43875\" data-orig-file=\"https:\/\/miradordeatarfe.es\/wp-content\/uploads\/2020\/12\/ADULTOS.jpg\" data-orig-size=\"1497,941\" data-comments-opened=\"\" data-image-meta=\"{&quot;aperture&quot;:&quot;0&quot;,&quot;credit&quot;:&quot;&quot;,&quot;camera&quot;:&quot;&quot;,&quot;caption&quot;:&quot;&quot;,&quot;created_timestamp&quot;:&quot;0&quot;,&quot;copyright&quot;:&quot;&quot;,&quot;focal_length&quot;:&quot;0&quot;,&quot;iso&quot;:&quot;0&quot;,&quot;shutter_speed&quot;:&quot;0&quot;,&quot;title&quot;:&quot;&quot;,&quot;orientation&quot;:&quot;0&quot;}\" data-image-title=\"ADULTOS\" data-image-description=\"\" data-medium-file=\"https:\/\/i0.wp.com\/miradordeatarfe.es\/wp-content\/uploads\/2020\/12\/ADULTOS.jpg?fit=300%2C189&#038;ssl=1\" data-large-file=\"https:\/\/i0.wp.com\/miradordeatarfe.es\/wp-content\/uploads\/2020\/12\/ADULTOS.jpg?fit=640%2C403&#038;ssl=1\" src=\"https:\/\/i0.wp.com\/miradordeatarfe.es\/wp-content\/uploads\/2020\/12\/ADULTOS.jpg?w=436&#038;h=274&#038;ssl=1\" srcset=\"https:\/\/i0.wp.com\/miradordeatarfe.es\/wp-content\/uploads\/2020\/12\/ADULTOS.jpg?w=1497&amp;ssl=1 1497w, https:\/\/i0.wp.com\/miradordeatarfe.es\/wp-content\/uploads\/2020\/12\/ADULTOS.jpg?resize=300%2C189&amp;ssl=1 300w, https:\/\/i0.wp.com\/miradordeatarfe.es\/wp-content\/uploads\/2020\/12\/ADULTOS.jpg?resize=1024%2C644&amp;ssl=1 1024w, https:\/\/i0.wp.com\/miradordeatarfe.es\/wp-content\/uploads\/2020\/12\/ADULTOS.jpg?resize=768%2C483&amp;ssl=1 768w, https:\/\/i0.wp.com\/miradordeatarfe.es\/wp-content\/uploads\/2020\/12\/ADULTOS.jpg?resize=1320%2C830&amp;ssl=1 1320w\" width=\"436\" height=\"274\" loading=\"lazy\" data-original-width=\"436\" data-original-height=\"274\" itemprop=\"http:\/\/schema.org\/image\" title=\"ADULTOS\" alt=\"ADULTOS\" style=\"width: 436px; height: 274px;\" \/> <\/a> <\/div> <\/div> <!-- close group --> <div class=\"gallery-group images-2\" style=\"width: 200px; height: 278px;\" data-original-width=\"200\" data-original-height=\"278\" > <div class=\"tiled-gallery-item tiled-gallery-item-small\" itemprop=\"associatedMedia\" itemscope itemtype=\"http:\/\/schema.org\/ImageObject\"> <a href=\"https:\/\/miradordeatarfe.es\/?attachment_id=43876\" border=\"0\" itemprop=\"url\"> <meta itemprop=\"width\" content=\"196\"> <meta itemprop=\"height\" content=\"146\"> <img decoding=\"async\" class=\"\" data-attachment-id=\"43876\" data-orig-file=\"https:\/\/miradordeatarfe.es\/wp-content\/uploads\/2020\/12\/APIEMA.jpg\" data-orig-size=\"1600,1200\" data-comments-opened=\"\" data-image-meta=\"{&quot;aperture&quot;:&quot;0&quot;,&quot;credit&quot;:&quot;&quot;,&quot;camera&quot;:&quot;&quot;,&quot;caption&quot;:&quot;&quot;,&quot;created_timestamp&quot;:&quot;0&quot;,&quot;copyright&quot;:&quot;&quot;,&quot;focal_length&quot;:&quot;0&quot;,&quot;iso&quot;:&quot;0&quot;,&quot;shutter_speed&quot;:&quot;0&quot;,&quot;title&quot;:&quot;&quot;,&quot;orientation&quot;:&quot;0&quot;}\" data-image-title=\"APIEMA\" data-image-description=\"\" data-medium-file=\"https:\/\/i0.wp.com\/miradordeatarfe.es\/wp-content\/uploads\/2020\/12\/APIEMA.jpg?fit=300%2C225&#038;ssl=1\" data-large-file=\"https:\/\/i0.wp.com\/miradordeatarfe.es\/wp-content\/uploads\/2020\/12\/APIEMA.jpg?fit=640%2C480&#038;ssl=1\" src=\"https:\/\/i0.wp.com\/miradordeatarfe.es\/wp-content\/uploads\/2020\/12\/APIEMA.jpg?w=196&#038;h=146&#038;ssl=1\" srcset=\"https:\/\/i0.wp.com\/miradordeatarfe.es\/wp-content\/uploads\/2020\/12\/APIEMA.jpg?w=1600&amp;ssl=1 1600w, https:\/\/i0.wp.com\/miradordeatarfe.es\/wp-content\/uploads\/2020\/12\/APIEMA.jpg?resize=300%2C225&amp;ssl=1 300w, https:\/\/i0.wp.com\/miradordeatarfe.es\/wp-content\/uploads\/2020\/12\/APIEMA.jpg?resize=1024%2C768&amp;ssl=1 1024w, https:\/\/i0.wp.com\/miradordeatarfe.es\/wp-content\/uploads\/2020\/12\/APIEMA.jpg?resize=768%2C576&amp;ssl=1 768w, https:\/\/i0.wp.com\/miradordeatarfe.es\/wp-content\/uploads\/2020\/12\/APIEMA.jpg?resize=1536%2C1152&amp;ssl=1 1536w, https:\/\/i0.wp.com\/miradordeatarfe.es\/wp-content\/uploads\/2020\/12\/APIEMA.jpg?resize=1320%2C990&amp;ssl=1 1320w\" width=\"196\" height=\"146\" loading=\"lazy\" data-original-width=\"196\" data-original-height=\"146\" itemprop=\"http:\/\/schema.org\/image\" title=\"APIEMA\" alt=\"APIEMA\" style=\"width: 196px; height: 146px;\" \/> <\/a> <\/div> <div class=\"tiled-gallery-item tiled-gallery-item-small\" itemprop=\"associatedMedia\" itemscope itemtype=\"http:\/\/schema.org\/ImageObject\"> <a href=\"https:\/\/miradordeatarfe.es\/?attachment_id=43877\" border=\"0\" itemprop=\"url\"> <meta itemprop=\"width\" content=\"196\"> <meta itemprop=\"height\" content=\"124\"> <img decoding=\"async\" class=\"\" data-attachment-id=\"43877\" data-orig-file=\"https:\/\/miradordeatarfe.es\/wp-content\/uploads\/2020\/12\/FP.jpg\" data-orig-size=\"1481,937\" data-comments-opened=\"\" data-image-meta=\"{&quot;aperture&quot;:&quot;0&quot;,&quot;credit&quot;:&quot;&quot;,&quot;camera&quot;:&quot;&quot;,&quot;caption&quot;:&quot;&quot;,&quot;created_timestamp&quot;:&quot;0&quot;,&quot;copyright&quot;:&quot;&quot;,&quot;focal_length&quot;:&quot;0&quot;,&quot;iso&quot;:&quot;0&quot;,&quot;shutter_speed&quot;:&quot;0&quot;,&quot;title&quot;:&quot;&quot;,&quot;orientation&quot;:&quot;0&quot;}\" data-image-title=\"FP\" data-image-description=\"\" data-medium-file=\"https:\/\/i0.wp.com\/miradordeatarfe.es\/wp-content\/uploads\/2020\/12\/FP.jpg?fit=300%2C190&#038;ssl=1\" data-large-file=\"https:\/\/i0.wp.com\/miradordeatarfe.es\/wp-content\/uploads\/2020\/12\/FP.jpg?fit=640%2C405&#038;ssl=1\" src=\"https:\/\/i0.wp.com\/miradordeatarfe.es\/wp-content\/uploads\/2020\/12\/FP.jpg?w=196&#038;h=124&#038;ssl=1\" srcset=\"https:\/\/i0.wp.com\/miradordeatarfe.es\/wp-content\/uploads\/2020\/12\/FP.jpg?w=1481&amp;ssl=1 1481w, https:\/\/i0.wp.com\/miradordeatarfe.es\/wp-content\/uploads\/2020\/12\/FP.jpg?resize=300%2C190&amp;ssl=1 300w, https:\/\/i0.wp.com\/miradordeatarfe.es\/wp-content\/uploads\/2020\/12\/FP.jpg?resize=1024%2C648&amp;ssl=1 1024w, https:\/\/i0.wp.com\/miradordeatarfe.es\/wp-content\/uploads\/2020\/12\/FP.jpg?resize=768%2C486&amp;ssl=1 768w, https:\/\/i0.wp.com\/miradordeatarfe.es\/wp-content\/uploads\/2020\/12\/FP.jpg?resize=1320%2C835&amp;ssl=1 1320w\" width=\"196\" height=\"124\" loading=\"lazy\" data-original-width=\"196\" data-original-height=\"124\" itemprop=\"http:\/\/schema.org\/image\" title=\"FP\" alt=\"FP\" style=\"width: 196px; height: 124px;\" \/> <\/a> <\/div> <\/div> <!-- close group --> <\/div> <!-- close row --> <div class=\"gallery-row\" style=\"width: 640px; height: 301px;\" data-original-width=\"640\" data-original-height=\"301\" > <div class=\"gallery-group images-2\" style=\"width: 241px; height: 301px;\" data-original-width=\"241\" data-original-height=\"301\" > <div class=\"tiled-gallery-item tiled-gallery-item-small\" itemprop=\"associatedMedia\" itemscope itemtype=\"http:\/\/schema.org\/ImageObject\"> <a href=\"https:\/\/miradordeatarfe.es\/?attachment_id=43878\" border=\"0\" itemprop=\"url\"> <meta itemprop=\"width\" content=\"237\"> <meta itemprop=\"height\" content=\"145\"> <img decoding=\"async\" class=\"\" data-attachment-id=\"43878\" data-orig-file=\"https:\/\/miradordeatarfe.es\/wp-content\/uploads\/2020\/12\/JIMENEZ.jpg\" data-orig-size=\"1489,908\" data-comments-opened=\"\" data-image-meta=\"{&quot;aperture&quot;:&quot;0&quot;,&quot;credit&quot;:&quot;&quot;,&quot;camera&quot;:&quot;&quot;,&quot;caption&quot;:&quot;&quot;,&quot;created_timestamp&quot;:&quot;0&quot;,&quot;copyright&quot;:&quot;&quot;,&quot;focal_length&quot;:&quot;0&quot;,&quot;iso&quot;:&quot;0&quot;,&quot;shutter_speed&quot;:&quot;0&quot;,&quot;title&quot;:&quot;&quot;,&quot;orientation&quot;:&quot;0&quot;}\" data-image-title=\"JIMENEZ\" data-image-description=\"\" data-medium-file=\"https:\/\/i0.wp.com\/miradordeatarfe.es\/wp-content\/uploads\/2020\/12\/JIMENEZ.jpg?fit=300%2C183&#038;ssl=1\" data-large-file=\"https:\/\/i0.wp.com\/miradordeatarfe.es\/wp-content\/uploads\/2020\/12\/JIMENEZ.jpg?fit=640%2C390&#038;ssl=1\" src=\"https:\/\/i0.wp.com\/miradordeatarfe.es\/wp-content\/uploads\/2020\/12\/JIMENEZ.jpg?w=237&#038;h=145&#038;ssl=1\" srcset=\"https:\/\/i0.wp.com\/miradordeatarfe.es\/wp-content\/uploads\/2020\/12\/JIMENEZ.jpg?w=1489&amp;ssl=1 1489w, https:\/\/i0.wp.com\/miradordeatarfe.es\/wp-content\/uploads\/2020\/12\/JIMENEZ.jpg?resize=300%2C183&amp;ssl=1 300w, https:\/\/i0.wp.com\/miradordeatarfe.es\/wp-content\/uploads\/2020\/12\/JIMENEZ.jpg?resize=1024%2C624&amp;ssl=1 1024w, https:\/\/i0.wp.com\/miradordeatarfe.es\/wp-content\/uploads\/2020\/12\/JIMENEZ.jpg?resize=768%2C468&amp;ssl=1 768w, https:\/\/i0.wp.com\/miradordeatarfe.es\/wp-content\/uploads\/2020\/12\/JIMENEZ.jpg?resize=1320%2C805&amp;ssl=1 1320w\" width=\"237\" height=\"145\" loading=\"lazy\" data-original-width=\"237\" data-original-height=\"145\" itemprop=\"http:\/\/schema.org\/image\" title=\"JIMENEZ\" alt=\"JIMENEZ\" style=\"width: 237px; height: 145px;\" \/> <\/a> <\/div> <div class=\"tiled-gallery-item tiled-gallery-item-small\" itemprop=\"associatedMedia\" itemscope itemtype=\"http:\/\/schema.org\/ImageObject\"> <a href=\"https:\/\/miradordeatarfe.es\/?attachment_id=43879\" border=\"0\" itemprop=\"url\"> <meta itemprop=\"width\" content=\"237\"> <meta itemprop=\"height\" content=\"148\"> <img decoding=\"async\" class=\"\" data-attachment-id=\"43879\" data-orig-file=\"https:\/\/miradordeatarfe.es\/wp-content\/uploads\/2020\/12\/JUBI.jpg\" data-orig-size=\"1425,893\" data-comments-opened=\"\" data-image-meta=\"{&quot;aperture&quot;:&quot;0&quot;,&quot;credit&quot;:&quot;&quot;,&quot;camera&quot;:&quot;&quot;,&quot;caption&quot;:&quot;&quot;,&quot;created_timestamp&quot;:&quot;0&quot;,&quot;copyright&quot;:&quot;&quot;,&quot;focal_length&quot;:&quot;0&quot;,&quot;iso&quot;:&quot;0&quot;,&quot;shutter_speed&quot;:&quot;0&quot;,&quot;title&quot;:&quot;&quot;,&quot;orientation&quot;:&quot;0&quot;}\" data-image-title=\"JUBI\" data-image-description=\"\" data-medium-file=\"https:\/\/i0.wp.com\/miradordeatarfe.es\/wp-content\/uploads\/2020\/12\/JUBI.jpg?fit=300%2C188&#038;ssl=1\" data-large-file=\"https:\/\/i0.wp.com\/miradordeatarfe.es\/wp-content\/uploads\/2020\/12\/JUBI.jpg?fit=640%2C401&#038;ssl=1\" src=\"https:\/\/i0.wp.com\/miradordeatarfe.es\/wp-content\/uploads\/2020\/12\/JUBI.jpg?w=237&#038;h=148&#038;ssl=1\" srcset=\"https:\/\/i0.wp.com\/miradordeatarfe.es\/wp-content\/uploads\/2020\/12\/JUBI.jpg?w=1425&amp;ssl=1 1425w, https:\/\/i0.wp.com\/miradordeatarfe.es\/wp-content\/uploads\/2020\/12\/JUBI.jpg?resize=300%2C188&amp;ssl=1 300w, https:\/\/i0.wp.com\/miradordeatarfe.es\/wp-content\/uploads\/2020\/12\/JUBI.jpg?resize=1024%2C642&amp;ssl=1 1024w, https:\/\/i0.wp.com\/miradordeatarfe.es\/wp-content\/uploads\/2020\/12\/JUBI.jpg?resize=768%2C481&amp;ssl=1 768w, https:\/\/i0.wp.com\/miradordeatarfe.es\/wp-content\/uploads\/2020\/12\/JUBI.jpg?resize=1320%2C827&amp;ssl=1 1320w\" width=\"237\" height=\"148\" loading=\"lazy\" data-original-width=\"237\" data-original-height=\"148\" itemprop=\"http:\/\/schema.org\/image\" title=\"JUBI\" alt=\"JUBI\" style=\"width: 237px; height: 148px;\" \/> <\/a> <\/div> <\/div> <!-- close group --> <div class=\"gallery-group images-1\" style=\"width: 399px; height: 301px;\" data-original-width=\"399\" data-original-height=\"301\" > <div class=\"tiled-gallery-item tiled-gallery-item-large\" itemprop=\"associatedMedia\" itemscope itemtype=\"http:\/\/schema.org\/ImageObject\"> <a href=\"https:\/\/miradordeatarfe.es\/?attachment_id=43880\" border=\"0\" itemprop=\"url\"> <meta itemprop=\"width\" content=\"395\"> <meta itemprop=\"height\" content=\"297\"> <img decoding=\"async\" class=\"\" data-attachment-id=\"43880\" data-orig-file=\"https:\/\/miradordeatarfe.es\/wp-content\/uploads\/2020\/12\/margaritas.jpg\" data-orig-size=\"1600,1200\" data-comments-opened=\"\" data-image-meta=\"{&quot;aperture&quot;:&quot;0&quot;,&quot;credit&quot;:&quot;&quot;,&quot;camera&quot;:&quot;&quot;,&quot;caption&quot;:&quot;&quot;,&quot;created_timestamp&quot;:&quot;0&quot;,&quot;copyright&quot;:&quot;&quot;,&quot;focal_length&quot;:&quot;0&quot;,&quot;iso&quot;:&quot;0&quot;,&quot;shutter_speed&quot;:&quot;0&quot;,&quot;title&quot;:&quot;&quot;,&quot;orientation&quot;:&quot;0&quot;}\" data-image-title=\"margaritas\" data-image-description=\"\" data-medium-file=\"https:\/\/i0.wp.com\/miradordeatarfe.es\/wp-content\/uploads\/2020\/12\/margaritas.jpg?fit=300%2C225&#038;ssl=1\" data-large-file=\"https:\/\/i0.wp.com\/miradordeatarfe.es\/wp-content\/uploads\/2020\/12\/margaritas.jpg?fit=640%2C480&#038;ssl=1\" src=\"https:\/\/i0.wp.com\/miradordeatarfe.es\/wp-content\/uploads\/2020\/12\/margaritas.jpg?w=395&#038;h=297&#038;ssl=1\" srcset=\"https:\/\/i0.wp.com\/miradordeatarfe.es\/wp-content\/uploads\/2020\/12\/margaritas.jpg?w=1600&amp;ssl=1 1600w, https:\/\/i0.wp.com\/miradordeatarfe.es\/wp-content\/uploads\/2020\/12\/margaritas.jpg?resize=300%2C225&amp;ssl=1 300w, https:\/\/i0.wp.com\/miradordeatarfe.es\/wp-content\/uploads\/2020\/12\/margaritas.jpg?resize=1024%2C768&amp;ssl=1 1024w, https:\/\/i0.wp.com\/miradordeatarfe.es\/wp-content\/uploads\/2020\/12\/margaritas.jpg?resize=768%2C576&amp;ssl=1 768w, https:\/\/i0.wp.com\/miradordeatarfe.es\/wp-content\/uploads\/2020\/12\/margaritas.jpg?resize=1536%2C1152&amp;ssl=1 1536w, https:\/\/i0.wp.com\/miradordeatarfe.es\/wp-content\/uploads\/2020\/12\/margaritas.jpg?resize=1320%2C990&amp;ssl=1 1320w\" width=\"395\" height=\"297\" loading=\"lazy\" data-original-width=\"395\" data-original-height=\"297\" itemprop=\"http:\/\/schema.org\/image\" title=\"margaritas\" alt=\"margaritas\" style=\"width: 395px; height: 297px;\" \/> <\/a> <\/div> <\/div> <!-- close group --> <\/div> <!-- close row --> <div class=\"gallery-row\" style=\"width: 640px; height: 207px;\" data-original-width=\"640\" data-original-height=\"207\" > <div class=\"gallery-group images-1\" style=\"width: 292px; height: 207px;\" data-original-width=\"292\" data-original-height=\"207\" > <div class=\"tiled-gallery-item tiled-gallery-item-large\" itemprop=\"associatedMedia\" itemscope itemtype=\"http:\/\/schema.org\/ImageObject\"> <a href=\"https:\/\/miradordeatarfe.es\/?attachment_id=43881\" border=\"0\" itemprop=\"url\"> <meta itemprop=\"width\" content=\"288\"> <meta itemprop=\"height\" content=\"203\"> <img decoding=\"async\" class=\"\" data-attachment-id=\"43881\" data-orig-file=\"https:\/\/miradordeatarfe.es\/wp-content\/uploads\/2020\/12\/MEDINA.jpg\" data-orig-size=\"1321,929\" data-comments-opened=\"\" data-image-meta=\"{&quot;aperture&quot;:&quot;0&quot;,&quot;credit&quot;:&quot;&quot;,&quot;camera&quot;:&quot;&quot;,&quot;caption&quot;:&quot;&quot;,&quot;created_timestamp&quot;:&quot;0&quot;,&quot;copyright&quot;:&quot;&quot;,&quot;focal_length&quot;:&quot;0&quot;,&quot;iso&quot;:&quot;0&quot;,&quot;shutter_speed&quot;:&quot;0&quot;,&quot;title&quot;:&quot;&quot;,&quot;orientation&quot;:&quot;0&quot;}\" data-image-title=\"MEDINA\" data-image-description=\"\" data-medium-file=\"https:\/\/i0.wp.com\/miradordeatarfe.es\/wp-content\/uploads\/2020\/12\/MEDINA.jpg?fit=300%2C211&#038;ssl=1\" data-large-file=\"https:\/\/i0.wp.com\/miradordeatarfe.es\/wp-content\/uploads\/2020\/12\/MEDINA.jpg?fit=640%2C450&#038;ssl=1\" src=\"https:\/\/i0.wp.com\/miradordeatarfe.es\/wp-content\/uploads\/2020\/12\/MEDINA.jpg?w=288&#038;h=203&#038;ssl=1\" srcset=\"https:\/\/i0.wp.com\/miradordeatarfe.es\/wp-content\/uploads\/2020\/12\/MEDINA.jpg?w=1321&amp;ssl=1 1321w, https:\/\/i0.wp.com\/miradordeatarfe.es\/wp-content\/uploads\/2020\/12\/MEDINA.jpg?resize=300%2C211&amp;ssl=1 300w, https:\/\/i0.wp.com\/miradordeatarfe.es\/wp-content\/uploads\/2020\/12\/MEDINA.jpg?resize=1024%2C720&amp;ssl=1 1024w, https:\/\/i0.wp.com\/miradordeatarfe.es\/wp-content\/uploads\/2020\/12\/MEDINA.jpg?resize=768%2C540&amp;ssl=1 768w\" width=\"288\" height=\"203\" loading=\"lazy\" data-original-width=\"288\" data-original-height=\"203\" itemprop=\"http:\/\/schema.org\/image\" title=\"MEDINA\" alt=\"MEDINA\" style=\"width: 288px; height: 203px;\" \/> <\/a> <\/div> <\/div> <!-- close group --> <div class=\"gallery-group images-1\" style=\"width: 348px; height: 207px;\" data-original-width=\"348\" data-original-height=\"207\" > <div class=\"tiled-gallery-item tiled-gallery-item-large\" itemprop=\"associatedMedia\" itemscope itemtype=\"http:\/\/schema.org\/ImageObject\"> <a href=\"https:\/\/miradordeatarfe.es\/?attachment_id=43882\" border=\"0\" itemprop=\"url\"> <meta itemprop=\"width\" content=\"344\"> <meta itemprop=\"height\" content=\"203\"> <img decoding=\"async\" class=\"\" data-attachment-id=\"43882\" data-orig-file=\"https:\/\/miradordeatarfe.es\/wp-content\/uploads\/2020\/12\/PARROQUIA.jpg\" data-orig-size=\"1553,917\" data-comments-opened=\"\" data-image-meta=\"{&quot;aperture&quot;:&quot;0&quot;,&quot;credit&quot;:&quot;&quot;,&quot;camera&quot;:&quot;&quot;,&quot;caption&quot;:&quot;&quot;,&quot;created_timestamp&quot;:&quot;0&quot;,&quot;copyright&quot;:&quot;&quot;,&quot;focal_length&quot;:&quot;0&quot;,&quot;iso&quot;:&quot;0&quot;,&quot;shutter_speed&quot;:&quot;0&quot;,&quot;title&quot;:&quot;&quot;,&quot;orientation&quot;:&quot;0&quot;}\" data-image-title=\"PARROQUIA\" data-image-description=\"\" data-medium-file=\"https:\/\/i0.wp.com\/miradordeatarfe.es\/wp-content\/uploads\/2020\/12\/PARROQUIA.jpg?fit=300%2C177&#038;ssl=1\" data-large-file=\"https:\/\/i0.wp.com\/miradordeatarfe.es\/wp-content\/uploads\/2020\/12\/PARROQUIA.jpg?fit=640%2C378&#038;ssl=1\" src=\"https:\/\/i0.wp.com\/miradordeatarfe.es\/wp-content\/uploads\/2020\/12\/PARROQUIA.jpg?w=344&#038;h=203&#038;ssl=1\" srcset=\"https:\/\/i0.wp.com\/miradordeatarfe.es\/wp-content\/uploads\/2020\/12\/PARROQUIA.jpg?w=1553&amp;ssl=1 1553w, https:\/\/i0.wp.com\/miradordeatarfe.es\/wp-content\/uploads\/2020\/12\/PARROQUIA.jpg?resize=300%2C177&amp;ssl=1 300w, https:\/\/i0.wp.com\/miradordeatarfe.es\/wp-content\/uploads\/2020\/12\/PARROQUIA.jpg?resize=1024%2C605&amp;ssl=1 1024w, https:\/\/i0.wp.com\/miradordeatarfe.es\/wp-content\/uploads\/2020\/12\/PARROQUIA.jpg?resize=768%2C453&amp;ssl=1 768w, https:\/\/i0.wp.com\/miradordeatarfe.es\/wp-content\/uploads\/2020\/12\/PARROQUIA.jpg?resize=1536%2C907&amp;ssl=1 1536w, https:\/\/i0.wp.com\/miradordeatarfe.es\/wp-content\/uploads\/2020\/12\/PARROQUIA.jpg?resize=1320%2C779&amp;ssl=1 1320w\" width=\"344\" height=\"203\" loading=\"lazy\" data-original-width=\"344\" data-original-height=\"203\" itemprop=\"http:\/\/schema.org\/image\" title=\"PARROQUIA\" alt=\"PARROQUIA\" style=\"width: 344px; height: 203px;\" \/> <\/a> <\/div> <\/div> <!-- close group --> <\/div> <!-- close row --> <div class=\"gallery-row\" style=\"width: 640px; height: 487px;\" data-original-width=\"640\" data-original-height=\"487\" > <div class=\"gallery-group images-1\" style=\"width: 371px; height: 487px;\" data-original-width=\"371\" data-original-height=\"487\" > <div class=\"tiled-gallery-item tiled-gallery-item-large\" itemprop=\"associatedMedia\" itemscope itemtype=\"http:\/\/schema.org\/ImageObject\"> <a href=\"https:\/\/miradordeatarfe.es\/?attachment_id=43883\" border=\"0\" itemprop=\"url\"> <meta itemprop=\"width\" content=\"367\"> <meta itemprop=\"height\" content=\"483\"> <img decoding=\"async\" class=\"\" data-attachment-id=\"43883\" data-orig-file=\"https:\/\/miradordeatarfe.es\/wp-content\/uploads\/2020\/12\/PREGON.jpg\" data-orig-size=\"893,1176\" data-comments-opened=\"\" data-image-meta=\"{&quot;aperture&quot;:&quot;0&quot;,&quot;credit&quot;:&quot;&quot;,&quot;camera&quot;:&quot;&quot;,&quot;caption&quot;:&quot;&quot;,&quot;created_timestamp&quot;:&quot;0&quot;,&quot;copyright&quot;:&quot;&quot;,&quot;focal_length&quot;:&quot;0&quot;,&quot;iso&quot;:&quot;0&quot;,&quot;shutter_speed&quot;:&quot;0&quot;,&quot;title&quot;:&quot;&quot;,&quot;orientation&quot;:&quot;0&quot;}\" data-image-title=\"PREGON\" data-image-description=\"\" data-medium-file=\"https:\/\/i0.wp.com\/miradordeatarfe.es\/wp-content\/uploads\/2020\/12\/PREGON.jpg?fit=228%2C300&#038;ssl=1\" data-large-file=\"https:\/\/i0.wp.com\/miradordeatarfe.es\/wp-content\/uploads\/2020\/12\/PREGON.jpg?fit=640%2C842&#038;ssl=1\" src=\"https:\/\/i0.wp.com\/miradordeatarfe.es\/wp-content\/uploads\/2020\/12\/PREGON.jpg?w=367&#038;h=483&#038;ssl=1\" srcset=\"https:\/\/i0.wp.com\/miradordeatarfe.es\/wp-content\/uploads\/2020\/12\/PREGON.jpg?w=893&amp;ssl=1 893w, https:\/\/i0.wp.com\/miradordeatarfe.es\/wp-content\/uploads\/2020\/12\/PREGON.jpg?resize=228%2C300&amp;ssl=1 228w, https:\/\/i0.wp.com\/miradordeatarfe.es\/wp-content\/uploads\/2020\/12\/PREGON.jpg?resize=778%2C1024&amp;ssl=1 778w, https:\/\/i0.wp.com\/miradordeatarfe.es\/wp-content\/uploads\/2020\/12\/PREGON.jpg?resize=768%2C1011&amp;ssl=1 768w\" width=\"367\" height=\"483\" loading=\"lazy\" data-original-width=\"367\" data-original-height=\"483\" itemprop=\"http:\/\/schema.org\/image\" title=\"PREGON\" alt=\"PREGON\" style=\"width: 367px; height: 483px;\" \/> <\/a> <\/div> <\/div> <!-- close group --> <div class=\"gallery-group images-3\" style=\"width: 269px; height: 487px;\" data-original-width=\"269\" data-original-height=\"487\" > <div class=\"tiled-gallery-item tiled-gallery-item-large\" itemprop=\"associatedMedia\" itemscope itemtype=\"http:\/\/schema.org\/ImageObject\"> <a href=\"https:\/\/miradordeatarfe.es\/?attachment_id=43884\" border=\"0\" itemprop=\"url\"> <meta itemprop=\"width\" content=\"265\"> <meta itemprop=\"height\" content=\"159\"> <img decoding=\"async\" class=\"\" data-attachment-id=\"43884\" data-orig-file=\"https:\/\/miradordeatarfe.es\/wp-content\/uploads\/2020\/12\/SAFA.jpg\" data-orig-size=\"1513,909\" data-comments-opened=\"\" data-image-meta=\"{&quot;aperture&quot;:&quot;0&quot;,&quot;credit&quot;:&quot;&quot;,&quot;camera&quot;:&quot;&quot;,&quot;caption&quot;:&quot;&quot;,&quot;created_timestamp&quot;:&quot;0&quot;,&quot;copyright&quot;:&quot;&quot;,&quot;focal_length&quot;:&quot;0&quot;,&quot;iso&quot;:&quot;0&quot;,&quot;shutter_speed&quot;:&quot;0&quot;,&quot;title&quot;:&quot;&quot;,&quot;orientation&quot;:&quot;0&quot;}\" data-image-title=\"SAFA\" data-image-description=\"\" data-medium-file=\"https:\/\/i0.wp.com\/miradordeatarfe.es\/wp-content\/uploads\/2020\/12\/SAFA.jpg?fit=300%2C180&#038;ssl=1\" data-large-file=\"https:\/\/i0.wp.com\/miradordeatarfe.es\/wp-content\/uploads\/2020\/12\/SAFA.jpg?fit=640%2C384&#038;ssl=1\" src=\"https:\/\/i0.wp.com\/miradordeatarfe.es\/wp-content\/uploads\/2020\/12\/SAFA.jpg?w=265&#038;h=159&#038;ssl=1\" srcset=\"https:\/\/i0.wp.com\/miradordeatarfe.es\/wp-content\/uploads\/2020\/12\/SAFA.jpg?w=1513&amp;ssl=1 1513w, https:\/\/i0.wp.com\/miradordeatarfe.es\/wp-content\/uploads\/2020\/12\/SAFA.jpg?resize=300%2C180&amp;ssl=1 300w, https:\/\/i0.wp.com\/miradordeatarfe.es\/wp-content\/uploads\/2020\/12\/SAFA.jpg?resize=1024%2C615&amp;ssl=1 1024w, https:\/\/i0.wp.com\/miradordeatarfe.es\/wp-content\/uploads\/2020\/12\/SAFA.jpg?resize=768%2C461&amp;ssl=1 768w, https:\/\/i0.wp.com\/miradordeatarfe.es\/wp-content\/uploads\/2020\/12\/SAFA.jpg?resize=1320%2C793&amp;ssl=1 1320w\" width=\"265\" height=\"159\" loading=\"lazy\" data-original-width=\"265\" data-original-height=\"159\" itemprop=\"http:\/\/schema.org\/image\" title=\"SAFA\" alt=\"SAFA\" style=\"width: 265px; height: 159px;\" \/> <\/a> <\/div> <div class=\"tiled-gallery-item tiled-gallery-item-large\" itemprop=\"associatedMedia\" itemscope itemtype=\"http:\/\/schema.org\/ImageObject\"> <a href=\"https:\/\/miradordeatarfe.es\/?attachment_id=43885\" border=\"0\" itemprop=\"url\"> <meta itemprop=\"width\" content=\"265\"> <meta itemprop=\"height\" content=\"166\"> <img decoding=\"async\" class=\"\" data-attachment-id=\"43885\" data-orig-file=\"https:\/\/miradordeatarfe.es\/wp-content\/uploads\/2020\/12\/SANJOSE.jpg\" data-orig-size=\"1540,965\" data-comments-opened=\"\" data-image-meta=\"{&quot;aperture&quot;:&quot;0&quot;,&quot;credit&quot;:&quot;&quot;,&quot;camera&quot;:&quot;&quot;,&quot;caption&quot;:&quot;&quot;,&quot;created_timestamp&quot;:&quot;0&quot;,&quot;copyright&quot;:&quot;&quot;,&quot;focal_length&quot;:&quot;0&quot;,&quot;iso&quot;:&quot;0&quot;,&quot;shutter_speed&quot;:&quot;0&quot;,&quot;title&quot;:&quot;&quot;,&quot;orientation&quot;:&quot;0&quot;}\" data-image-title=\"SANJOSE\" data-image-description=\"\" data-medium-file=\"https:\/\/i0.wp.com\/miradordeatarfe.es\/wp-content\/uploads\/2020\/12\/SANJOSE.jpg?fit=300%2C188&#038;ssl=1\" data-large-file=\"https:\/\/i0.wp.com\/miradordeatarfe.es\/wp-content\/uploads\/2020\/12\/SANJOSE.jpg?fit=640%2C401&#038;ssl=1\" src=\"https:\/\/i0.wp.com\/miradordeatarfe.es\/wp-content\/uploads\/2020\/12\/SANJOSE.jpg?w=265&#038;h=166&#038;ssl=1\" srcset=\"https:\/\/i0.wp.com\/miradordeatarfe.es\/wp-content\/uploads\/2020\/12\/SANJOSE.jpg?w=1540&amp;ssl=1 1540w, https:\/\/i0.wp.com\/miradordeatarfe.es\/wp-content\/uploads\/2020\/12\/SANJOSE.jpg?resize=300%2C188&amp;ssl=1 300w, https:\/\/i0.wp.com\/miradordeatarfe.es\/wp-content\/uploads\/2020\/12\/SANJOSE.jpg?resize=1024%2C642&amp;ssl=1 1024w, https:\/\/i0.wp.com\/miradordeatarfe.es\/wp-content\/uploads\/2020\/12\/SANJOSE.jpg?resize=768%2C481&amp;ssl=1 768w, https:\/\/i0.wp.com\/miradordeatarfe.es\/wp-content\/uploads\/2020\/12\/SANJOSE.jpg?resize=1536%2C962&amp;ssl=1 1536w, https:\/\/i0.wp.com\/miradordeatarfe.es\/wp-content\/uploads\/2020\/12\/SANJOSE.jpg?resize=1320%2C827&amp;ssl=1 1320w\" width=\"265\" height=\"166\" loading=\"lazy\" data-original-width=\"265\" data-original-height=\"166\" itemprop=\"http:\/\/schema.org\/image\" title=\"SANJOSE\" alt=\"SANJOSE\" style=\"width: 265px; height: 166px;\" \/> <\/a> <\/div> <div class=\"tiled-gallery-item tiled-gallery-item-large\" itemprop=\"associatedMedia\" itemscope itemtype=\"http:\/\/schema.org\/ImageObject\"> <a href=\"https:\/\/miradordeatarfe.es\/?attachment_id=43886\" border=\"0\" itemprop=\"url\"> <meta itemprop=\"width\" content=\"265\"> <meta itemprop=\"height\" content=\"150\"> <img decoding=\"async\" class=\"\" data-attachment-id=\"43886\" data-orig-file=\"https:\/\/miradordeatarfe.es\/wp-content\/uploads\/2020\/12\/SORDOS.jpg\" data-orig-size=\"1545,877\" data-comments-opened=\"\" data-image-meta=\"{&quot;aperture&quot;:&quot;0&quot;,&quot;credit&quot;:&quot;&quot;,&quot;camera&quot;:&quot;&quot;,&quot;caption&quot;:&quot;&quot;,&quot;created_timestamp&quot;:&quot;0&quot;,&quot;copyright&quot;:&quot;&quot;,&quot;focal_length&quot;:&quot;0&quot;,&quot;iso&quot;:&quot;0&quot;,&quot;shutter_speed&quot;:&quot;0&quot;,&quot;title&quot;:&quot;&quot;,&quot;orientation&quot;:&quot;0&quot;}\" data-image-title=\"SORDOS\" data-image-description=\"\" data-medium-file=\"https:\/\/i0.wp.com\/miradordeatarfe.es\/wp-content\/uploads\/2020\/12\/SORDOS.jpg?fit=300%2C170&#038;ssl=1\" data-large-file=\"https:\/\/i0.wp.com\/miradordeatarfe.es\/wp-content\/uploads\/2020\/12\/SORDOS.jpg?fit=640%2C363&#038;ssl=1\" src=\"https:\/\/i0.wp.com\/miradordeatarfe.es\/wp-content\/uploads\/2020\/12\/SORDOS.jpg?w=265&#038;h=150&#038;ssl=1\" srcset=\"https:\/\/i0.wp.com\/miradordeatarfe.es\/wp-content\/uploads\/2020\/12\/SORDOS.jpg?w=1545&amp;ssl=1 1545w, https:\/\/i0.wp.com\/miradordeatarfe.es\/wp-content\/uploads\/2020\/12\/SORDOS.jpg?resize=300%2C170&amp;ssl=1 300w, https:\/\/i0.wp.com\/miradordeatarfe.es\/wp-content\/uploads\/2020\/12\/SORDOS.jpg?resize=1024%2C581&amp;ssl=1 1024w, https:\/\/i0.wp.com\/miradordeatarfe.es\/wp-content\/uploads\/2020\/12\/SORDOS.jpg?resize=768%2C436&amp;ssl=1 768w, https:\/\/i0.wp.com\/miradordeatarfe.es\/wp-content\/uploads\/2020\/12\/SORDOS.jpg?resize=1536%2C872&amp;ssl=1 1536w, https:\/\/i0.wp.com\/miradordeatarfe.es\/wp-content\/uploads\/2020\/12\/SORDOS.jpg?resize=1320%2C749&amp;ssl=1 1320w\" width=\"265\" height=\"150\" loading=\"lazy\" data-original-width=\"265\" data-original-height=\"150\" itemprop=\"http:\/\/schema.org\/image\" title=\"SORDOS\" alt=\"SORDOS\" style=\"width: 265px; height: 150px;\" \/> <\/a> <\/div> <\/div> <!-- close group --> <\/div> <!-- close row --> <\/div>\n","protected":false},"excerpt":{"rendered":"<p>HACE 17 A\u00d1OS PUBLICAMOS ESTE ARTICULO DE FRANCISCO J. JIM\u00c9NEZ EN EL MIRADOR DE ATARFE&#8230;<\/p>\n","protected":false},"author":1,"featured_media":43887,"comment_status":"closed","ping_status":"closed","sticky":false,"template":"","format":"standard","meta":{"_coblocks_attr":"","_coblocks_dimensions":"","_coblocks_responsive_height":"","_coblocks_accordion_ie_support":"","jetpack_post_was_ever_published":false,"_jetpack_newsletter_access":"","_jetpack_dont_email_post_to_subs":false,"_jetpack_newsletter_tier_id":0,"_jetpack_memberships_contains_paywalled_content":false,"_jetpack_memberships_contains_paid_content":false,"footnotes":"","jetpack_publicize_message":"","jetpack_publicize_feature_enabled":true,"jetpack_social_post_already_shared":false,"jetpack_social_options":{"image_generator_settings":{"template":"highway","default_image_id":0,"enabled":false},"version":2}},"categories":[2,1161,44,15],"tags":[81,2173,1841],"class_list":["post-43874","post","type-post","status-publish","format-standard","has-post-thumbnail","hentry","category-atarfe","category-ciudadania","category-noticias-de-hoy","category-ultimas-noticias","tag-atarfe","tag-concurso","tag-villancicos"],"jetpack_publicize_connections":[],"jetpack_featured_media_url":"https:\/\/i0.wp.com\/miradordeatarfe.es\/wp-content\/uploads\/2020\/12\/1451_1772_20151220193532.jpg?fit=442%2C248&ssl=1","jetpack_likes_enabled":true,"jetpack_sharing_enabled":true,"_links":{"self":[{"href":"https:\/\/miradordeatarfe.es\/index.php?rest_route=\/wp\/v2\/posts\/43874","targetHints":{"allow":["GET"]}}],"collection":[{"href":"https:\/\/miradordeatarfe.es\/index.php?rest_route=\/wp\/v2\/posts"}],"about":[{"href":"https:\/\/miradordeatarfe.es\/index.php?rest_route=\/wp\/v2\/types\/post"}],"author":[{"embeddable":true,"href":"https:\/\/miradordeatarfe.es\/index.php?rest_route=\/wp\/v2\/users\/1"}],"replies":[{"embeddable":true,"href":"https:\/\/miradordeatarfe.es\/index.php?rest_route=%2Fwp%2Fv2%2Fcomments&post=43874"}],"version-history":[{"count":4,"href":"https:\/\/miradordeatarfe.es\/index.php?rest_route=\/wp\/v2\/posts\/43874\/revisions"}],"predecessor-version":[{"id":43904,"href":"https:\/\/miradordeatarfe.es\/index.php?rest_route=\/wp\/v2\/posts\/43874\/revisions\/43904"}],"wp:featuredmedia":[{"embeddable":true,"href":"https:\/\/miradordeatarfe.es\/index.php?rest_route=\/wp\/v2\/media\/43887"}],"wp:attachment":[{"href":"https:\/\/miradordeatarfe.es\/index.php?rest_route=%2Fwp%2Fv2%2Fmedia&parent=43874"}],"wp:term":[{"taxonomy":"category","embeddable":true,"href":"https:\/\/miradordeatarfe.es\/index.php?rest_route=%2Fwp%2Fv2%2Fcategories&post=43874"},{"taxonomy":"post_tag","embeddable":true,"href":"https:\/\/miradordeatarfe.es\/index.php?rest_route=%2Fwp%2Fv2%2Ftags&post=43874"}],"curies":[{"name":"wp","href":"https:\/\/api.w.org\/{rel}","templated":true}]}}