{"id":43936,"date":"2020-12-13T11:28:07","date_gmt":"2020-12-13T10:28:07","guid":{"rendered":"http:\/\/miradordeatarfe.es\/?p=43936"},"modified":"2020-12-12T20:47:36","modified_gmt":"2020-12-12T19:47:36","slug":"lengua-vehicular-2por-alberto-granados","status":"publish","type":"post","link":"https:\/\/miradordeatarfe.es\/?p=43936","title":{"rendered":"\u00abLENGUA VEHICULAR 2&#8243;por Alberto Granados"},"content":{"rendered":"<h3><span class=\"has-inline-color has-black-color\">Esa valoraci\u00f3n presenta otra faceta, que propongo hoy: el descuido con que los espa\u00f1oles tratamos a nuestra lengua.<\/span><\/h3>\n<div>\u00a0<\/div>\n<div class=\"entry-content\">\n<p><span class=\"has-inline-color has-black-color\"><strong>NOTA PREVIA<\/strong>: No dej\u00e9is de disfrutar el v\u00eddeo que os he enlazado.<\/span><\/p>\n<p class=\"has-text-align-justify\" style=\"text-align: justify;\" data-adtags-visited=\"true\"><span class=\"has-inline-color has-black-color\">Recientemente apareci\u00f3 en este blog una <a href=\"https:\/\/albertogranados.wordpress.com\/2020\/12\/02\/lengua-vehicular\/\">valoraci\u00f3n filol\u00f3gica<\/a> de la p\u00e9rdida de la categor\u00eda de lengua vehicular por parte de nuestro idioma, como contraprestaci\u00f3n al apoyo de ERC a los presupuestos presentados por el gobierno de Pedro S\u00e1nchez. Esa valoraci\u00f3n presenta otra faceta, que propongo hoy: el descuido con que los espa\u00f1oles tratamos a nuestra lengua. Considero un peligro real ese crecimiento abusivo de anglicismos innecesarios que constituyen un verdadero desgaste para nuestro noble idioma. No es que yo peque de purista ni que rechace los extranjerismos: siempre han entrado en nuestra lengua y, una vez asumidos, han ido pasando a nuestros diccionarios m\u00e1s can\u00f3nicos sin el menor rechazo. El problema es que se ha impuesto el idioma del d\u00f3lar, el de las grandes compa\u00f1\u00edas financieras, el de internet y lo ha hecho de una forma tan insistente, tan machacona, que un mensaje cualquiera puede deslucir nuestro castellano hasta una caricatura de la lengua que inund\u00f3 varios continentes y obtuvo bastantes Premios Nobel.<\/span><\/p>\n<figure class=\"wp-block-image size-large is-resized\" style=\"text-align: justify;\"><a href=\"https:\/\/albertogranados.files.wordpress.com\/2020\/12\/english-language-institute.jpeg\"><img data-recalc-dims=\"1\" loading=\"lazy\" decoding=\"async\" class=\"wp-image-8561\" src=\"https:\/\/albertogranados.files.wordpress.com\/2020\/12\/english-language-institute.jpeg?w=900&#038;resize=640%2C589\" sizes=\"auto, (max-width: 840px) 100vw, 840px\" srcset=\"https:\/\/albertogranados.files.wordpress.com\/2020\/12\/english-language-institute.jpeg?w=840 840w, https:\/\/albertogranados.files.wordpress.com\/2020\/12\/english-language-institute.jpeg?w=150 150w, https:\/\/albertogranados.files.wordpress.com\/2020\/12\/english-language-institute.jpeg?w=300 300w, https:\/\/albertogranados.files.wordpress.com\/2020\/12\/english-language-institute.jpeg?w=768 768w, https:\/\/albertogranados.files.wordpress.com\/2020\/12\/english-language-institute.jpeg 900w\" alt=\"\" width=\"640\" height=\"589\" data-attachment-id=\"8561\" data-permalink=\"https:\/\/albertogranados.wordpress.com\/english-language-institute\/\" data-orig-file=\"https:\/\/albertogranados.files.wordpress.com\/2020\/12\/english-language-institute.jpeg\" data-orig-size=\"900,829\" data-comments-opened=\"1\" data-image-meta=\"{&quot;aperture&quot;:&quot;0&quot;,&quot;credit&quot;:&quot;&quot;,&quot;camera&quot;:&quot;&quot;,&quot;caption&quot;:&quot;&quot;,&quot;created_timestamp&quot;:&quot;0&quot;,&quot;copyright&quot;:&quot;&quot;,&quot;focal_length&quot;:&quot;0&quot;,&quot;iso&quot;:&quot;0&quot;,&quot;shutter_speed&quot;:&quot;0&quot;,&quot;title&quot;:&quot;&quot;,&quot;orientation&quot;:&quot;0&quot;}\" data-image-title=\"english-language-institute\" data-image-description=\"\" data-medium-file=\"https:\/\/albertogranados.files.wordpress.com\/2020\/12\/english-language-institute.jpeg?w=300\" data-large-file=\"https:\/\/albertogranados.files.wordpress.com\/2020\/12\/english-language-institute.jpeg?w=560\" \/><\/a><figcaption>English Language Institute<\/figcaption><\/figure>\n<p class=\"has-text-align-justify\" style=\"text-align: justify;\" data-adtags-visited=\"true\"><span class=\"has-inline-color has-black-color\">Me he permitido elaborar un texto bastante simple para comprobar qu\u00e9 estamos haciendo con nuestro idioma y hasta qu\u00e9 punto lo estamos prostituyendo. M\u00e1s que texto, es un pretexto para juntar anglicismos, as\u00ed que nadie espere un primor estil\u00edstico:<\/span><\/p>\n<p style=\"text-align: justify;\" data-adtags-visited=\"true\"><span class=\"has-inline-color has-vivid-cyan-blue-color\">Le bendita lengua de Chespir<\/span><\/p>\n<p class=\"has-text-align-justify\" style=\"text-align: justify;\" data-adtags-visited=\"true\"><span class=\"has-inline-color has-vivid-cyan-blue-color\">No s\u00e9 qu\u00e9 har\u00edamos sin la lengua de Chespir. Hasta hace poco nos defend\u00edamos con la de Cervantes, pero d\u00f3nde va a parar. Con \u00e9sta \u00faltima no podr\u00edamos hacer nada de lo que hacemos normalmente usando la lengua inglesa. No estacionar\u00edamos el coche en un <em>parking<\/em>, ni ir\u00edamos al <em>gym<\/em> a hacer <em>spinning <\/em>por la cosa del<em> fitness<\/em>, ni necesitar\u00edamos la ayuda de un <em>personal<\/em> <em>coach<\/em>, ni nos colocar\u00edamos de <em>community manager<\/em> ni ser\u00edamos <em>nfluencers, bloggers, youtubers <\/em>o<em> instagrammers<\/em>, algo esencial para convertirnos en <em>celebrities<\/em>.\u00a0 Mucho menos conseguir\u00edamos que una de esas estupideces que se cuelgan en <em>Twitter<\/em> llegara a <em>trending topic<\/em>. Adem\u00e1s, habr\u00eda que cambiarle el nombre a <em>Masterchef<\/em> y nos quedar\u00edamos sin <em>brownies <\/em>ni <em>candy<\/em>. Los comercios se llamar\u00edan tiendas y no <em>shops<\/em>\u2026<\/span><\/p>\n<p class=\"has-text-align-justify\" style=\"text-align: justify;\" data-adtags-visited=\"true\"><span class=\"has-inline-color has-vivid-cyan-blue-color\">En materia de finanzas, el Banco de Santander ya ha cambiado mi antigua cuenta 123 a Cuenta <em>One<\/em>, aunque puedo seguir usando mi servicio de <em>Openbank<\/em>, que eso me tranquiliza mucho porque puedo controlar mi <em>credit<\/em> <em>card<\/em>, tarjeta que uso mucho desde el inicio de la pandemia en la variedad de <em>contactless<\/em>. Por otro lado, los magos de las finanzas no llamar\u00edan <em>startup<\/em> a las empresas emergentes y no existir\u00eda el <em>coworking<\/em>, que permite irse todos de copas en eso que llamamos <em>afterwork<\/em>.<\/span><\/p>\n<p class=\"has-text-align-justify\" style=\"text-align: justify;\" data-adtags-visited=\"true\"><span class=\"has-inline-color has-vivid-cyan-blue-color\">Nada de comer en un <em>self-service<\/em> y en estos bares que nos preparan comida para llevar durante el confinamiento no habr\u00eda servicio de <em>delivery<\/em>. Nuestras tabernas volver\u00edan a llamarse as\u00ed, en vez de <em>bar<\/em> o <em>pub<\/em> y cerrar\u00edan a la hora de la cena. Nada de <em>fishandchip<\/em>s, <em>snacks, burguers<\/em> y esas variedades de <em>fast food<\/em>, con lo que volver\u00edamos a nuestra tapa tradicional, tan ricamente.<\/span><\/p>\n<p class=\"has-text-align-justify\" style=\"text-align: justify;\" data-adtags-visited=\"true\"><span class=\"has-inline-color has-vivid-cyan-blue-color\">Y nada de <em>black Friday<\/em>, <em>Halloween<\/em> ni <em>Eastern<\/em>. No nos alojar\u00edamos en un <em>resort<\/em> con <em>spa<\/em> ni dispondr\u00edamos de <em>travel-checks<\/em>. Volar\u00edamos en Iberia en vuelos normales, nada de <em>charters<\/em> ni <em>business-class <\/em>y en el aeropuerto no tendr\u00edamos que hacer el <em>check-in<\/em>. Ni siquiera habr\u00edamos llegado a usar el <em>trolley<\/em>, sino que llevar\u00edamos las cl\u00e1sicas maletas, si acaso con ruedecillas, normalmente atascadas.<\/span><\/p>\n<p class=\"has-text-align-justify\" style=\"text-align: justify;\" data-adtags-visited=\"true\"><span class=\"has-inline-color has-vivid-cyan-blue-color\">Tampoco los homosexuales se llamar\u00edan <em>gays<\/em>, ya que se usar\u00edan las muchas formas que Garc\u00eda Lorca reuni\u00f3 en uno de sus poemas de <em>Poeta en Nueva York<\/em>. Ni estar\u00eda tan de moda ese juguete sexual que, seg\u00fan estad\u00edsticas, tienen la mayor parte de las mujeres de hoy d\u00eda: el <em>satisfyer<\/em>, ni habr\u00eda <em>sex-shops<\/em> donde comprarlos directamente.<\/span><\/p>\n<p class=\"has-text-align-justify\" style=\"text-align: justify;\" data-adtags-visited=\"true\"><span class=\"has-inline-color has-vivid-cyan-blue-color\">Sin el idioma de Chespir, nuestras magdalenas volver\u00edan a llamarse magdalenas, en vez de <em>muffins<\/em>, nuestros bocadillos dejar\u00edan de ser <em>sandwiches<\/em>, y desconocer\u00edamos la nueva costumbre del <em>brunch<\/em>, que con tantas prisas se ha impuesto. No conocer\u00edamos tampoco el <em>hobby<\/em> del <em>take away<\/em>.<\/span><\/p>\n<p class=\"has-text-align-justify\" style=\"text-align: justify;\" data-adtags-visited=\"true\"><span class=\"has-inline-color has-vivid-cyan-blue-color\">Respecto al mundo de la moda, los pantalones cortos ser\u00edan justamente eso y no <em>shorts<\/em>, las chaquetas de espiguilla no ser\u00edan <em>tweed, <\/em>las se\u00f1oras llevar\u00edan la ropa interior de siempre (y no me refiero a que no se la cambiaran a diario, que para eso estuvo Isabel I de Castilla) en vez de meter sus formas en un <em>body<\/em> o realzar sus pechos en un <em>Wonder-Bra<\/em> o en un <em>top <\/em>o embutir trasero y piernas en unos <em>leggins<\/em> o en un <em>panty<\/em>. Se ve que la tendencia va hacia la ropa <em>casual<\/em>, sin convencionalismos: <em>easy wear<\/em>.<\/span><\/p>\n<p class=\"has-text-align-justify\" style=\"text-align: justify;\" data-adtags-visited=\"true\"><span class=\"has-inline-color has-vivid-cyan-blue-color\">\u00bfY la m\u00fasica? Sin el ingl\u00e9s, no sabr\u00edamos nada del <em>blues<\/em>, del <em>rock&amp;roll<\/em>, de la m\u00fasica <em>pop<\/em>, del <em>swing<\/em>, del <em>jazz<\/em>, <em>el rythm&amp;blues<\/em>, el <em>soul<\/em>, el <em>country<\/em>, el <em>funk<\/em>, el <em>trap<\/em>, el <em>house<\/em>, el <em>techno<\/em>\u2026 y seguir\u00edamos oyendo a Concha Piquer, al D\u00fao Din\u00e1mico y a Manolo von Escobar y las zarzuelas que adoraba mi madre y que canturreaba en la cocina mientras preparaba sus sabrosos guisos, ajena por completo a la <em>nouvelle cuisine<\/em>. Incluso nos podr\u00edamos haber librado de una tortura como el <em>reggaeton<\/em>. Variantes como el <em>rap<\/em>, el <em>hip-hop<\/em>, el <em>trance<\/em>, la m\u00fasica <em>disco<\/em>, el <em>grounge<\/em>, etc.\u00a0 no nos dir\u00edan nada y nos conformar\u00edamos con las baladas de los italianos y los franceses de los sesenta, aunque nunca se sabe qu\u00e9 pasa con la industria del <em>entertainment<\/em> ni con el <em>show business<\/em>, que viene a ser quien, mediante sabrosos <em>video-clips<\/em> y <em>spots <\/em>comerciales, determina nuestros gustos. Ahora es muy f\u00e1cil para cualquier <em>manager<\/em> colocar a uno de sus artistas en el <em>top hit<\/em>. Y no sabr\u00edamos qu\u00e9 es una <em>performance<\/em> ni un <em>show<\/em>.<\/span><\/p>\n<p class=\"has-text-align-justify\" style=\"text-align: justify;\" data-adtags-visited=\"true\"><span class=\"has-inline-color has-vivid-cyan-blue-color\">\u00bfY el cine? \u00bfSeguir\u00edamos anclados en el <em>star system<\/em>? \u00bfGustar\u00eda tanto eso que hemos llamado <em>spin-off<\/em> o ir\u00edamos m\u00e1s al <em>sitcom<\/em>? Si no tuvi\u00e9ramos tanto dominio del ingl\u00e9s, las pel\u00edculas del oeste no ser\u00edan <em>westerns<\/em>, ni las de misterio se llamar\u00edan <em>thrillers<\/em>, ni los dibujos animados se llamar\u00edan ni <em>cartoon<\/em> ni <em>anime<\/em>. Y nadie podr\u00eda adelantarnos la identidad del asesino haci\u00e9ndonos ese desagradable <em>spoiler<\/em> que tanto nos fastidia.<\/span><\/p>\n<p class=\"has-text-align-justify\" style=\"text-align: justify;\" data-adtags-visited=\"true\">\u00a0\u00a0\u00a0\u00a0\u00a0\u00a0\u00a0\u00a0\u00a0 <span class=\"has-inline-color has-vivid-cyan-blue-color\">Gracias el ingl\u00e9s, hemos avanzado mucho. Es que el <em>fucking <\/em>castellano se estaba quedando muy rancio. <em>What a shit!<\/em><\/span><\/p>\n<figure class=\"wp-block-embed is-type-rich is-provider-youtube wp-block-embed-youtube wp-embed-aspect-16-9 wp-has-aspect-ratio\" style=\"text-align: justify;\">\n<div class=\"wp-block-embed__wrapper\"><span class=\"embed-youtube\"><iframe loading=\"lazy\" class=\"youtube-player\" src=\"https:\/\/www.youtube.com\/embed\/jvnOS6KWEhc?version=3&amp;rel=1&amp;showsearch=0&amp;showinfo=1&amp;iv_load_policy=1&amp;fs=1&amp;hl=es&amp;autohide=2&amp;wmode=transparent\" width=\"560\" height=\"315\" sandbox=\"allow-scripts allow-same-origin allow-popups allow-presentation\" allowfullscreen=\"allowfullscreen\" data-mce-fragment=\"1\"><\/iframe><\/span><\/div>\n<\/figure>\n<p class=\"has-text-align-justify\" style=\"text-align: justify;\" data-adtags-visited=\"true\"><span class=\"has-inline-color has-black-color\">Desidia e ignorancia, una cierta dosis de esnobismo y unos planteamientos educativos que prefieren ense\u00f1ar conceptos abstractos a planteamientos comunicativos (comprensi\u00f3n, uso adecuado, ampliaci\u00f3n del vocabulario, fijaci\u00f3n severa de la ortograf\u00eda, y en casos singulares, el uso creativo de la propia lengua). Se ense\u00f1a a un ni\u00f1o de doce a\u00f1os qu\u00e9 es un complemento directo o una oraci\u00f3n reflexiva (conceptos abstractos a una mente en que el pensamiento abstracto est\u00e1 a\u00fan en ciernes) pero no se le hace tomar conciencia del valor de su lengua, ni de la responsabilidad de mantenerla para las generaciones del futuro. El soneto que inclu\u00ed, que tanto me gusta, tiene un t\u00edtulo err\u00f3neo. Creo, con permiso de D\u00e1maso Alonso, que en vez de <em>Nuestra heredad<\/em>, deber\u00eda llamarse <em>Nuestro usufructo<\/em>. En efecto, cada castellanoparlante recibe un bien del que solo es depositario temporal, usufructuario y no due\u00f1o. Tiene la obligaci\u00f3n de cuidar ese patrimonio y leg\u00e1rselo a la siguiente generaci\u00f3n en las mejores condiciones. Y no estamos cumpliendo.<\/span><\/p>\n<p class=\"has-text-align-justify\" style=\"text-align: justify;\" data-adtags-visited=\"true\">Esta situaci\u00f3n no parece preocupar a los adversarios pol\u00edticos del gobierno, esos genuinos patriotas, ni han visto rentabilidad pol\u00edtica en airear el asunto, pese a su enojo por desposeer a nuestra lengua de su car\u00e1cter vehicular. Esto no es pol\u00edticamente rentable, as\u00ed que adelante con el cinismo y que siga el espect\u00e1culo: <em>The show must go on<\/em> que nos cantaban los chicos de <em>Queen<\/em>.<\/p>\n<p style=\"text-align: justify;\" data-adtags-visited=\"true\"><span class=\"has-inline-color has-black-color\">Alberto Granados<\/span><\/p>\n<\/div>\n","protected":false},"excerpt":{"rendered":"<p>Esa valoraci\u00f3n presenta otra faceta, que propongo hoy: el descuido con que los espa\u00f1oles tratamos&#8230;<\/p>\n","protected":false},"author":1,"featured_media":43937,"comment_status":"closed","ping_status":"closed","sticky":false,"template":"","format":"standard","meta":{"_coblocks_attr":"","_coblocks_dimensions":"","_coblocks_responsive_height":"","_coblocks_accordion_ie_support":"","jetpack_post_was_ever_published":false,"_jetpack_newsletter_access":"","_jetpack_dont_email_post_to_subs":false,"_jetpack_newsletter_tier_id":0,"_jetpack_memberships_contains_paywalled_content":false,"_jetpack_memberships_contains_paid_content":false,"footnotes":"","jetpack_publicize_message":"","jetpack_publicize_feature_enabled":true,"jetpack_social_post_already_shared":false,"jetpack_social_options":{"image_generator_settings":{"template":"highway","default_image_id":0,"enabled":false},"version":2}},"categories":[39,1161,44,7671,6937,15],"tags":[2095,7872],"class_list":["post-43936","post","type-post","status-publish","format-standard","has-post-thumbnail","hentry","category-opinion-de-alberto-granados","category-ciudadania","category-noticias-de-hoy","category-politica","category-sociedad","category-ultimas-noticias","tag-castellano","tag-lengua-vehicular"],"jetpack_publicize_connections":[],"jetpack_featured_media_url":"https:\/\/i0.wp.com\/miradordeatarfe.es\/wp-content\/uploads\/2020\/12\/Castellano-lengua-vehicular.jpg?fit=900%2C600&ssl=1","jetpack_likes_enabled":true,"jetpack_sharing_enabled":true,"_links":{"self":[{"href":"https:\/\/miradordeatarfe.es\/index.php?rest_route=\/wp\/v2\/posts\/43936","targetHints":{"allow":["GET"]}}],"collection":[{"href":"https:\/\/miradordeatarfe.es\/index.php?rest_route=\/wp\/v2\/posts"}],"about":[{"href":"https:\/\/miradordeatarfe.es\/index.php?rest_route=\/wp\/v2\/types\/post"}],"author":[{"embeddable":true,"href":"https:\/\/miradordeatarfe.es\/index.php?rest_route=\/wp\/v2\/users\/1"}],"replies":[{"embeddable":true,"href":"https:\/\/miradordeatarfe.es\/index.php?rest_route=%2Fwp%2Fv2%2Fcomments&post=43936"}],"version-history":[{"count":2,"href":"https:\/\/miradordeatarfe.es\/index.php?rest_route=\/wp\/v2\/posts\/43936\/revisions"}],"predecessor-version":[{"id":43939,"href":"https:\/\/miradordeatarfe.es\/index.php?rest_route=\/wp\/v2\/posts\/43936\/revisions\/43939"}],"wp:featuredmedia":[{"embeddable":true,"href":"https:\/\/miradordeatarfe.es\/index.php?rest_route=\/wp\/v2\/media\/43937"}],"wp:attachment":[{"href":"https:\/\/miradordeatarfe.es\/index.php?rest_route=%2Fwp%2Fv2%2Fmedia&parent=43936"}],"wp:term":[{"taxonomy":"category","embeddable":true,"href":"https:\/\/miradordeatarfe.es\/index.php?rest_route=%2Fwp%2Fv2%2Fcategories&post=43936"},{"taxonomy":"post_tag","embeddable":true,"href":"https:\/\/miradordeatarfe.es\/index.php?rest_route=%2Fwp%2Fv2%2Ftags&post=43936"}],"curies":[{"name":"wp","href":"https:\/\/api.w.org\/{rel}","templated":true}]}}