{"id":43940,"date":"2020-12-20T11:52:52","date_gmt":"2020-12-20T10:52:52","guid":{"rendered":"http:\/\/miradordeatarfe.es\/?p=43940"},"modified":"2020-12-29T21:46:48","modified_gmt":"2020-12-29T20:46:48","slug":"munoz-molina-y-el-centro-artistico-por-alberto-granados","status":"publish","type":"post","link":"https:\/\/miradordeatarfe.es\/?p=43940","title":{"rendered":"\u00abMU\u00d1OZ MOLINA Y EL CENTRO ART\u00cdSTICO\u00bb por Alberto Granados"},"content":{"rendered":"<h3 style=\"text-align: justify;\" data-adtags-visited=\"true\"><span class=\"has-inline-color has-vivid-red-color\"> [dropcap]Ha reconocido que debe su prestigio a las oportunidades que se le abrieron en Granada, pero se percibe en sus escritos que aqu\u00ed se ahogaba y aprovech\u00f3 la nueva situaci\u00f3n que supuso su nueva relaci\u00f3n amatoria para volar, igual que Manuel, el protagonista de <em>El jinete polaco<\/em>, su trasunto literario y vital.<\/span><\/h3>\n<p class=\"has-text-align-justify\" style=\"text-align: justify;\" data-adtags-visited=\"true\"><span class=\"has-inline-color has-black-color\">El Centro Art\u00edstico, Literario y Cient\u00edfico de Granada es una instituci\u00f3n cultural que cumpli\u00f3 135 a\u00f1os el pasado mes de abril. Entre sus socios estuvieron Manuel de Falla, los hermanos Garc\u00eda Lorca, el periodista Constantino Ruiz Carnero (torturado y fusilado en 1936), Melchor Almagro, Antonio Gallego Bur\u00edn\u2026 y, en la actualidad son socios o han pasado por sus actividades la mayor parte de los intelectuales de la ciudad. El CALC ha estado en peligro varias veces, pero ahora, bajo la batuta de Celia Correa, ha remontado el vuelo y est\u00e1 presente, no solo en sus numerosas actividades, sino en el mismo tejido humano de la ciudad por sus reivindicaciones y reconocimientos de personas y por su implicaci\u00f3n en los problemas de los granadinos.<\/span><\/p>\n<p class=\"has-text-align-justify\" style=\"text-align: justify;\" data-adtags-visited=\"true\">\u00a0\u00a0\u00a0\u00a0\u00a0\u00a0\u00a0\u00a0\u00a0 <span class=\"has-inline-color has-black-color\">Resucitado por la actual directiva el Bolet\u00edn del CALC, ahora en su cuarta \u00e9poca, bajo la direcci\u00f3n de Juan Chirveches, se ten\u00eda previsto un n\u00famero dedicado al aniversario de la instituci\u00f3n, publicaci\u00f3n que se iba a presentar al p\u00fablico el pasado mes de abril. La pandemia lo impidi\u00f3 y ahora ese voluminoso n\u00famero n. 11 se ha puesto a la venta, sin presentaci\u00f3n formal, para evitar contagios. Entre sus p\u00e1ginas va un art\u00edculo m\u00edo que no tiene m\u00e1s m\u00e9rito que el de haber conseguido fotografiar un material que muy poca gente ha visto, aunque las im\u00e1genes, recogidas en el Archivo Hist\u00f3rico del Palacio de los C\u00f3rdova con un m\u00f3vil, no tengan calidad. Este es mi texto:<\/span><\/p>\n<p style=\"text-align: justify;\" data-adtags-visited=\"true\">\u00a0<\/p>\n<p class=\"has-text-align-center\" style=\"text-align: justify;\" data-adtags-visited=\"true\"><img data-recalc-dims=\"1\" decoding=\"async\" class=\"wp-image-8568\" src=\"https:\/\/albertogranados.files.wordpress.com\/2020\/12\/invitacion-en-folio.jpg?w=640\" alt=\"\" data-attachment-id=\"8568\" data-permalink=\"https:\/\/albertogranados.wordpress.com\/2020\/12\/08\/munoz-molina-y-el-centro-artistico\/invitacion-en-folio\/\" data-orig-file=\"https:\/\/albertogranados.files.wordpress.com\/2020\/12\/invitacion-en-folio.jpg\" data-orig-size=\"2404,3687\" data-comments-opened=\"1\" data-image-meta=\"{&quot;aperture&quot;:&quot;1.9&quot;,&quot;credit&quot;:&quot;&quot;,&quot;camera&quot;:&quot;Redmi Note 5&quot;,&quot;caption&quot;:&quot;&quot;,&quot;created_timestamp&quot;:&quot;1580815817&quot;,&quot;copyright&quot;:&quot;&quot;,&quot;focal_length&quot;:&quot;3.94&quot;,&quot;iso&quot;:&quot;100&quot;,&quot;shutter_speed&quot;:&quot;0.01&quot;,&quot;title&quot;:&quot;&quot;,&quot;orientation&quot;:&quot;1&quot;}\" data-image-title=\"Invitaci\u00f3n en folio\" data-image-description=\"\" data-medium-file=\"https:\/\/albertogranados.files.wordpress.com\/2020\/12\/invitacion-en-folio.jpg?w=196\" data-large-file=\"https:\/\/albertogranados.files.wordpress.com\/2020\/12\/invitacion-en-folio.jpg?w=560\" \/><\/p>\n<p id=\"inline-ad-0\" class=\"inline-ad-slot\" style=\"text-align: justify;\" data-adtags-width=\"560\" data-adtags-visited=\"true\">\u00a0<\/p>\n<p style=\"text-align: justify;\" data-adtags-visited=\"true\">\u00a0<\/p>\n<p style=\"text-align: justify;\" data-adtags-visited=\"true\"><span class=\"has-inline-color has-vivid-red-color\">MU\u00d1OZ MOLINA Y EL CENTRO ART\u00cdSTICO<\/span><\/p>\n<p class=\"has-text-align-justify\" style=\"text-align: justify;\" data-adtags-visited=\"true\"><span class=\"has-inline-color has-vivid-red-color\">Gran parte de la vida de Antonio Mu\u00f1oz Molina, tras abandonar Granada, ha transcurrido en Madrid, Nueva York y, recientemente, en Lisboa. Ha manifestado en algunas de sus columnas que el \u00fanico \u00e1mbito donde se siente libre es la gran ciudad, donde halla respuesta a sus demandas en campos como los museos y salas de exposiciones, los conciertos y \u00f3peras de los m\u00e1s prestigiosos auditorios, los espacios esc\u00e9nicos, la creaci\u00f3n literaria, etc. Ha reconocido que debe su prestigio a las oportunidades que se le abrieron en Granada, pero se percibe en sus escritos que aqu\u00ed se ahogaba y aprovech\u00f3 la nueva situaci\u00f3n que supuso su nueva relaci\u00f3n amatoria para volar, igual que Manuel, el protagonista de <em>El jinete polaco<\/em>, su trasunto literario y vital. Por mi parte, siempre he sentido que ese Manuel era yo mismo, asfixiado en un pueblo (el novelista, al menos, vivi\u00f3 en una ciudad como es \u00dabeda) en el que no encontraba nada que me retuviera y del que quer\u00eda huir para comprobar si era capaz de afrontar la vida con suficiencia. De ah\u00ed arranca mi admiraci\u00f3n por el escritor ubetense y universal.<\/span><\/p>\n<p style=\"text-align: justify;\" data-adtags-visited=\"true\">\u00a0<\/p>\n<p class=\"has-text-align-center\" style=\"text-align: justify;\" data-adtags-visited=\"true\"><img data-recalc-dims=\"1\" decoding=\"async\" class=\"wp-image-8569\" src=\"https:\/\/albertogranados.files.wordpress.com\/2020\/12\/1984-12-15-diario-de-granada.-breve-anunciando-la-presentacion.jpg?w=640\" alt=\"\" data-attachment-id=\"8569\" data-permalink=\"https:\/\/albertogranados.wordpress.com\/2020\/12\/08\/munoz-molina-y-el-centro-artistico\/1984-12-15-diario-de-granada-breve-anunciando-la-presentacion\/\" data-orig-file=\"https:\/\/albertogranados.files.wordpress.com\/2020\/12\/1984-12-15-diario-de-granada.-breve-anunciando-la-presentacion.jpg\" data-orig-size=\"2010,2320\" data-comments-opened=\"1\" data-image-meta=\"{&quot;aperture&quot;:&quot;1.9&quot;,&quot;credit&quot;:&quot;&quot;,&quot;camera&quot;:&quot;Redmi Note 5&quot;,&quot;caption&quot;:&quot;&quot;,&quot;created_timestamp&quot;:&quot;1581012808&quot;,&quot;copyright&quot;:&quot;&quot;,&quot;focal_length&quot;:&quot;3.94&quot;,&quot;iso&quot;:&quot;200&quot;,&quot;shutter_speed&quot;:&quot;0.02&quot;,&quot;title&quot;:&quot;&quot;,&quot;orientation&quot;:&quot;1&quot;}\" data-image-title=\"1984 12 15 Diario de Granada. Breve anunciando la presentaci\u00f3n\" data-image-description=\"\" data-medium-file=\"https:\/\/albertogranados.files.wordpress.com\/2020\/12\/1984-12-15-diario-de-granada.-breve-anunciando-la-presentacion.jpg?w=260\" data-large-file=\"https:\/\/albertogranados.files.wordpress.com\/2020\/12\/1984-12-15-diario-de-granada.-breve-anunciando-la-presentacion.jpg?w=560\" \/><\/p>\n<p id=\"inline-ad-1\" class=\"inline-ad-slot\" style=\"text-align: justify;\" data-adtags-width=\"560\" data-adtags-visited=\"true\">\u00a0<\/p>\n<p style=\"text-align: justify;\" data-adtags-visited=\"true\">\u00a0<\/p>\n<p class=\"has-text-align-justify\" style=\"text-align: justify;\" data-adtags-visited=\"true\"><span class=\"has-inline-color has-vivid-red-color\">Mu\u00f1oz Molina particip\u00f3 abundantemente en el mundillo cultural granadino. Aqu\u00ed surgieron sus columnas en <em>Diario de Granada,<\/em> <em>Ideal<\/em> u <em>Olvidos de Granada<\/em>, que dieron lugar a sus dos primeros libros: <em>El Robinson urbano<\/em> (1984) y <em>Diario del Nautilus<\/em> (1986); tambi\u00e9n desde aqu\u00ed dio el salto a los medios de \u00e1mbito nacional: <em>ABC<\/em> le abri\u00f3 las puertas en 1987 y <em>El Pa\u00eds<\/em>, aparte de algunas colaboraciones aisladas anteriores, le dio una columna fija en 1991, columna que, cambiando el ep\u00edgrafe y la secci\u00f3n del peri\u00f3dico, se mantiene hasta la actualidad; igualmente, fue en Granada donde escribi\u00f3 algunas de sus mejores novelas, <em>Beatus ille<\/em>, <em>El invierno en Lisboa<\/em>, <em>Beltenebros<\/em>\u2026; su novela <em>Plenilunio<\/em> est\u00e1 basada en un terrible suceso local; y tambi\u00e9n en esta ciudad particip\u00f3 activamente en la vida cultural (presentaciones de libros y revistas, pr\u00f3logos de publicaciones, tertulias y mesas redondas, etc.).<\/span><\/p>\n<p class=\"has-text-align-justify\" style=\"text-align: justify;\" data-adtags-visited=\"true\"><span class=\"has-inline-color has-vivid-red-color\">En este contexto, Mu\u00f1oz Molina y el Centro Art\u00edstico ten\u00edan que encontrarse: un autor que se abr\u00eda camino y una venerable instituci\u00f3n, que este a\u00f1o cumplir\u00e1 135 a\u00f1os de existencia\u2026 \u00bfc\u00f3mo no iban a coincidir? Este sencillo punto de partida me ha llevado a rastrear el paso del autor por la instituci\u00f3n y he encontrado algunos vestigios de su relaci\u00f3n con el CALC.<\/span><\/p>\n<p class=\"has-text-align-justify\" style=\"text-align: justify;\" data-adtags-visited=\"true\"><span class=\"has-inline-color has-vivid-red-color\">En efecto, la tarde el 15 de diciembre de 1984, en la Sala del piano, un ubetense afincado en la ciudad presentaba su primer libro, <em>El Robinson urbano<\/em>, asistido por Jos\u00e9 Carlos Rosales. Arturo Cid al saxo y Luis Poyatos al piano remataron la presentaci\u00f3n, imagino que con esas piezas de jazz que el columnista adora. El acto formaba parte de una serie de actividades del Centro que se hab\u00edan programado bajo el t\u00edtulo \u201cPre-Centenario\u201d. \u00c9sta era la actividad n\u00famero 4 del ciclo, seg\u00fan la invitaci\u00f3n impresa que se distribuy\u00f3.<\/span><\/p>\n<p style=\"text-align: justify;\" data-adtags-visited=\"true\">\u00a0<\/p>\n<p class=\"has-text-align-center\" style=\"text-align: justify;\" data-adtags-visited=\"true\"><img data-recalc-dims=\"1\" decoding=\"async\" class=\"wp-image-8571\" src=\"https:\/\/albertogranados.files.wordpress.com\/2020\/12\/1984-12-16-diario-de-granada-notia-sobre-la-presentacion.jpg?w=640\" alt=\"\" data-attachment-id=\"8571\" data-permalink=\"https:\/\/albertogranados.wordpress.com\/2020\/12\/08\/munoz-molina-y-el-centro-artistico\/1984-12-16-diario-de-granada-notia-sobre-la-presentacion\/\" data-orig-file=\"https:\/\/albertogranados.files.wordpress.com\/2020\/12\/1984-12-16-diario-de-granada-notia-sobre-la-presentacion.jpg\" data-orig-size=\"673,2357\" data-comments-opened=\"1\" data-image-meta=\"{&quot;aperture&quot;:&quot;2.8&quot;,&quot;credit&quot;:&quot;&quot;,&quot;camera&quot;:&quot;LG-H340n&quot;,&quot;caption&quot;:&quot;&quot;,&quot;created_timestamp&quot;:&quot;1542527267&quot;,&quot;copyright&quot;:&quot;&quot;,&quot;focal_length&quot;:&quot;3.32&quot;,&quot;iso&quot;:&quot;100&quot;,&quot;shutter_speed&quot;:&quot;0.0074626865671642&quot;,&quot;title&quot;:&quot;&quot;,&quot;orientation&quot;:&quot;1&quot;}\" data-image-title=\"1984 12 16 Diario de Granada Notia sobre la presentaci\u00f3n\" data-image-description=\"\" data-medium-file=\"https:\/\/albertogranados.files.wordpress.com\/2020\/12\/1984-12-16-diario-de-granada-notia-sobre-la-presentacion.jpg?w=86\" data-large-file=\"https:\/\/albertogranados.files.wordpress.com\/2020\/12\/1984-12-16-diario-de-granada-notia-sobre-la-presentacion.jpg?w=292\" \/><\/p>\n<p id=\"inline-ad-2\" class=\"inline-ad-slot\" style=\"text-align: justify;\" data-adtags-width=\"560\" data-adtags-visited=\"true\">\u00a0<\/p>\n<p style=\"text-align: justify;\" data-adtags-visited=\"true\">\u00a0<\/p>\n<p class=\"has-text-align-justify\" style=\"text-align: justify;\" data-adtags-visited=\"true\"><span class=\"has-inline-color has-vivid-red-color\"><em>Diario de Granada<\/em> de esa fecha inserta un breve en la p\u00e1gina 13 anunciando el acto. Curiosamente, en esa misma p\u00e1gina se da noticia de dos actividades de la noche anterior: la presentaci\u00f3n del poemario <em>Troppo Mare<\/em>, de Javier Egea, por Rafael Alberti, y una conferencia de don Emilio Orozco sobre san Juan de la Cruz, en el propio Centro Art\u00edstico. El mismo peri\u00f3dico public\u00f3 al d\u00eda siguiente una nota sin firma, informando sobre el acto. La nota termina: \u00abPor \u00faltimo se refiri\u00f3 al Centro Art\u00edstico \u201cpresente sin saberlo en este libro\u201d.\u00bb. El 15 de marzo de 1985, el suplemento literario del Diario, <em>Cuadernos del Mediod\u00eda<\/em> (n\u00ba 191, pp. 18 y 19), insert\u00f3 dos art\u00edculos sobre <em>El Robinson urbano<\/em>, firmados por Pablo Alc\u00e1zar (<em>El fulgor de Robinson<\/em>) y Juan Mata (<em>Viajero en una ciudad invisible<\/em>).<\/span><\/p>\n<p style=\"text-align: justify;\" data-adtags-visited=\"true\">\u00a0<\/p>\n<p class=\"has-text-align-center\" style=\"text-align: justify;\" data-adtags-visited=\"true\"><img data-recalc-dims=\"1\" decoding=\"async\" class=\"wp-image-8572\" src=\"https:\/\/albertogranados.files.wordpress.com\/2020\/12\/rosales.jpg?w=640\" alt=\"\" data-attachment-id=\"8572\" data-permalink=\"https:\/\/albertogranados.wordpress.com\/2020\/12\/08\/munoz-molina-y-el-centro-artistico\/rosales\/\" data-orig-file=\"https:\/\/albertogranados.files.wordpress.com\/2020\/12\/rosales.jpg\" data-orig-size=\"1654,2338\" data-comments-opened=\"1\" data-image-meta=\"{&quot;aperture&quot;:&quot;0&quot;,&quot;credit&quot;:&quot;&quot;,&quot;camera&quot;:&quot;&quot;,&quot;caption&quot;:&quot;&quot;,&quot;created_timestamp&quot;:&quot;0&quot;,&quot;copyright&quot;:&quot;&quot;,&quot;focal_length&quot;:&quot;0&quot;,&quot;iso&quot;:&quot;0&quot;,&quot;shutter_speed&quot;:&quot;0&quot;,&quot;title&quot;:&quot;&quot;,&quot;orientation&quot;:&quot;0&quot;}\" data-image-title=\"Rosales\" data-image-description=\"\" data-medium-file=\"https:\/\/albertogranados.files.wordpress.com\/2020\/12\/rosales.jpg?w=212\" data-large-file=\"https:\/\/albertogranados.files.wordpress.com\/2020\/12\/rosales.jpg?w=560\" \/><\/p>\n<p id=\"inline-ad-3\" class=\"inline-ad-slot\" style=\"text-align: justify;\" data-adtags-width=\"560\" data-adtags-visited=\"true\">\u00a0<\/p>\n<p class=\"has-text-align-justify\" style=\"text-align: justify;\" data-adtags-visited=\"true\"><span class=\"has-inline-color has-vivid-red-color\">Por su parte, <em>Olvidos de Granada<\/em>, en su quinta entrega (febrero de 1985) incluy\u00f3 dos art\u00edculos sobre el libro. En la p\u00e1gina 12, se reproduce el texto le\u00eddo por Rosales en la presentaci\u00f3n. En los p\u00e1rrafos finales, el poeta dice:<\/span><\/p>\n<p class=\"has-text-align-justify\" style=\"text-align: justify;\" data-adtags-visited=\"true\"><span class=\"has-inline-color has-vivid-red-color\">\u00ab<em>Evidente<\/em> e <em>inaudito<\/em> que ahora mismo Robinson y Apolodoro, en una sala de billar situada muy por encima de nosotros, en este Centro Art\u00edstico que aparentemente navega a la deriva, jueguen inalterables una eterna partida a la americana. Una partida a la que no estamos invitados, ni siquiera como espectadores. Bastar\u00eda guardar silencio unos segundos para escuchar desde aqu\u00ed el ruido intermitente de las carambolas, el suave deslizar de las pisadas, los breves comentarios\u00bb.<\/span><\/p>\n<p style=\"text-align: justify;\" data-adtags-visited=\"true\">\u00a0<\/p>\n<p class=\"has-text-align-center\" style=\"text-align: justify;\" data-adtags-visited=\"true\"><img data-recalc-dims=\"1\" decoding=\"async\" class=\"wp-image-8573\" src=\"https:\/\/albertogranados.files.wordpress.com\/2020\/12\/j-navarro.jpg?w=640\" alt=\"\" data-attachment-id=\"8573\" data-permalink=\"https:\/\/albertogranados.wordpress.com\/2020\/12\/08\/munoz-molina-y-el-centro-artistico\/j-navarro\/\" data-orig-file=\"https:\/\/albertogranados.files.wordpress.com\/2020\/12\/j-navarro.jpg\" data-orig-size=\"1654,2338\" data-comments-opened=\"1\" data-image-meta=\"{&quot;aperture&quot;:&quot;0&quot;,&quot;credit&quot;:&quot;&quot;,&quot;camera&quot;:&quot;&quot;,&quot;caption&quot;:&quot;&quot;,&quot;created_timestamp&quot;:&quot;0&quot;,&quot;copyright&quot;:&quot;&quot;,&quot;focal_length&quot;:&quot;0&quot;,&quot;iso&quot;:&quot;0&quot;,&quot;shutter_speed&quot;:&quot;0&quot;,&quot;title&quot;:&quot;&quot;,&quot;orientation&quot;:&quot;0&quot;}\" data-image-title=\"Justo Navarro en Olvidos de Granada\" data-image-description=\"\" data-medium-file=\"https:\/\/albertogranados.files.wordpress.com\/2020\/12\/j-navarro.jpg?w=212\" data-large-file=\"https:\/\/albertogranados.files.wordpress.com\/2020\/12\/j-navarro.jpg?w=560\" \/><\/p>\n<p id=\"inline-ad-4\" class=\"inline-ad-slot\" style=\"text-align: justify;\" data-adtags-width=\"560\" data-adtags-visited=\"true\">\u00a0<\/p>\n<p style=\"text-align: justify;\" data-adtags-visited=\"true\">\u00a0<\/p>\n<p class=\"has-text-align-justify\" style=\"text-align: justify;\" data-adtags-visited=\"true\">\u00a0\u00a0\u00a0\u00a0\u00a0\u00a0\u00a0\u00a0\u00a0\u00a0\u00a0\u00a0\u00a0\u00a0\u00a0\u00a0\u00a0\u00a0\u00a0 <span class=\"has-inline-color has-vivid-red-color\">En la p\u00e1gina siguiente, el novelista granadino Justo Navarro, firma un art\u00edculo, <em>Notas sobre Antonio Mu\u00f1oz Molina<\/em>, en que resalta la calidad del libro.<\/span><\/p>\n<p style=\"text-align: justify;\" data-adtags-visited=\"true\"><span class=\"has-inline-color has-vivid-red-color\">Es costumbre que el autor de un libro presentado en el CALC done un ejemplar dedicado a la instituci\u00f3n y firme en un libro de honor. No he conseguido localizar estas dedicatorias, pese a mi indagaci\u00f3n en la Biblioteca del Sal\u00f3n y en el Archivo Municipal.<\/span><\/p>\n<p class=\"has-text-align-justify\" style=\"text-align: justify;\" data-adtags-visited=\"true\"><span class=\"has-inline-color has-vivid-red-color\">La segunda comparecencia de Mu\u00f1oz Molina en el Centro Art\u00edstico est\u00e1 menos documentada: se trata de una lectura po\u00e9tica de su amigo Jos\u00e9 Guti\u00e9rrez, en la que el novelista ejerci\u00f3 de presentador. El acto tuvo lugar el d\u00eda 30 de noviembre de 1985.<\/span><\/p>\n<p style=\"text-align: justify;\" data-adtags-visited=\"true\">\u00a0<\/p>\n<p class=\"has-text-align-center\" style=\"text-align: justify;\" data-adtags-visited=\"true\"><img data-recalc-dims=\"1\" decoding=\"async\" class=\"wp-image-8574\" src=\"https:\/\/albertogranados.files.wordpress.com\/2020\/12\/1984-12-15-invitacion-lectura-poetica-de-jose-gutierrez.jpg?w=640\" alt=\"\" data-attachment-id=\"8574\" data-permalink=\"https:\/\/albertogranados.wordpress.com\/2020\/12\/08\/munoz-molina-y-el-centro-artistico\/1984-12-15-invitacion-lectura-poetica-de-jose-gutierrez\/\" data-orig-file=\"https:\/\/albertogranados.files.wordpress.com\/2020\/12\/1984-12-15-invitacion-lectura-poetica-de-jose-gutierrez.jpg\" data-orig-size=\"2175,3197\" data-comments-opened=\"1\" data-image-meta=\"{&quot;aperture&quot;:&quot;1.9&quot;,&quot;credit&quot;:&quot;&quot;,&quot;camera&quot;:&quot;Redmi Note 5&quot;,&quot;caption&quot;:&quot;&quot;,&quot;created_timestamp&quot;:&quot;1580816001&quot;,&quot;copyright&quot;:&quot;&quot;,&quot;focal_length&quot;:&quot;3.94&quot;,&quot;iso&quot;:&quot;160&quot;,&quot;shutter_speed&quot;:&quot;0.01&quot;,&quot;title&quot;:&quot;&quot;,&quot;orientation&quot;:&quot;1&quot;}\" data-image-title=\"1984 12 15 Invitaci\u00f3n Lectura po\u00e9tica de Jos\u00e9 Guti\u00e9rrez\" data-image-description=\"\" data-medium-file=\"https:\/\/albertogranados.files.wordpress.com\/2020\/12\/1984-12-15-invitacion-lectura-poetica-de-jose-gutierrez.jpg?w=204\" data-large-file=\"https:\/\/albertogranados.files.wordpress.com\/2020\/12\/1984-12-15-invitacion-lectura-poetica-de-jose-gutierrez.jpg?w=560\" \/><\/p>\n<p id=\"inline-ad-5\" class=\"inline-ad-slot\" style=\"text-align: justify;\" data-adtags-width=\"560\" data-adtags-visited=\"true\">\u00a0<\/p>\n<p style=\"text-align: justify;\" data-adtags-visited=\"true\">\u00a0<\/p>\n<p class=\"has-text-align-justify\" style=\"text-align: justify;\" data-adtags-visited=\"true\"><span class=\"has-inline-color has-vivid-red-color\">Un dato m\u00e1s: <em>Olvidos de Granada<\/em>, en el n\u00famero 16 (sin fecha constatable, aunque de 1987) ofrece un art\u00edculo del columnista: <em>Primera cr\u00f3nica de una sociedad secreta<\/em>, en que comenta el nacimiento de un llamado Club de Jazz de Granada. En el art\u00edculo puede leerse:<\/span><\/p>\n<p class=\"has-text-align-justify\" style=\"text-align: justify;\" data-adtags-visited=\"true\"><span class=\"has-inline-color has-vivid-red-color\">\u00abEl Club de Jazz de Granada, del que dicen cr\u00f3nicas que sali\u00f3 a la luz p\u00fablica del mundo el pasado trece de marzo, y no en cualquier parte, sino en el bar \u2014medio s\u00f3tano y medio mausoleo, con un cierto aire de <em>Speak-easy<\/em> del Centro Art\u00edstico, Literario y Cient\u00edfico de Granada\u2014, cuyos socios fundadores parece que se revolvieron ligeramente en sus tumbas al ritmo de la desaforada <em>jam session<\/em> con que se inaugur\u00f3 el club\u00bb. Y m\u00e1s adelante: \u00abA nadie le cerr\u00f3 sus puertas el club. Raro ser\u00eda, cuando su fundamento es una m\u00fasica que las contiene a todas y que desde el sagrado delta del Misisip\u00ed \u2014El<em> Old man<\/em> de los blues y de William Faulkner se ha establecido en el mundo como una de las dos artes del siglo XX\u2014 y la otra es el cine\u00bb.<\/span><\/p>\n<p style=\"text-align: justify;\" data-adtags-visited=\"true\">\u00a0<\/p>\n<p class=\"has-text-align-center\" style=\"text-align: justify;\" data-adtags-visited=\"true\"><img data-recalc-dims=\"1\" decoding=\"async\" class=\"wp-image-8577\" src=\"https:\/\/albertogranados.files.wordpress.com\/2020\/12\/munoz-molina-en-olvidos.jpg?w=640\" alt=\"\" data-attachment-id=\"8577\" data-permalink=\"https:\/\/albertogranados.wordpress.com\/2020\/12\/08\/munoz-molina-y-el-centro-artistico\/munoz-molina-en-olvidos\/\" data-orig-file=\"https:\/\/albertogranados.files.wordpress.com\/2020\/12\/munoz-molina-en-olvidos.jpg\" data-orig-size=\"1109,1810\" data-comments-opened=\"1\" data-image-meta=\"{&quot;aperture&quot;:&quot;2.8&quot;,&quot;credit&quot;:&quot;&quot;,&quot;camera&quot;:&quot;LG-H340n&quot;,&quot;caption&quot;:&quot;&quot;,&quot;created_timestamp&quot;:&quot;1542112965&quot;,&quot;copyright&quot;:&quot;&quot;,&quot;focal_length&quot;:&quot;3.32&quot;,&quot;iso&quot;:&quot;100&quot;,&quot;shutter_speed&quot;:&quot;0.006993006993007&quot;,&quot;title&quot;:&quot;&quot;,&quot;orientation&quot;:&quot;1&quot;}\" data-image-title=\"Mu\u00f1oz Molina en Olvidos\" data-image-description=\"\" data-medium-file=\"https:\/\/albertogranados.files.wordpress.com\/2020\/12\/munoz-molina-en-olvidos.jpg?w=184\" data-large-file=\"https:\/\/albertogranados.files.wordpress.com\/2020\/12\/munoz-molina-en-olvidos.jpg?w=560\" \/><\/p>\n<p id=\"inline-ad-6\" class=\"inline-ad-slot\" style=\"text-align: justify;\" data-adtags-width=\"560\" data-adtags-visited=\"true\">\u00a0<\/p>\n<p style=\"text-align: justify;\" data-adtags-visited=\"true\">\u00a0<\/p>\n<p class=\"has-text-align-justify\" style=\"text-align: justify;\" data-adtags-visited=\"true\"><span class=\"has-inline-color has-vivid-red-color\">Ignoro qu\u00e9 opini\u00f3n tendr\u00e1 el autor sobre el Centro, su esp\u00edritu, sus socios o sus actividades, pero me pregunto c\u00f3mo habr\u00eda sido su evoluci\u00f3n personal y literaria si no hubiera abandonado Granada. Tal vez lo encontrar\u00edamos por Puerta Real, en una cafeter\u00eda, concierto o sesi\u00f3n de cine. Tal vez ser\u00eda socio del CALC, si no por una decisi\u00f3n propia, por solidarizarse con la llamada de socorro que la Presidenta lanz\u00f3 hace unos a\u00f1os para salvarlo del cierre con la conminatoria afirmaci\u00f3n de que \u00abGranada no tendr\u00eda verg\u00fcenza si deja que se hunda su instituci\u00f3n cultural m\u00e1s antigua\u00bb. Tal vez participar\u00eda activamente en las actividades y nos tomar\u00edamos una cerveza a la salida de alguna presentaci\u00f3n o conferencia\u2026 Tal vez.<\/span><\/p>\n<p class=\"has-text-align-justify\" style=\"text-align: justify;\" data-adtags-visited=\"true\"><span class=\"has-inline-color has-vivid-red-color\">No parecen existir m\u00e1s v\u00ednculos entre autor y Centro, pero el azar o la estad\u00edstica tambi\u00e9n juegan la partida de eso que llamamos la vida y en este caso es necesario hablar de otro v\u00ednculo de naturaleza casi cabal\u00edstica: Mu\u00f1oz Molina ha reflejado en varios textos altamente biogr\u00e1ficos su paso por el \u00e1rea de Cultura del Ayuntamiento, donde compart\u00eda despacho con una compa\u00f1era. No es otra que Celia Correa, la actual Presidenta del CALC, la que sin duda lo habr\u00eda captado como socio en el momento m\u00e1s cr\u00edtico. Como nunca es tarde, yo propongo el nombramiento de Antonio Mu\u00f1oz Molina como Socio Honorario del CALC. Como dir\u00eda su paisano Joaqu\u00edn Sabina: Nos sobran los motivos.<\/span><\/p>\n<p style=\"text-align: justify;\" data-adtags-visited=\"true\"><span class=\"has-inline-color has-black-color\">Alberto Granados<\/span><\/p>\n<p style=\"text-align: justify;\" data-adtags-visited=\"true\">\u00a0<\/p>\n<p style=\"text-align: justify;\" data-adtags-visited=\"true\">NOTA DEL D\u00cdA 10\/12\/2020: Con fecha de hoy, un correo de Antonio Mu\u00f1oz Molina me informa de otra participaci\u00f3n suya en el CALC que yo no ten\u00eda controlada: \u201cHubo, que yo recuerde, otra participaci\u00f3n m\u00eda en el Centro Art\u00edstico, una conferencia introduciendo un recital de Elena Mart\u00edn Vivaldi, creo que hacia el 85, pero no me acuerdo\u201d.<\/p>\n<p style=\"text-align: justify;\" data-adtags-visited=\"true\">Gracias, Antonio. Aclarado queda.<\/p>\n","protected":false},"excerpt":{"rendered":"<p>[dropcap]Ha reconocido que debe su prestigio a las oportunidades que se le abrieron en Granada,&#8230;<\/p>\n","protected":false},"author":1,"featured_media":43941,"comment_status":"closed","ping_status":"closed","sticky":false,"template":"","format":"standard","meta":{"_coblocks_attr":"","_coblocks_dimensions":"","_coblocks_responsive_height":"","_coblocks_accordion_ie_support":"","jetpack_post_was_ever_published":false,"_jetpack_newsletter_access":"","_jetpack_dont_email_post_to_subs":false,"_jetpack_newsletter_tier_id":0,"_jetpack_memberships_contains_paywalled_content":false,"_jetpack_memberships_contains_paid_content":false,"footnotes":"","jetpack_publicize_message":"","jetpack_publicize_feature_enabled":true,"jetpack_social_post_already_shared":false,"jetpack_social_options":{"image_generator_settings":{"template":"highway","default_image_id":0,"enabled":false},"version":2}},"categories":[39,44,6937,15],"tags":[4965,1927,129],"class_list":["post-43940","post","type-post","status-publish","format-standard","has-post-thumbnail","hentry","category-opinion-de-alberto-granados","category-noticias-de-hoy","category-sociedad","category-ultimas-noticias","tag-antonio-munoz-molina","tag-centro-artistico","tag-granada"],"jetpack_publicize_connections":[],"jetpack_featured_media_url":"https:\/\/i0.wp.com\/miradordeatarfe.es\/wp-content\/uploads\/2020\/12\/antonio-monioz-molina-644x362-2.jpg?fit=518%2C342&ssl=1","jetpack_likes_enabled":true,"jetpack_sharing_enabled":true,"_links":{"self":[{"href":"https:\/\/miradordeatarfe.es\/index.php?rest_route=\/wp\/v2\/posts\/43940","targetHints":{"allow":["GET"]}}],"collection":[{"href":"https:\/\/miradordeatarfe.es\/index.php?rest_route=\/wp\/v2\/posts"}],"about":[{"href":"https:\/\/miradordeatarfe.es\/index.php?rest_route=\/wp\/v2\/types\/post"}],"author":[{"embeddable":true,"href":"https:\/\/miradordeatarfe.es\/index.php?rest_route=\/wp\/v2\/users\/1"}],"replies":[{"embeddable":true,"href":"https:\/\/miradordeatarfe.es\/index.php?rest_route=%2Fwp%2Fv2%2Fcomments&post=43940"}],"version-history":[{"count":1,"href":"https:\/\/miradordeatarfe.es\/index.php?rest_route=\/wp\/v2\/posts\/43940\/revisions"}],"predecessor-version":[{"id":43942,"href":"https:\/\/miradordeatarfe.es\/index.php?rest_route=\/wp\/v2\/posts\/43940\/revisions\/43942"}],"wp:featuredmedia":[{"embeddable":true,"href":"https:\/\/miradordeatarfe.es\/index.php?rest_route=\/wp\/v2\/media\/43941"}],"wp:attachment":[{"href":"https:\/\/miradordeatarfe.es\/index.php?rest_route=%2Fwp%2Fv2%2Fmedia&parent=43940"}],"wp:term":[{"taxonomy":"category","embeddable":true,"href":"https:\/\/miradordeatarfe.es\/index.php?rest_route=%2Fwp%2Fv2%2Fcategories&post=43940"},{"taxonomy":"post_tag","embeddable":true,"href":"https:\/\/miradordeatarfe.es\/index.php?rest_route=%2Fwp%2Fv2%2Ftags&post=43940"}],"curies":[{"name":"wp","href":"https:\/\/api.w.org\/{rel}","templated":true}]}}